{"id":95148,"date":"2023-03-19T12:28:53","date_gmt":"2023-03-19T15:28:53","guid":{"rendered":"https:\/\/www.jornalja.com.br\/geral\/?p=95148"},"modified":"2024-12-09T20:12:18","modified_gmt":"2024-12-09T23:12:18","slug":"desfiles-e-apresentacoes-em-dois-domingos-para-marcar-os-45-anos-do-brique-da-redencao","status":"publish","type":"post","link":"https:\/\/www.jornalja.com.br\/geral\/desfiles-e-apresentacoes-em-dois-domingos-para-marcar-os-45-anos-do-brique-da-redencao\/","title":{"rendered":"Desfiles e apresenta\u00e7\u00f5es em dois domingos para marcar os 45 anos do Brique da Reden\u00e7\u00e3o"},"content":{"rendered":"<p>Nos pr\u00f3ximos domingos, 19 e 26 de mar\u00e7o, o Brique da Reden\u00e7\u00e3o apresenta sua programa\u00e7\u00e3o comemorativa dos 45 anos da feira. As festividades s\u00e3o abertas ao p\u00fablico e gratuitas. No dia 19 est\u00e3o previstas homenagens, apresenta\u00e7\u00f5es musicais e de dan\u00e7a das 10h30 \u00e0s 15h. J\u00e1 no dia 26 acontece o tradicional desfile com carros antigos at\u00e9 o meio-dia. A programa\u00e7\u00e3o \u00e9 uma organiza\u00e7\u00e3o da Prefeitura de Porto Alegre, por meio da Secretaria Municipal de Desenvolvimento Econ\u00f4mico e Turismo (SMDET) e da Comiss\u00e3o Deliberativa do Brique da Reden\u00e7\u00e3o.<\/p>\n<p>A presidente da Comiss\u00e3o, Renita Stieler, que gerencia o andamento do Brique junto aos expositores e a Secretaria Municipal, avalia que ap\u00f3s os 45 anos de sua funda\u00e7\u00e3o, hoje a feira \u00e9 um lugar que sabe a import\u00e2ncia que ocupa na vida das pessoas. \u201cN\u00f3s escutamos isso tamb\u00e9m de turistas de outros estados e at\u00e9 de fora do pa\u00eds. Notamos que \u00e9 especial no imagin\u00e1rio das pessoas\u201d, completa.<\/p>\n<p>O maior segmento de expositores na feira \u00e9 o de artesanato, com 180 bancas, seguido de 66 de antiguidades, 26 de artes pl\u00e1sticas e seis de espa\u00e7os gastron\u00f4micos. A secret\u00e1ria da SMDET, Julia Evangelista Tavares, explica que a pasta \u00e9 quem regulariza os expositores, faz o gerenciamento e a fiscaliza\u00e7\u00e3o do Brique. \u201cTemos uma feira muito bem organizada e consolidada no nosso munic\u00edpio, afinal, s\u00e3o 45 anos de muito trabalho e dedica\u00e7\u00e3o ao trabalho manual. Muitas fam\u00edlias dependem dos neg\u00f3cios no Brique\u201d, destacou.<\/p>\n<p>O Brique foi criado em 1978 acima do Parque Farroupilha e desde 1982 funciona no canteiro central na extens\u00e3o da avenida Jos\u00e9 Bonif\u00e1cio. Foi fundado como uma feira a c\u00e9u aberto inspirado no modelo do Mercado de Pulgas em Montevid\u00e9u e na Feira de San Telmo em Buenos Aires. Em 2005 foi sancionada a lei que declara o Brique da Reden\u00e7\u00e3o patrim\u00f4nio cultural do Estado.<\/p>\n<p>Desde sua cria\u00e7\u00e3o, o Brique conquistou um status tradicional, sendo visto tamb\u00e9m como um local de passeio com a fam\u00edlia e de conviv\u00eancia com a comunidade de expositores e artistas locais. Renita Stieler explica o motivo de, segundo ela, o Brique ter conquistado um lugar no cora\u00e7\u00e3o dos frequentadores. \u201cTemos uma gama de coisas que fizeram parte da vida das pessoas. \u2018A minha av\u00f3 tinha\u2019, \u2018a minha tia tinha\u2019, \u2018eu ganhei isso quando fiz 15 anos\u2019. S\u00e3o frases que a gente escuta e que nos remete \u00e0 viv\u00eancia dessas pessoas. Elas recordam tudo isso ali conosco\u201d.<\/p>\n<p>Programa\u00e7\u00e3o completa:<\/p>\n<p>19\/3 &#8211; domingo:<br \/>\n10h30 &#8211; Homenagem aos expositores fundadores<br \/>\nAgradecimentos e entrega da encomenda \u201cAmigo do Brique\u201d<br \/>\nParab\u00e9ns musical alusivo aos 45 anos do Brique da Reden\u00e7\u00e3o\/Antiqu\u00e1rios.<br \/>\n11h &#8211; Concerto Campestre com a Orquestra Jovem do Rio Grande do Sul sob a reg\u00eancia do maestro Telmo Jaconi.<br \/>\n12h30 &#8211; Apresenta\u00e7\u00e3o de m\u00fasica e dan\u00e7a do Conjunto de Folclore Internacional \u201cOs Ga\u00fachos\u201d.<br \/>\n14h &#8211; Show de Samba com Carlinhos Presidente.<br \/>\n15h &#8211; Show do Gaiteiro Lipsen.<\/p>\n<p>26\/3, domingo:<br \/>\n10h30 &#8211; Desfile e chegada de caravana com os carros antigos do Veteran Car Clube\/RS de Porto Alegre, com exposi\u00e7\u00e3o dos carros antigos at\u00e9 12h.<\/p>\n<p>(Com informa\u00e7\u00f5es da Assessoria de Imprensa)<\/p>\n","protected":false},"excerpt":{"rendered":"<p>Nos pr\u00f3ximos domingos, 19 e 26 de mar\u00e7o, o Brique da Reden\u00e7\u00e3o apresenta sua programa\u00e7\u00e3o comemorativa dos 45 anos da feira. As festividades s\u00e3o abertas ao p\u00fablico e gratuitas. No dia 19 est\u00e3o previstas homenagens, apresenta\u00e7\u00f5es musicais e de dan\u00e7a das 10h30 \u00e0s 15h. J\u00e1 no dia 26 acontece o tradicional desfile com carros antigos [&hellip;]<\/p>\n","protected":false},"author":4,"featured_media":95150,"comment_status":"open","ping_status":"open","sticky":false,"template":"","format":"standard","meta":{"jetpack_post_was_ever_published":false,"_jetpack_newsletter_access":"","_jetpack_dont_email_post_to_subs":false,"_jetpack_newsletter_tier_id":0,"_jetpack_memberships_contains_paywalled_content":false,"_jetpack_memberships_contains_paid_content":false,"footnotes":"","jetpack_publicize_message":"","jetpack_publicize_feature_enabled":true,"jetpack_social_post_already_shared":true,"jetpack_social_options":{"image_generator_settings":{"template":"highway","default_image_id":0,"font":"","enabled":false},"version":2}},"categories":[2],"tags":[87,269,225,86,256,4,534,132,300,267,479,486,14,15,149,95,278],"class_list":["post-95148","post","type-post","status-publish","format-standard","has-post-thumbnail","hentry","category-geral","tag-ari","tag-artes","tag-caravana","tag-cultura","tag-desenvolvimento","tag-imprensa","tag-parque-farroupilha","tag-porto-alegre","tag-prefeitura","tag-prefeitura-de-porto-alegre","tag-red","tag-redencao","tag-rio-grande-do-sul","tag-rs","tag-sc","tag-sp","tag-turismo"],"aioseo_notices":[],"jetpack_publicize_connections":[],"jetpack_featured_media_url":"https:\/\/www.jornalja.com.br\/geral\/wp-content\/uploads\/sites\/4\/2023\/03\/brique-da-redencao.jpg","jetpack_shortlink":"https:\/\/wp.me\/pbKhrD-oKE","jetpack-related-posts":[{"id":88150,"url":"https:\/\/www.jornalja.com.br\/geral\/brique-da-redencao-vai-funcionar-neste-feriado\/","url_meta":{"origin":95148,"position":0},"title":"Brique da Reden\u00e7\u00e3o vai funcionar neste feriado","author":"Guilherme Hagel","date":"3 de junho de 2021","format":false,"excerpt":"Estar\u00e3o abertos ao p\u00fablico neste feriado de Corpus Christi, quinta-feira(3), o Brique da Reden\u00e7\u00e3o e Brique de s\u00e1bado, o hor\u00e1rio de funcionamento ser\u00e1 das 9h \u00e0s 17h, localizado na avenida Jos\u00e9 Bonif\u00e1cio. A feira \u00e9 uma realiza\u00e7\u00e3o dos artes\u00e3os e feirantes em conjunto com a Secretaria Municipal de Desenvolvimento e\u2026","rel":"","context":"Em &quot;Geral-NOTAS&quot;","block_context":{"text":"Geral-NOTAS","link":"https:\/\/www.jornalja.com.br\/geral\/category\/geral-notas\/"},"img":{"alt_text":"","src":"","width":0,"height":0},"classes":[]},{"id":90197,"url":"https:\/\/www.jornalja.com.br\/geral\/prefeitura-inicia-celebracao-dos-250-anos-de-porto-alegre-neste-domingo-na-redencao\/","url_meta":{"origin":95148,"position":1},"title":"Prefeitura inicia celebra\u00e7\u00e3o dos 250 anos de Porto Alegre neste domingo na Reden\u00e7\u00e3o","author":"da Reda\u00e7\u00e3o","date":"24 de setembro de 2021","format":false,"excerpt":"Ser\u00e1 lan\u00e7ado neste domingo, dia 26, o calend\u00e1rio oficial de eventos e o selo comemorativo dos 250 anos de Porto Alegre. O evento ser\u00e1 na Reden\u00e7\u00e3o, \u00e0s 11h, junto ao Monumento do Expedicion\u00e1rio\u00a0 e\u00a0 contar\u00e1 com a participa\u00e7\u00e3o do prefeito, Sebasti\u00e3o Melo, de secret\u00e1rios municipais, autoridades locais e atra\u00e7\u00f5es musicais.\u2026","rel":"","context":"Em &quot;Geral-MAT\u00c9RIA&quot;","block_context":{"text":"Geral-MAT\u00c9RIA","link":"https:\/\/www.jornalja.com.br\/geral\/category\/geral\/"},"img":{"alt_text":"","src":"https:\/\/i0.wp.com\/www.jornalja.com.br\/geral\/wp-content\/uploads\/sites\/4\/2021\/09\/whatsapp20image202019-02-0720at20160414.jpeg?resize=350%2C200&ssl=1","width":350,"height":200,"srcset":"https:\/\/i0.wp.com\/www.jornalja.com.br\/geral\/wp-content\/uploads\/sites\/4\/2021\/09\/whatsapp20image202019-02-0720at20160414.jpeg?resize=350%2C200&ssl=1 1x, https:\/\/i0.wp.com\/www.jornalja.com.br\/geral\/wp-content\/uploads\/sites\/4\/2021\/09\/whatsapp20image202019-02-0720at20160414.jpeg?resize=525%2C300&ssl=1 1.5x, https:\/\/i0.wp.com\/www.jornalja.com.br\/geral\/wp-content\/uploads\/sites\/4\/2021\/09\/whatsapp20image202019-02-0720at20160414.jpeg?resize=700%2C400&ssl=1 2x"},"classes":[]},{"id":90217,"url":"https:\/\/www.jornalja.com.br\/geral\/lancamento-do-calendario-dos-250-anos-de-porto-alegre-teve-festejos-e-bate-boca\/","url_meta":{"origin":95148,"position":2},"title":"Lan\u00e7amento do calend\u00e1rio dos 250 anos de Porto Alegre teve festejos e bate-boca","author":"da Reda\u00e7\u00e3o","date":"27 de setembro de 2021","format":false,"excerpt":"Nem s\u00f3 festas e apresenta\u00e7\u00f5es marcaram o lan\u00e7amento da agenda de atra\u00e7\u00f5es dos 250 anos de Porto Alegre, neste domingo no Parque da Reden\u00e7\u00e3o. A jornalista Rosane de Oliveira, relatou na Zero Hora,\u00a0 o descontentamento do prefeito Sebasti\u00e3o Melo frente aos protestos de sindicalistas e outros movimentos de esquerda. Segundo\u2026","rel":"","context":"Em &quot;Geral-MAT\u00c9RIA&quot;","block_context":{"text":"Geral-MAT\u00c9RIA","link":"https:\/\/www.jornalja.com.br\/geral\/category\/geral\/"},"img":{"alt_text":"","src":"https:\/\/i0.wp.com\/www.jornalja.com.br\/geral\/wp-content\/uploads\/sites\/4\/2021\/09\/a32a9659-1.jpg?resize=350%2C200&ssl=1","width":350,"height":200,"srcset":"https:\/\/i0.wp.com\/www.jornalja.com.br\/geral\/wp-content\/uploads\/sites\/4\/2021\/09\/a32a9659-1.jpg?resize=350%2C200&ssl=1 1x, https:\/\/i0.wp.com\/www.jornalja.com.br\/geral\/wp-content\/uploads\/sites\/4\/2021\/09\/a32a9659-1.jpg?resize=525%2C300&ssl=1 1.5x, https:\/\/i0.wp.com\/www.jornalja.com.br\/geral\/wp-content\/uploads\/sites\/4\/2021\/09\/a32a9659-1.jpg?resize=700%2C400&ssl=1 2x"},"classes":[]},{"id":91962,"url":"https:\/\/www.jornalja.com.br\/geral\/maria-rita-e-baile-da-cidade-marcam-o-aniversario-de-porto-alegre-neste-sabado-na-redencao\/","url_meta":{"origin":95148,"position":3},"title":"Maria Rita e Baile da cidade marcam o anivers\u00e1rio de Porto Alegre neste s\u00e1bado na Reden\u00e7\u00e3o","author":"da Reda\u00e7\u00e3o","date":"24 de mar\u00e7o de 2022","format":false,"excerpt":"Ocorre no pr\u00f3ximo s\u00e1bado, na Reden\u00e7\u00e3o, em comemora\u00e7\u00f5es dos 250 anos da Capital, o Baile da Cidade. As apresenta\u00e7\u00f5es se iniciam \u00e0s 17h (ver programa\u00e7\u00e3o abaixo). O show da cantora Maria Rita, principal atra\u00e7\u00e3o da noite, come\u00e7a \u00e0s 20h. A entrada \u00e9 gratuita. A filha de Elis Regina tamb\u00e9m ser\u00e1\u2026","rel":"","context":"Em &quot;Geral-MAT\u00c9RIA&quot;","block_context":{"text":"Geral-MAT\u00c9RIA","link":"https:\/\/www.jornalja.com.br\/geral\/category\/geral\/"},"img":{"alt_text":"","src":"https:\/\/i0.wp.com\/www.jornalja.com.br\/geral\/wp-content\/uploads\/sites\/4\/2022\/03\/180124-eduardo-beleke-1.jpg?resize=350%2C200&ssl=1","width":350,"height":200,"srcset":"https:\/\/i0.wp.com\/www.jornalja.com.br\/geral\/wp-content\/uploads\/sites\/4\/2022\/03\/180124-eduardo-beleke-1.jpg?resize=350%2C200&ssl=1 1x, https:\/\/i0.wp.com\/www.jornalja.com.br\/geral\/wp-content\/uploads\/sites\/4\/2022\/03\/180124-eduardo-beleke-1.jpg?resize=525%2C300&ssl=1 1.5x, https:\/\/i0.wp.com\/www.jornalja.com.br\/geral\/wp-content\/uploads\/sites\/4\/2022\/03\/180124-eduardo-beleke-1.jpg?resize=700%2C400&ssl=1 2x"},"classes":[]},{"id":91892,"url":"https:\/\/www.jornalja.com.br\/geral\/confira-os-principais-eventos-da-semana-dos-250-anos-de-porto-alegre\/","url_meta":{"origin":95148,"position":4},"title":"Confira os principais eventos da semana dos 250 anos de Porto Alegre","author":"da Reda\u00e7\u00e3o","date":"20 de mar\u00e7o de 2022","format":false,"excerpt":"Inicia nesta quarta-feira, 23 de mar\u00e7o de 2022,\u00a0 a Semana dos 250 anos de Porto Alegre\". O per\u00edodo ser\u00e1 marcado por diversas atra\u00e7\u00f5es e eventos promovidos ou realizados com o apoio da prefeitura da Capital. A programa\u00e7\u00e3o completa est\u00e1 dispon\u00edvel no site\u00a0poa250anos.com.br. Veja alguns dos principais eventos Dia 23 \u2013\u2026","rel":"","context":"Em &quot;Geral-MAT\u00c9RIA&quot;","block_context":{"text":"Geral-MAT\u00c9RIA","link":"https:\/\/www.jornalja.com.br\/geral\/category\/geral\/"},"img":{"alt_text":"","src":"https:\/\/i0.wp.com\/www.jornalja.com.br\/geral\/wp-content\/uploads\/sites\/4\/2022\/03\/hipoa-baile-da-cidade-ana-rita.jpg?resize=350%2C200&ssl=1","width":350,"height":200,"srcset":"https:\/\/i0.wp.com\/www.jornalja.com.br\/geral\/wp-content\/uploads\/sites\/4\/2022\/03\/hipoa-baile-da-cidade-ana-rita.jpg?resize=350%2C200&ssl=1 1x, https:\/\/i0.wp.com\/www.jornalja.com.br\/geral\/wp-content\/uploads\/sites\/4\/2022\/03\/hipoa-baile-da-cidade-ana-rita.jpg?resize=525%2C300&ssl=1 1.5x, https:\/\/i0.wp.com\/www.jornalja.com.br\/geral\/wp-content\/uploads\/sites\/4\/2022\/03\/hipoa-baile-da-cidade-ana-rita.jpg?resize=700%2C400&ssl=1 2x"},"classes":[]},{"id":85057,"url":"https:\/\/www.jornalja.com.br\/geral\/decreto-autoriza-volta-das-feiras-em-porto-alegre\/","url_meta":{"origin":95148,"position":5},"title":"Decreto autoriza volta das feiras em Porto Alegre","author":"da Reda\u00e7\u00e3o","date":"27 de agosto de 2020","format":false,"excerpt":"Ainda que a pandemia do novo coronav\u00edrus n\u00e3o esteja controlada, a Prefeitura de Porto Alegre alterou o Decreto 20.625, de 23 de junho, permitindo a realiza\u00e7\u00e3o das feiras fixas, artesanatos e hortifrutigranjeiros. Publicado no Di\u00e1rio Oficial de Porto Alegre (Dopa) nesta quinta-feira, 27, o decreto prev\u00ea novas regras, a partir\u2026","rel":"","context":"Em &quot;Geral-NOTAS&quot;","block_context":{"text":"Geral-NOTAS","link":"https:\/\/www.jornalja.com.br\/geral\/category\/geral-notas\/"},"img":{"alt_text":"","src":"","width":0,"height":0},"classes":[]}],"jetpack_sharing_enabled":true,"_links":{"self":[{"href":"https:\/\/www.jornalja.com.br\/geral\/wp-json\/wp\/v2\/posts\/95148","targetHints":{"allow":["GET"]}}],"collection":[{"href":"https:\/\/www.jornalja.com.br\/geral\/wp-json\/wp\/v2\/posts"}],"about":[{"href":"https:\/\/www.jornalja.com.br\/geral\/wp-json\/wp\/v2\/types\/post"}],"author":[{"embeddable":true,"href":"https:\/\/www.jornalja.com.br\/geral\/wp-json\/wp\/v2\/users\/4"}],"replies":[{"embeddable":true,"href":"https:\/\/www.jornalja.com.br\/geral\/wp-json\/wp\/v2\/comments?post=95148"}],"version-history":[{"count":1,"href":"https:\/\/www.jornalja.com.br\/geral\/wp-json\/wp\/v2\/posts\/95148\/revisions"}],"predecessor-version":[{"id":95151,"href":"https:\/\/www.jornalja.com.br\/geral\/wp-json\/wp\/v2\/posts\/95148\/revisions\/95151"}],"wp:featuredmedia":[{"embeddable":true,"href":"https:\/\/www.jornalja.com.br\/geral\/wp-json\/wp\/v2\/media\/95150"}],"wp:attachment":[{"href":"https:\/\/www.jornalja.com.br\/geral\/wp-json\/wp\/v2\/media?parent=95148"}],"wp:term":[{"taxonomy":"category","embeddable":true,"href":"https:\/\/www.jornalja.com.br\/geral\/wp-json\/wp\/v2\/categories?post=95148"},{"taxonomy":"post_tag","embeddable":true,"href":"https:\/\/www.jornalja.com.br\/geral\/wp-json\/wp\/v2\/tags?post=95148"}],"curies":[{"name":"wp","href":"https:\/\/api.w.org\/{rel}","templated":true}]}}