{"id":95173,"date":"2023-04-11T16:39:17","date_gmt":"2023-04-11T19:39:17","guid":{"rendered":"https:\/\/www.jornalja.com.br\/geral\/?p=95173"},"modified":"2023-04-11T19:23:46","modified_gmt":"2023-04-11T22:23:46","slug":"servidores-alegam-falta-de-respeito-e-paralisam-defensoria-publica-nesta-quarta-feira","status":"publish","type":"post","link":"https:\/\/www.jornalja.com.br\/geral\/servidores-alegam-falta-de-respeito-e-paralisam-defensoria-publica-nesta-quarta-feira\/","title":{"rendered":"Servidores alegam falta de respeito e paralisam Defensoria P\u00fablica nesta quarta-feira"},"content":{"rendered":"<p>Os servidores da Defensoria P\u00fablica do Estado do Rio Grande do Sul (DPE\/RS) ir\u00e3o paralisar suas atividades nesta quarta-feira (12).<\/p>\n<p>A decis\u00e3o foi tomada\u00a0 na Assembleia Geral realizada na \u00faltima quinta-feira (06), ap\u00f3s a administra\u00e7\u00e3o da institui\u00e7\u00e3o n\u00e3o responder \u00e0 pauta de reivindica\u00e7\u00f5es protocolada pelo sindicato no dia 28 de mar\u00e7o.<\/p>\n<p>Os trabalhadores da institui\u00e7\u00e3o pedem a regulamenta\u00e7\u00e3o de alguns direitos que j\u00e1 est\u00e3o previstos no seu plano de carreira, aprovado no final do ano passado pela Assembleia Legislativa, como aux\u00edlio-creche e adicional por trabalho noturno.<\/p>\n<p>Os servidores tamb\u00e9m exigem que o defensor p\u00fablico-geral, Antonio Flavio de Oliveira, cumpra o acordo que tinha com a categoria para equiparar o aux\u00edlio-refei\u00e7\u00e3o dos t\u00e9cnicos e analistas ao dos defensores p\u00fablicos at\u00e9 o meio do ano.<\/p>\n<p>A pauta de reivindica\u00e7\u00f5es da categoria ainda inclui pleitos n\u00e3o financeiros, como o direito de participar do Conselho Superior da DPE\/RS e maior transpar\u00eancia quanto \u00e0s vagas de trabalho dispon\u00edveis na institui\u00e7\u00e3o.<\/p>\n<p>\u201cN\u00f3s n\u00e3o gostar\u00edamos de estar com nossas atividades paralisadas no dia de hoje. Mas a falta de respeito da Administra\u00e7\u00e3o da institui\u00e7\u00e3o com a nossa categoria e a falta de sensibilidade com as nossas reivindica\u00e7\u00f5es nos levou a isso\u201d, lamentou o coordenador-geral do Sindicato dos Servidores e Servidoras da DPE\/RS (SINDPERS), Thomas Vieira.<\/p>\n<p><strong>Ato p\u00fablico<\/strong><\/p>\n<p>Para marcar a sua posi\u00e7\u00e3o, os servidores ir\u00e3o realizar um ato em frente \u00e0 sede da Defensoria P\u00fablica, na rua Sete de Setembro, 666 &#8211; Centro Hist\u00f3rico de Porto Alegre. A concentra\u00e7\u00e3o inicia a partir das 13 horas.<\/p>\n<p>Nas comarcas do interior, os funcion\u00e1rios da Defensoria tamb\u00e9m ir\u00e3o parar durante todo o dia e estar\u00e3o em frente \u00e0s sedes entregando panfletos e dialogando com a popula\u00e7\u00e3o.<\/p>\n<p><strong>Paralisa\u00e7\u00f5es seguem na pr\u00f3xima semana<\/strong><\/p>\n<p>Al\u00e9m de pararem nesta quarta-feira (12), a categoria tamb\u00e9m definiu outras duas datas de paralisa\u00e7\u00e3o: a segunda-feira (17); e na quinta-feira (20), quando haver\u00e1 nova Assembleia Geral para definir os rumos do movimento.<\/p>\n","protected":false},"excerpt":{"rendered":"<p>Os servidores da Defensoria P\u00fablica do Estado do Rio Grande do Sul (DPE\/RS) ir\u00e3o paralisar suas atividades nesta quarta-feira (12). A decis\u00e3o foi tomada\u00a0 na Assembleia Geral realizada na \u00faltima quinta-feira (06), ap\u00f3s a administra\u00e7\u00e3o da institui\u00e7\u00e3o n\u00e3o responder \u00e0 pauta de reivindica\u00e7\u00f5es protocolada pelo sindicato no dia 28 de mar\u00e7o. Os trabalhadores da institui\u00e7\u00e3o [&hellip;]<\/p>\n","protected":false},"author":4,"featured_media":95176,"comment_status":"open","ping_status":"open","sticky":false,"template":"","format":"standard","meta":{"jetpack_post_was_ever_published":false,"_jetpack_newsletter_access":"","_jetpack_dont_email_post_to_subs":false,"_jetpack_newsletter_tier_id":0,"_jetpack_memberships_contains_paywalled_content":false,"_jetpack_memberships_contains_paid_content":false,"footnotes":"","jetpack_publicize_message":"","jetpack_publicize_feature_enabled":true,"jetpack_social_post_already_shared":true,"jetpack_social_options":{"image_generator_settings":{"template":"highway","default_image_id":0,"font":"","enabled":false},"version":2}},"categories":[2],"tags":[132,14,15,95],"class_list":["post-95173","post","type-post","status-publish","format-standard","has-post-thumbnail","hentry","category-geral","tag-porto-alegre","tag-rio-grande-do-sul","tag-rs","tag-sp"],"aioseo_notices":[],"jetpack_publicize_connections":[],"jetpack_featured_media_url":"https:\/\/www.jornalja.com.br\/geral\/wp-content\/uploads\/sites\/4\/2023\/04\/defensoria-paralisada.jpg","jetpack_shortlink":"https:\/\/wp.me\/pbKhrD-oL3","jetpack-related-posts":[{"id":101113,"url":"https:\/\/www.jornalja.com.br\/geral\/chefe-do-mp-rs-plano-diretor-de-porto-alegre-e-mais-voltado-para-construcao-que-para-prevenir-enchentes\/","url_meta":{"origin":95173,"position":0},"title":"Chefe do MP-RS: \u201cPlano Diretor de Porto Alegre \u00e9 mais voltado para constru\u00e7\u00e3o que para prevenir enchentes&#8221;","author":"da Reda\u00e7\u00e3o","date":"21 de abril de 2026","format":false,"excerpt":"O projeto do novo Plano Diretor de Porto Alegre, que tramita h\u00e1 mais de ano e est\u00e1 em fase final de vota\u00e7\u00e3o na C\u00e2mara Municipal, tem indicativos de aprova\u00e7\u00e3o, pela for\u00e7a da maioria que o prefeito Sebasti\u00e3o Melo tem no legislativo. J\u00e1, estudos do Minist\u00e9rio P\u00fablico apontam \"falhas jur\u00eddicas\" no\u2026","rel":"","context":"Em &quot;Geral-MAT\u00c9RIA&quot;","block_context":{"text":"Geral-MAT\u00c9RIA","link":"https:\/\/www.jornalja.com.br\/geral\/category\/geral\/"},"img":{"alt_text":"","src":"https:\/\/i0.wp.com\/www.jornalja.com.br\/geral\/wp-content\/uploads\/sites\/4\/2026\/04\/whatsapp-image-2026-04-01-at-164602-1536x1023-1.jpeg?resize=350%2C200&ssl=1","width":350,"height":200,"srcset":"https:\/\/i0.wp.com\/www.jornalja.com.br\/geral\/wp-content\/uploads\/sites\/4\/2026\/04\/whatsapp-image-2026-04-01-at-164602-1536x1023-1.jpeg?resize=350%2C200&ssl=1 1x, https:\/\/i0.wp.com\/www.jornalja.com.br\/geral\/wp-content\/uploads\/sites\/4\/2026\/04\/whatsapp-image-2026-04-01-at-164602-1536x1023-1.jpeg?resize=525%2C300&ssl=1 1.5x, https:\/\/i0.wp.com\/www.jornalja.com.br\/geral\/wp-content\/uploads\/sites\/4\/2026\/04\/whatsapp-image-2026-04-01-at-164602-1536x1023-1.jpeg?resize=700%2C400&ssl=1 2x, https:\/\/i0.wp.com\/www.jornalja.com.br\/geral\/wp-content\/uploads\/sites\/4\/2026\/04\/whatsapp-image-2026-04-01-at-164602-1536x1023-1.jpeg?resize=1050%2C600&ssl=1 3x, https:\/\/i0.wp.com\/www.jornalja.com.br\/geral\/wp-content\/uploads\/sites\/4\/2026\/04\/whatsapp-image-2026-04-01-at-164602-1536x1023-1.jpeg?resize=1400%2C800&ssl=1 4x"},"classes":[]},{"id":101159,"url":"https:\/\/www.jornalja.com.br\/geral\/governo-federal-libera-recursos-para-construcao-de-28-unidades-de-saude-no-rs\/","url_meta":{"origin":95173,"position":1},"title":"Governo Federal libera recursos para constru\u00e7\u00e3o de 28 unidades de sa\u00fade no RS","author":"da Reda\u00e7\u00e3o","date":"24 de abril de 2026","format":false,"excerpt":"Nesta sexta feira (24), \u00e0s 14h, o Governo Federal realiza a emiss\u00e3o de ordem de servi\u00e7o para in\u00edcio da constru\u00e7\u00e3o de 28 unidades de sa\u00fade no Rio Grande do Sul, sendo quatro Centros de Aten\u00e7\u00e3o Psicossocial (CAPS) e 24 Unidades B\u00e1sicas de Sa\u00fade (UBS). A iniciativa marca a maior libera\u00e7\u00e3o\u2026","rel":"","context":"Em &quot;Geral-NOTAS&quot;","block_context":{"text":"Geral-NOTAS","link":"https:\/\/www.jornalja.com.br\/geral\/category\/geral-notas\/"},"img":{"alt_text":"","src":"","width":0,"height":0},"classes":[]},{"id":100981,"url":"https:\/\/www.jornalja.com.br\/geral\/carta-de-porto-alegre-propoe-frente-global-em-defesa-da-democracia\/","url_meta":{"origin":95173,"position":2},"title":"&#8220;Carta de Porto Alegre&#8221; prop\u00f5e frente global em defesa da democracia","author":"da Reda\u00e7\u00e3o","date":"31 de mar\u00e7o de 2026","format":false,"excerpt":"Na quinta-feira, Ol\u00edvio Dutra foi o primeiro a falar. Disse que a luta contra o fascismo \u00e9, essencialmente, uma luta contra governos que n\u00e3o colocam a vida humana como prioridade central das pol\u00edticas p\u00fablicas. \u201cA democracia deve ser social e participativa, e n\u00e3o um instrumento controlado por minorias ou pelo\u2026","rel":"","context":"Em &quot;Geral-MAT\u00c9RIA&quot;","block_context":{"text":"Geral-MAT\u00c9RIA","link":"https:\/\/www.jornalja.com.br\/geral\/category\/geral\/"},"img":{"alt_text":"","src":"https:\/\/i0.wp.com\/www.jornalja.com.br\/geral\/wp-content\/uploads\/sites\/4\/2026\/03\/systemuploadsnews36af8a82acdf9331cdd-700x460xfit-0aec1.jpg?resize=350%2C200&ssl=1","width":350,"height":200,"srcset":"https:\/\/i0.wp.com\/www.jornalja.com.br\/geral\/wp-content\/uploads\/sites\/4\/2026\/03\/systemuploadsnews36af8a82acdf9331cdd-700x460xfit-0aec1.jpg?resize=350%2C200&ssl=1 1x, https:\/\/i0.wp.com\/www.jornalja.com.br\/geral\/wp-content\/uploads\/sites\/4\/2026\/03\/systemuploadsnews36af8a82acdf9331cdd-700x460xfit-0aec1.jpg?resize=525%2C300&ssl=1 1.5x, https:\/\/i0.wp.com\/www.jornalja.com.br\/geral\/wp-content\/uploads\/sites\/4\/2026\/03\/systemuploadsnews36af8a82acdf9331cdd-700x460xfit-0aec1.jpg?resize=700%2C400&ssl=1 2x"},"classes":[]},{"id":100908,"url":"https:\/\/www.jornalja.com.br\/geral\/com-pressao-de-cpi-e-auditoria-do-tce-governo-leite-adia-leilao-para-concessao-de-rodovias\/","url_meta":{"origin":95173,"position":3},"title":"Com press\u00e3o de CPI e auditoria do TCE, governo Leite adia leil\u00e3o para concess\u00e3o de rodovias","author":"da Reda\u00e7\u00e3o","date":"3 de mar\u00e7o de 2026","format":false,"excerpt":"O governador Eduardo Leite, em coletiva de imprensa realizada no Pal\u00e1cio Piratini nesta ter\u00e7a-feira (3\/3), prometeu uma redu\u00e7\u00e3o da tarifa e mudan\u00e7a na data do leil\u00e3o do Bloco 2 de rodovias no Estado. O bloco envolve estradas localizadas no Vale do Taquari e Norte do Rio Grande Sul. A tarifa\u2026","rel":"","context":"Em &quot;Geral-MAT\u00c9RIA&quot;","block_context":{"text":"Geral-MAT\u00c9RIA","link":"https:\/\/www.jornalja.com.br\/geral\/category\/geral\/"},"img":{"alt_text":"","src":"https:\/\/i0.wp.com\/www.jornalja.com.br\/geral\/wp-content\/uploads\/sites\/4\/2026\/03\/leite-faz-anuncio-no-palacio-piratini-sobre-bloco-2-de-rodovias-fev26.jpg?resize=350%2C200&ssl=1","width":350,"height":200,"srcset":"https:\/\/i0.wp.com\/www.jornalja.com.br\/geral\/wp-content\/uploads\/sites\/4\/2026\/03\/leite-faz-anuncio-no-palacio-piratini-sobre-bloco-2-de-rodovias-fev26.jpg?resize=350%2C200&ssl=1 1x, https:\/\/i0.wp.com\/www.jornalja.com.br\/geral\/wp-content\/uploads\/sites\/4\/2026\/03\/leite-faz-anuncio-no-palacio-piratini-sobre-bloco-2-de-rodovias-fev26.jpg?resize=525%2C300&ssl=1 1.5x, https:\/\/i0.wp.com\/www.jornalja.com.br\/geral\/wp-content\/uploads\/sites\/4\/2026\/03\/leite-faz-anuncio-no-palacio-piratini-sobre-bloco-2-de-rodovias-fev26.jpg?resize=700%2C400&ssl=1 2x, https:\/\/i0.wp.com\/www.jornalja.com.br\/geral\/wp-content\/uploads\/sites\/4\/2026\/03\/leite-faz-anuncio-no-palacio-piratini-sobre-bloco-2-de-rodovias-fev26.jpg?resize=1050%2C600&ssl=1 3x, https:\/\/i0.wp.com\/www.jornalja.com.br\/geral\/wp-content\/uploads\/sites\/4\/2026\/03\/leite-faz-anuncio-no-palacio-piratini-sobre-bloco-2-de-rodovias-fev26.jpg?resize=1400%2C800&ssl=1 4x"},"classes":[]},{"id":98496,"url":"https:\/\/www.jornalja.com.br\/geral\/quase-metade-do-funcionalismo-mulheres-discutem-seus-desafios-na-administracao-publica\/","url_meta":{"origin":95173,"position":4},"title":"Quase metade do funcionalismo, mulheres discutem seus desafios na administra\u00e7\u00e3o p\u00fablica","author":"da Reda\u00e7\u00e3o","date":"18 de mar\u00e7o de 2025","format":false,"excerpt":"A sa\u00fade mental no trabalho, os desafios\u00a0 no movimento sindical, na pol\u00edtica e nos cargos de poder. Estes ser\u00e3o alguns dos temas abordados quarta (19) e quinta-feira (20 no semin\u00e1rio \"Os Desafios do Protagonismo Feminino no Servi\u00e7o P\u00fablico - Sa\u00fade, Pol\u00edtica e Sindicalismo\", que \"reunir\u00e1 servidoras e servidores p\u00fablicos, lideran\u00e7as\u2026","rel":"","context":"Em &quot;Geral-MAT\u00c9RIA&quot;","block_context":{"text":"Geral-MAT\u00c9RIA","link":"https:\/\/www.jornalja.com.br\/geral\/category\/geral\/"},"img":{"alt_text":"","src":"https:\/\/i0.wp.com\/www.jornalja.com.br\/geral\/wp-content\/uploads\/sites\/4\/2025\/03\/mulheres-no-servico-publico-foto-andre-correa-mgi.jpeg?resize=350%2C200&ssl=1","width":350,"height":200,"srcset":"https:\/\/i0.wp.com\/www.jornalja.com.br\/geral\/wp-content\/uploads\/sites\/4\/2025\/03\/mulheres-no-servico-publico-foto-andre-correa-mgi.jpeg?resize=350%2C200&ssl=1 1x, https:\/\/i0.wp.com\/www.jornalja.com.br\/geral\/wp-content\/uploads\/sites\/4\/2025\/03\/mulheres-no-servico-publico-foto-andre-correa-mgi.jpeg?resize=525%2C300&ssl=1 1.5x, https:\/\/i0.wp.com\/www.jornalja.com.br\/geral\/wp-content\/uploads\/sites\/4\/2025\/03\/mulheres-no-servico-publico-foto-andre-correa-mgi.jpeg?resize=700%2C400&ssl=1 2x"},"classes":[]},{"id":92065,"url":"https:\/\/www.jornalja.com.br\/geral\/leite-anuncia-reajuste-de-6-ao-funcionalismo-defasagem-supera-50-segundo-os-sindicatos\/","url_meta":{"origin":95173,"position":5},"title":"Leite anuncia reajuste de 6% ao funcionalismo; defasagem supera 50%, segundo os sindicatos","author":"da Reda\u00e7\u00e3o","date":"30 de mar\u00e7o de 2022","format":false,"excerpt":"Em jantar com deputados da base aliada na noite de ter\u00e7a-feira (29), o governador Eduardo Leite (PSDB) anunciou reajuste de 6% aos servidores(as) estaduais. O governador deixa o cargo nesta quinta-feira, 31, para tentar viabilizar sua candidatura \u00e0 Presid\u00eancia da Rep\u00fablica e apresentou aos aliados os projetos que encaminhar\u00e1 para\u2026","rel":"","context":"Em &quot;Geral-MAT\u00c9RIA&quot;","block_context":{"text":"Geral-MAT\u00c9RIA","link":"https:\/\/www.jornalja.com.br\/geral\/category\/geral\/"},"img":{"alt_text":"","src":"https:\/\/i0.wp.com\/www.jornalja.com.br\/geral\/wp-content\/uploads\/sites\/4\/2022\/03\/funcionalismo-perdas-sintergs.jpeg?resize=350%2C200&ssl=1","width":350,"height":200,"srcset":"https:\/\/i0.wp.com\/www.jornalja.com.br\/geral\/wp-content\/uploads\/sites\/4\/2022\/03\/funcionalismo-perdas-sintergs.jpeg?resize=350%2C200&ssl=1 1x, https:\/\/i0.wp.com\/www.jornalja.com.br\/geral\/wp-content\/uploads\/sites\/4\/2022\/03\/funcionalismo-perdas-sintergs.jpeg?resize=525%2C300&ssl=1 1.5x, https:\/\/i0.wp.com\/www.jornalja.com.br\/geral\/wp-content\/uploads\/sites\/4\/2022\/03\/funcionalismo-perdas-sintergs.jpeg?resize=700%2C400&ssl=1 2x, https:\/\/i0.wp.com\/www.jornalja.com.br\/geral\/wp-content\/uploads\/sites\/4\/2022\/03\/funcionalismo-perdas-sintergs.jpeg?resize=1050%2C600&ssl=1 3x, https:\/\/i0.wp.com\/www.jornalja.com.br\/geral\/wp-content\/uploads\/sites\/4\/2022\/03\/funcionalismo-perdas-sintergs.jpeg?resize=1400%2C800&ssl=1 4x"},"classes":[]}],"jetpack_sharing_enabled":true,"_links":{"self":[{"href":"https:\/\/www.jornalja.com.br\/geral\/wp-json\/wp\/v2\/posts\/95173","targetHints":{"allow":["GET"]}}],"collection":[{"href":"https:\/\/www.jornalja.com.br\/geral\/wp-json\/wp\/v2\/posts"}],"about":[{"href":"https:\/\/www.jornalja.com.br\/geral\/wp-json\/wp\/v2\/types\/post"}],"author":[{"embeddable":true,"href":"https:\/\/www.jornalja.com.br\/geral\/wp-json\/wp\/v2\/users\/4"}],"replies":[{"embeddable":true,"href":"https:\/\/www.jornalja.com.br\/geral\/wp-json\/wp\/v2\/comments?post=95173"}],"version-history":[{"count":1,"href":"https:\/\/www.jornalja.com.br\/geral\/wp-json\/wp\/v2\/posts\/95173\/revisions"}],"predecessor-version":[{"id":95174,"href":"https:\/\/www.jornalja.com.br\/geral\/wp-json\/wp\/v2\/posts\/95173\/revisions\/95174"}],"wp:featuredmedia":[{"embeddable":true,"href":"https:\/\/www.jornalja.com.br\/geral\/wp-json\/wp\/v2\/media\/95176"}],"wp:attachment":[{"href":"https:\/\/www.jornalja.com.br\/geral\/wp-json\/wp\/v2\/media?parent=95173"}],"wp:term":[{"taxonomy":"category","embeddable":true,"href":"https:\/\/www.jornalja.com.br\/geral\/wp-json\/wp\/v2\/categories?post=95173"},{"taxonomy":"post_tag","embeddable":true,"href":"https:\/\/www.jornalja.com.br\/geral\/wp-json\/wp\/v2\/tags?post=95173"}],"curies":[{"name":"wp","href":"https:\/\/api.w.org\/{rel}","templated":true}]}}