{"id":95192,"date":"2023-04-16T21:45:11","date_gmt":"2023-04-17T00:45:11","guid":{"rendered":"https:\/\/www.jornalja.com.br\/geral\/?p=95192"},"modified":"2023-04-18T16:16:25","modified_gmt":"2023-04-18T19:16:25","slug":"aproximacao-entre-lula-e-xi-o-mais-importante-da-visita","status":"publish","type":"post","link":"https:\/\/www.jornalja.com.br\/geral\/aproximacao-entre-lula-e-xi-o-mais-importante-da-visita\/","title":{"rendered":"Aproxima\u00e7\u00e3o entre Lula e Xi,  o mais importante da visita"},"content":{"rendered":"<p>O presidente classificou a viagem como &#8220;extraordin\u00e1ria&#8221;. Na China, os acordos somaram R$ 50 bilh\u00f5es e, nos Emirados \u00c1rabes, mais de R$ 12 bilh\u00f5es.<\/p>\n<p>&#8220;Mais importante do que a soma de dinheiro, \u00e9 a possibilidade de novos acordos. N\u00e3o s\u00f3 do ponto de vista comercial, mas do cultural, digital, educacional\u201d, disse Lula na coletiva de imprensa neste domingo (16), em Abu Dhabi.<\/p>\n<p>Os termos assinados entre os dois pa\u00edses incluem acordos de coopera\u00e7\u00e3o espacial, em pesquisa e inova\u00e7\u00e3o, economia digital e combate \u00e0 fome, interc\u00e2mbio de conte\u00fados de comunica\u00e7\u00e3o entre os dois pa\u00edses e facilita\u00e7\u00e3o de com\u00e9rcio.<\/p>\n<p>O aspecto mais importante dessa viagem \u00e0 China ao que tudo indica foi a aproxima\u00e7\u00e3o entre Lula e Xi Jinping, que o brasileiro como &#8220;um velho amigo da China&#8221;.<\/p>\n<p>Al\u00e9m da conversa entre as duas delega\u00e7\u00f5es, teve outra, particular, entre ambos. O encontro privado, que era previsto na agenda para durar 15 minutos, durou bem mais de uma hora.<\/p>\n<p>&#8220;O mundo todo est\u00e1 curioso quanto aos frutos desse encontro, porque dois temas importantes dependem bastante de iniciativas do Brasil e da China. O primeiro deles \u00e9 a guerra na Ucr\u00e2nia. O segundo \u00e9 o meio ambiente. S\u00e3o complexos, dependem de muita diplomacia, di\u00e1logo, e s\u00e3o urgentes&#8221;.<\/p>\n<p>No caso da guerra da Ucr\u00e2nia, Lula defende a forma\u00e7\u00e3o de um grupo de pa\u00edses neutros, que sejam respeitados por ambos os lados, para levar R\u00fassia e Ucr\u00e2nia para a mesa de negocia\u00e7\u00f5es. E, de todos esses pa\u00edses, o mais importante \u00e9 a China, porque, desde as san\u00e7\u00f5es contra a sua economia, a R\u00fassia passou a depender ainda mais dos chineses.<\/p>\n<p>\u201cA decis\u00e3o da guerra foi tomada por dois pa\u00edses. E agora o que estamos tentando construir \u00e9 um\u00a0grupo de pa\u00edses\u00a0que n\u00e3o tem envolvimento com a guerra, que n\u00e3o quer a guerra, que desejam construir paz no mundo, para conversarmos tanto com a R\u00fassia quanto com a Ucr\u00e2nia. Mas tamb\u00e9m temos que ter em conta que \u00e9 preciso conversar com os Estados Unidos e com a Uni\u00e3o Europeia\u201d, afirmou Lula. Ele disse ainda que pretende envolver pa\u00edses da Am\u00e9rica Latina.<\/p>\n<p>Convencer a China a encabe\u00e7ar esse grupo \u00e9 tamb\u00e9m, de certa forma, assegurar que ela, que \u00e9 a quarta maior produtora de armas do mundo, n\u00e3o venda material b\u00e9lico para a R\u00fassia. Caso isso ocorra, ser\u00e1 muito dif\u00edcil ver o fim dessa guerra que, al\u00e9m do enorme sofrimento produzido, tem causado efeitos muito ruins para a economia mundial.<\/p>\n<p>R\u00fassia e Ucr\u00e2nia s\u00e3o grandes produtores agr\u00edcolas e a guerra est\u00e1 causando um aumento nos pre\u00e7os de muitos alimentos. Tem tamb\u00e9m a quest\u00e3o energ\u00e9tica. Sem comprar o g\u00e1s que vinha da R\u00fassia, os pa\u00edses europeus est\u00e3o gastando tr\u00eas vezes mais para importar o g\u00e1s que tem que chegar de navio.<\/p>\n<p>Se somado o custo de mandar armas e sustentar a enfraquecida economia ucraniana, esse gasto de dinheiro \u00e9 insustent\u00e1vel para v\u00e1rios pa\u00edses europeus. Mas tamb\u00e9m n\u00e3o se pode exagerar nas expectativas de que a China possa resolver o problema.<\/p>\n<p>(Com informa\u00e7\u00f5es da Ag\u00eancia Brasil)<\/p>\n","protected":false},"excerpt":{"rendered":"<p>O presidente classificou a viagem como &#8220;extraordin\u00e1ria&#8221;. Na China, os acordos somaram R$ 50 bilh\u00f5es e, nos Emirados \u00c1rabes, mais de R$ 12 bilh\u00f5es. &#8220;Mais importante do que a soma de dinheiro, \u00e9 a possibilidade de novos acordos. N\u00e3o s\u00f3 do ponto de vista comercial, mas do cultural, digital, educacional\u201d, disse Lula na coletiva de [&hellip;]<\/p>\n","protected":false},"author":4,"featured_media":95193,"comment_status":"open","ping_status":"open","sticky":false,"template":"","format":"standard","meta":{"jetpack_post_was_ever_published":false,"_jetpack_newsletter_access":"","_jetpack_dont_email_post_to_subs":false,"_jetpack_newsletter_tier_id":0,"_jetpack_memberships_contains_paywalled_content":false,"_jetpack_memberships_contains_paid_content":false,"footnotes":"","jetpack_publicize_message":"","jetpack_publicize_feature_enabled":true,"jetpack_social_post_already_shared":true,"jetpack_social_options":{"image_generator_settings":{"template":"highway","default_image_id":0,"font":"","enabled":false},"version":2}},"categories":[2],"tags":[238,418,93,86,7,200,500,507,4,158,355,15,95,20,509],"class_list":["post-95192","post","type-post","status-publish","format-standard","has-post-thumbnail","hentry","category-geral","tag-brasil","tag-china","tag-comercial","tag-cultura","tag-economia","tag-efeitos","tag-etica","tag-fome","tag-imprensa","tag-lula","tag-meio-ambiente","tag-rs","tag-sp","tag-sus","tag-uniao"],"aioseo_notices":[],"jetpack_publicize_connections":[],"jetpack_featured_media_url":"https:\/\/www.jornalja.com.br\/geral\/wp-content\/uploads\/sites\/4\/2023\/04\/lula-com-xi-jinping.jpg","jetpack_shortlink":"https:\/\/wp.me\/pbKhrD-oLm","jetpack-related-posts":[{"id":94805,"url":"https:\/\/www.jornalja.com.br\/geral\/relacoes-entre-brasil-e-china-sao-modelo-para-paises-em-desenvolvimento-diz-xi-jinping\/","url_meta":{"origin":95192,"position":0},"title":"Rela\u00e7\u00f5es entre Brasil e China s\u00e3o modelo para pa\u00edses em desenvolvimento, diz Xi-Jinping","author":"da Reda\u00e7\u00e3o","date":"3 de janeiro de 2023","format":false,"excerpt":"Mereceu pouca aten\u00e7\u00e3o a carta que o presidente chin\u00eas, Xi Jinping, enviou cumprimentando Lula por sua posse como presidente da Rep\u00fablica. Xi destaca que China e Brasil \"s\u00e3o grandes pa\u00edses em desenvolvimento com influ\u00eancia global e importantes mercados emergentes\". \"Os dois pa\u00edses s\u00e3o parceiros estrat\u00e9gicos abrangentes que compartilham amplos interesses\u2026","rel":"","context":"Em &quot;Geral-MAT\u00c9RIA&quot;","block_context":{"text":"Geral-MAT\u00c9RIA","link":"https:\/\/www.jornalja.com.br\/geral\/category\/geral\/"},"img":{"alt_text":"","src":"https:\/\/i0.wp.com\/www.jornalja.com.br\/geral\/wp-content\/uploads\/sites\/4\/2023\/01\/lula-recebe-carta-do-presidente-chines.png?resize=350%2C200&ssl=1","width":350,"height":200},"classes":[]},{"id":98956,"url":"https:\/\/www.jornalja.com.br\/geral\/china-investira-r-27-bilhoes-no-brasil\/","url_meta":{"origin":95192,"position":1},"title":"China investir\u00e1 R$ 27 bilh\u00f5es no Brasil","author":"S\u00e9rgio Lagranha","date":"13 de maio de 2025","format":false,"excerpt":"O presidente Luiz In\u00e1cio Lula da Silva anunciou que a China investir\u00e1\u00a0 R$ 27 bilh\u00f5es no Brasil. Com foco espec\u00edfico em infraestrutura,\u00a0 tecnologia e investimentos tamb\u00e9m no setor de educa\u00e7\u00e3o, pois ser\u00e1 necess\u00e1ria ampla capacita\u00e7\u00e3o de profissionais. Lula est\u00e1 em visita oficial a Pequim, onde participou do F\u00f3rum Empresarial Brasil-China,\u2026","rel":"","context":"Em &quot;Geral-MAT\u00c9RIA&quot;","block_context":{"text":"Geral-MAT\u00c9RIA","link":"https:\/\/www.jornalja.com.br\/geral\/category\/geral\/"},"img":{"alt_text":"","src":"","width":0,"height":0},"classes":[]},{"id":100602,"url":"https:\/\/www.jornalja.com.br\/geral\/lula-sanciona-orcamento-de-2026-com-corte-de-quase-r-500-milhoes-nas-universidades-federais\/","url_meta":{"origin":95192,"position":2},"title":"Lula sanciona or\u00e7amento de 2026 com corte de quase R$ 500 milh\u00f5es nas universidades federais","author":"Elmar Bones","date":"15 de janeiro de 2026","format":false,"excerpt":"O presidente Lula sancionou a Lei Or\u00e7ament\u00e1ria de 2026\u00a0 mantendo o corte de R$ 488 milh\u00f5es na verba das universidades federais, aprovado anteriormente pelo Congresso. O corte incide sobre os recursos destinados ao custeio b\u00e1sico, como contas de \u00e1gua, luz, limpeza, seguran\u00e7a e manuten\u00e7\u00e3o predial. H\u00e1 uma preocupa\u00e7\u00e3o direta com\u2026","rel":"","context":"Em &quot;Geral-MAT\u00c9RIA&quot;","block_context":{"text":"Geral-MAT\u00c9RIA","link":"https:\/\/www.jornalja.com.br\/geral\/category\/geral\/"},"img":{"alt_text":"","src":"https:\/\/i0.wp.com\/www.jornalja.com.br\/geral\/wp-content\/uploads\/sites\/4\/2026\/01\/orcamento-corte-em-universidades.png?resize=350%2C200&ssl=1","width":350,"height":200,"srcset":"https:\/\/i0.wp.com\/www.jornalja.com.br\/geral\/wp-content\/uploads\/sites\/4\/2026\/01\/orcamento-corte-em-universidades.png?resize=350%2C200&ssl=1 1x, https:\/\/i0.wp.com\/www.jornalja.com.br\/geral\/wp-content\/uploads\/sites\/4\/2026\/01\/orcamento-corte-em-universidades.png?resize=525%2C300&ssl=1 1.5x"},"classes":[]},{"id":101078,"url":"https:\/\/www.jornalja.com.br\/geral\/como-foi-costurado-o-acordo-que-fez-o-pt-apoiar-juliana-brizola\/","url_meta":{"origin":95192,"position":3},"title":"Como foi costurado o acordo que fez o PT apoiar Juliana Brizola","author":"da Reda\u00e7\u00e3o","date":"17 de abril de 2026","format":false,"excerpt":"O PDT foi o partido que mais perdeu representantes na \u201cjanela partid\u00e1ria\u201d que fechou em 3 de abril. Tinha tr\u00eas senadores, ficou com dois. Tinha 17 deputados federais, caiu para 11. Perdeu tamb\u00e9m 9 dos 43 deputados estaduais que elegeu em 2022. No \u00e2mbito municipal, o PDT tem prefeitos em\u2026","rel":"","context":"Em &quot;Geral-MAT\u00c9RIA&quot;","block_context":{"text":"Geral-MAT\u00c9RIA","link":"https:\/\/www.jornalja.com.br\/geral\/category\/geral\/"},"img":{"alt_text":"","src":"https:\/\/www.jornalja.com.br\/geral\/wp-content\/uploads\/sites\/4\/2026\/04\/pdt-lupi-juliana-e-lula.avif","width":350,"height":200,"srcset":"https:\/\/www.jornalja.com.br\/geral\/wp-content\/uploads\/sites\/4\/2026\/04\/pdt-lupi-juliana-e-lula.avif 1x, https:\/\/www.jornalja.com.br\/geral\/wp-content\/uploads\/sites\/4\/2026\/04\/pdt-lupi-juliana-e-lula.avif 1.5x, https:\/\/www.jornalja.com.br\/geral\/wp-content\/uploads\/sites\/4\/2026\/04\/pdt-lupi-juliana-e-lula.avif 2x"},"classes":[]},{"id":95181,"url":"https:\/\/www.jornalja.com.br\/geral\/comercio-entre-brasil-e-china-superou-os-170-bilhoes-de-dolares-em-2022\/","url_meta":{"origin":95192,"position":4},"title":"Com\u00e9rcio entre Brasil e China superou os 170 bilh\u00f5es de d\u00f3lares em 2022","author":"Elmar Bones","date":"11 de abril de 2023","format":false,"excerpt":"A nota foi curta na ag\u00eancia oficial do governo chin\u00eas: \"Conforme acordado entre a China e o Brasil, o presidente Luiz In\u00e1cio Lula da Silva da Rep\u00fablica Federativa do Brasil far\u00e1 uma visita de Estado \u00e0 China de 12 a 15 de abril, anunciada nesta ter\u00e7a-feira a porta -voz do\u2026","rel":"","context":"Em &quot;Geral-MAT\u00c9RIA&quot;","block_context":{"text":"Geral-MAT\u00c9RIA","link":"https:\/\/www.jornalja.com.br\/geral\/category\/geral\/"},"img":{"alt_text":"","src":"https:\/\/i0.wp.com\/www.jornalja.com.br\/geral\/wp-content\/uploads\/sites\/4\/2023\/04\/lula-e-alkmin-no-embarque-para-a-china.jpg?resize=350%2C200&ssl=1","width":350,"height":200,"srcset":"https:\/\/i0.wp.com\/www.jornalja.com.br\/geral\/wp-content\/uploads\/sites\/4\/2023\/04\/lula-e-alkmin-no-embarque-para-a-china.jpg?resize=350%2C200&ssl=1 1x, https:\/\/i0.wp.com\/www.jornalja.com.br\/geral\/wp-content\/uploads\/sites\/4\/2023\/04\/lula-e-alkmin-no-embarque-para-a-china.jpg?resize=525%2C300&ssl=1 1.5x, https:\/\/i0.wp.com\/www.jornalja.com.br\/geral\/wp-content\/uploads\/sites\/4\/2023\/04\/lula-e-alkmin-no-embarque-para-a-china.jpg?resize=700%2C400&ssl=1 2x, https:\/\/i0.wp.com\/www.jornalja.com.br\/geral\/wp-content\/uploads\/sites\/4\/2023\/04\/lula-e-alkmin-no-embarque-para-a-china.jpg?resize=1050%2C600&ssl=1 3x"},"classes":[]},{"id":100494,"url":"https:\/\/www.jornalja.com.br\/geral\/lula-adia-vinda-a-rio-grande-para-retomada-das-obras-do-polo-naval\/","url_meta":{"origin":95192,"position":5},"title":"Lula adia viagem a Rio Grande para retomada das obras do Polo Naval","author":"da Reda\u00e7\u00e3o","date":"4 de janeiro de 2026","format":false,"excerpt":"O presidente Lula decidiu adiar sua viagem\u00a0 a Rio Grande, onde pretendia, junto com a ex-presidente Dilma Rousseff assinalar a retomada do Polo Naval, na ter\u00e7a-feira, 7. Segundo a assessoria de imprensa do Pal\u00e1cio do Planalto,\u00a0 nova data ser\u00e1 definida nos pr\u00f3ximos dias. O motivo do adiamento \u00e9 a crise\u2026","rel":"","context":"Em &quot;Geral-MAT\u00c9RIA&quot;","block_context":{"text":"Geral-MAT\u00c9RIA","link":"https:\/\/www.jornalja.com.br\/geral\/category\/geral\/"},"img":{"alt_text":"","src":"https:\/\/i0.wp.com\/www.jornalja.com.br\/geral\/wp-content\/uploads\/sites\/4\/2025\/12\/lula-e-dilma-vale-essa.png?resize=350%2C200&ssl=1","width":350,"height":200},"classes":[]}],"jetpack_sharing_enabled":true,"_links":{"self":[{"href":"https:\/\/www.jornalja.com.br\/geral\/wp-json\/wp\/v2\/posts\/95192","targetHints":{"allow":["GET"]}}],"collection":[{"href":"https:\/\/www.jornalja.com.br\/geral\/wp-json\/wp\/v2\/posts"}],"about":[{"href":"https:\/\/www.jornalja.com.br\/geral\/wp-json\/wp\/v2\/types\/post"}],"author":[{"embeddable":true,"href":"https:\/\/www.jornalja.com.br\/geral\/wp-json\/wp\/v2\/users\/4"}],"replies":[{"embeddable":true,"href":"https:\/\/www.jornalja.com.br\/geral\/wp-json\/wp\/v2\/comments?post=95192"}],"version-history":[{"count":3,"href":"https:\/\/www.jornalja.com.br\/geral\/wp-json\/wp\/v2\/posts\/95192\/revisions"}],"predecessor-version":[{"id":95197,"href":"https:\/\/www.jornalja.com.br\/geral\/wp-json\/wp\/v2\/posts\/95192\/revisions\/95197"}],"wp:featuredmedia":[{"embeddable":true,"href":"https:\/\/www.jornalja.com.br\/geral\/wp-json\/wp\/v2\/media\/95193"}],"wp:attachment":[{"href":"https:\/\/www.jornalja.com.br\/geral\/wp-json\/wp\/v2\/media?parent=95192"}],"wp:term":[{"taxonomy":"category","embeddable":true,"href":"https:\/\/www.jornalja.com.br\/geral\/wp-json\/wp\/v2\/categories?post=95192"},{"taxonomy":"post_tag","embeddable":true,"href":"https:\/\/www.jornalja.com.br\/geral\/wp-json\/wp\/v2\/tags?post=95192"}],"curies":[{"name":"wp","href":"https:\/\/api.w.org\/{rel}","templated":true}]}}