{"id":95238,"date":"2023-04-20T10:59:13","date_gmt":"2023-04-20T13:59:13","guid":{"rendered":"https:\/\/www.jornalja.com.br\/geral\/?p=95238"},"modified":"2023-04-25T19:52:41","modified_gmt":"2023-04-25T22:52:41","slug":"stf-aceita-denuncia-contra-100-invasores-por-tentativa-de-golpe","status":"publish","type":"post","link":"https:\/\/www.jornalja.com.br\/geral\/stf-aceita-denuncia-contra-100-invasores-por-tentativa-de-golpe\/","title":{"rendered":"STF j\u00e1 tem maioria para processar 100 golpistas que invadiram o Planalto"},"content":{"rendered":"<div class=\"post-item-wrap\">\n<p>O Supremo Tribunal Federal (STF) formou maioria de votos para transformar em r\u00e9us 100 denunciados pela Procuradoria-Geral da Rep\u00fablica (PGR) pelos atos golpistas do dia 8 de janeiro.<\/p>\n<p>Na ocasi\u00e3o, foram depredadas\u00a0as sedes do Supremo Tribunal Federal, do Congresso Nacional e do Pal\u00e1cio do Planalto.<\/p>\n<p>Seis ministros votaram a favor do recebimento das den\u00fancias.<\/p>\n<p>At\u00e9 o momento, acompanharam o voto do relator Alexandres de Moraes, os ministros Lu\u00eds Roberto Barroso, Gilmar Mendes, Dias Toffoli, Edson Fachin e C\u00e1rmen L\u00facia.<\/p>\n<p>A vota\u00e7\u00e3o virtual contra os acusados come\u00e7ou \u00e0 meia-noite do dia 18, ter\u00e7a-feira, e vai at\u00e9 as 23h59 de\u00a0segunda-feira (24).<\/p>\n<p>Ao apresentar seu voto, Alexandre de Moraes descreveu como \u201cgrav\u00edssima\u201d a conduta dos denunciados,\u00a0que tinham como objetivo final abolir os poderes de Estado.<\/p>\n<p>Os ministros que ainda precisam apresentar seus votos no sistema eletr\u00f4nico s\u00e3o Andr\u00e9 Mendon\u00e7a, Nunes Marques, Rosa Weber e Luiz Fux.<\/p>\n<p>Com o in\u00edcio do processo,\u00a0haver\u00e1 coleta de provas e depoimentos de testemunhas de defesa e acusa\u00e7\u00e3o. Depois, o STF ainda ter\u00e1 de julgar se condena ou absolve os acusados, o que n\u00e3o tem prazo para ocorrer.<\/p>\n<p>As den\u00fancias envolvem crimes previstos no C\u00f3digo Penal: associa\u00e7\u00e3o criminosa; aboli\u00e7\u00e3o violenta do Estado Democr\u00e1tico de Direito; golpe de Estado; amea\u00e7a; persegui\u00e7\u00e3o; incita\u00e7\u00e3o ao crime\u00a0e dano qualificado. A PGR tamb\u00e9m cita o crime de deteriora\u00e7\u00e3o de patrim\u00f4nio tombado.<\/p>\n<p>Levantamento do STF mostra que das 1,4 mil pessoas presas no dia dos ataques, 294 permanecem no sistema penitenci\u00e1rio do Distrito Federal. As demais foram soltas por n\u00e3o representarem mais riscos \u00e0 sociedade e \u00e0s investiga\u00e7\u00f5es.<\/p>\n<\/div>\n<p class=\"alt-font font-italic my-2 small text-info\">(Com Ag\u00eancia Brasil)<\/p>\n","protected":false},"excerpt":{"rendered":"<p>O Supremo Tribunal Federal (STF) formou maioria de votos para transformar em r\u00e9us 100 denunciados pela Procuradoria-Geral da Rep\u00fablica (PGR) pelos atos golpistas do dia 8 de janeiro. Na ocasi\u00e3o, foram depredadas\u00a0as sedes do Supremo Tribunal Federal, do Congresso Nacional e do Pal\u00e1cio do Planalto. Seis ministros votaram a favor do recebimento das den\u00fancias. At\u00e9 [&hellip;]<\/p>\n","protected":false},"author":4,"featured_media":95241,"comment_status":"open","ping_status":"open","sticky":false,"template":"","format":"standard","meta":{"jetpack_post_was_ever_published":false,"_jetpack_newsletter_access":"","_jetpack_dont_email_post_to_subs":false,"_jetpack_newsletter_tier_id":0,"_jetpack_memberships_contains_paywalled_content":false,"_jetpack_memberships_contains_paid_content":false,"footnotes":"","jetpack_publicize_message":"","jetpack_publicize_feature_enabled":true,"jetpack_social_post_already_shared":true,"jetpack_social_options":{"image_generator_settings":{"template":"highway","default_image_id":0,"font":"","enabled":false},"version":2}},"categories":[2],"tags":[443,238,351,442,245,477,479,15,149,444],"class_list":["post-95238","post","type-post","status-publish","format-standard","has-post-thumbnail","hentry","category-geral","tag-alexandre-de-moraes","tag-brasil","tag-crimes","tag-edson-fachin","tag-gilmar-mendes","tag-golpe","tag-red","tag-rs","tag-sc","tag-stf"],"aioseo_notices":[],"jetpack_publicize_connections":[],"jetpack_featured_media_url":"https:\/\/www.jornalja.com.br\/geral\/wp-content\/uploads\/sites\/4\/2023\/04\/golpistas-no-panalto-foto-de-marcelo-camargo-ab.jpg","jetpack_shortlink":"https:\/\/wp.me\/pbKhrD-oM6","jetpack-related-posts":[{"id":100277,"url":"https:\/\/www.jornalja.com.br\/geral\/unanimidade-stf-mantem-prisao-preventiva-do-ex-presidente-jair-bolsonaro\/","url_meta":{"origin":95238,"position":0},"title":"Unanimidade:  STF mant\u00e9m pris\u00e3o preventiva do ex-presidente Jair Bolsonaro","author":"da Reda\u00e7\u00e3o","date":"24 de novembro de 2025","format":false,"excerpt":"Por unanimidade, a Primeira Turma do Supremo Tribunal Federal (STF) manteve, nesta segunda-feira (24), a decis\u00e3o do ministro Alexandre de Moraes que decretou a pris\u00e3o preventiva do ex-presidente da Rep\u00fablica Jair Bolsonaro. A medida foi analisada em sess\u00e3o extraordin\u00e1ria virtual,\u00a0 com encerramento \u00e0s 20h, mas no fim da manh\u00e3 todos\u2026","rel":"","context":"Em &quot;Geral-MAT\u00c9RIA&quot;","block_context":{"text":"Geral-MAT\u00c9RIA","link":"https:\/\/www.jornalja.com.br\/geral\/category\/geral\/"},"img":{"alt_text":"","src":"https:\/\/i0.wp.com\/www.jornalja.com.br\/geral\/wp-content\/uploads\/sites\/4\/2025\/11\/bolsonaro-stf-mantem-prisao.jpg?resize=350%2C200&ssl=1","width":350,"height":200,"srcset":"https:\/\/i0.wp.com\/www.jornalja.com.br\/geral\/wp-content\/uploads\/sites\/4\/2025\/11\/bolsonaro-stf-mantem-prisao.jpg?resize=350%2C200&ssl=1 1x, https:\/\/i0.wp.com\/www.jornalja.com.br\/geral\/wp-content\/uploads\/sites\/4\/2025\/11\/bolsonaro-stf-mantem-prisao.jpg?resize=525%2C300&ssl=1 1.5x, https:\/\/i0.wp.com\/www.jornalja.com.br\/geral\/wp-content\/uploads\/sites\/4\/2025\/11\/bolsonaro-stf-mantem-prisao.jpg?resize=700%2C400&ssl=1 2x, https:\/\/i0.wp.com\/www.jornalja.com.br\/geral\/wp-content\/uploads\/sites\/4\/2025\/11\/bolsonaro-stf-mantem-prisao.jpg?resize=1050%2C600&ssl=1 3x, https:\/\/i0.wp.com\/www.jornalja.com.br\/geral\/wp-content\/uploads\/sites\/4\/2025\/11\/bolsonaro-stf-mantem-prisao.jpg?resize=1400%2C800&ssl=1 4x"},"classes":[]},{"id":100532,"url":"https:\/\/www.jornalja.com.br\/geral\/veto-a-dosimetria-manifestacoess-contra-anistia-a-golpistas-pesaram-na-decisao-de-lula\/","url_meta":{"origin":95238,"position":1},"title":"Veto \u00e0 dosimetria: manifesta\u00e7\u00f5es contra anistia a golpistas pesaram na decis\u00e3o de Lula","author":"Elmar Bones","date":"9 de janeiro de 2026","format":false,"excerpt":"Tr\u00eas anos depois do ataque golpista \u00e0 democracia em 2023, o dia 08 de janeiro \u00e9 marcado por manifesta\u00e7\u00f5es populares em todo o pa\u00eds em defesa da soberania do Brasil e que tamb\u00e9m exigiram o cumprimento da pena dos condenados pela tentativa de golpe de Estado, tentativa de aboli\u00e7\u00e3o violenta\u2026","rel":"","context":"Em &quot;Geral-MAT\u00c9RIA&quot;","block_context":{"text":"Geral-MAT\u00c9RIA","link":"https:\/\/www.jornalja.com.br\/geral\/category\/geral\/"},"img":{"alt_text":"","src":"https:\/\/i0.wp.com\/www.jornalja.com.br\/geral\/wp-content\/uploads\/sites\/4\/2026\/01\/dosimetria-fora-bozo.png?resize=350%2C200&ssl=1","width":350,"height":200,"srcset":"https:\/\/i0.wp.com\/www.jornalja.com.br\/geral\/wp-content\/uploads\/sites\/4\/2026\/01\/dosimetria-fora-bozo.png?resize=350%2C200&ssl=1 1x, https:\/\/i0.wp.com\/www.jornalja.com.br\/geral\/wp-content\/uploads\/sites\/4\/2026\/01\/dosimetria-fora-bozo.png?resize=525%2C300&ssl=1 1.5x"},"classes":[]},{"id":100289,"url":"https:\/\/www.jornalja.com.br\/geral\/stf-encerra-julgamento-de-bolsonaro-27-anos-e-seis-meses-de-prisao\/","url_meta":{"origin":95238,"position":2},"title":"STF encerra julgamento de Bolsonaro: 27 anos e tr\u00eas meses de pris\u00e3o","author":"da Reda\u00e7\u00e3o","date":"25 de novembro de 2025","format":false,"excerpt":"O Supremo Tribunal Federal (STF) considerou que o processo do ex-presidente Jair Bolsonaro por golpe de Estado transitou em julgado. Ou seja: n\u00e3o cabem mais recursos. A decis\u00e3o foi anunciada no in\u00edcio da tarde desta ter\u00e7a-feira, 25 de novembro Al\u00e9m de Bolsonaro,\u00a0 foi concluso tamb\u00e9m julgamento de Alexandre Ramagem (PL-RJ),\u2026","rel":"","context":"Em &quot;Geral-MAT\u00c9RIA&quot;","block_context":{"text":"Geral-MAT\u00c9RIA","link":"https:\/\/www.jornalja.com.br\/geral\/category\/geral\/"},"img":{"alt_text":"","src":"https:\/\/i0.wp.com\/www.jornalja.com.br\/geral\/wp-content\/uploads\/sites\/4\/2025\/11\/bolsonaro-preso-2.png?resize=350%2C200&ssl=1","width":350,"height":200,"srcset":"https:\/\/i0.wp.com\/www.jornalja.com.br\/geral\/wp-content\/uploads\/sites\/4\/2025\/11\/bolsonaro-preso-2.png?resize=350%2C200&ssl=1 1x, https:\/\/i0.wp.com\/www.jornalja.com.br\/geral\/wp-content\/uploads\/sites\/4\/2025\/11\/bolsonaro-preso-2.png?resize=525%2C300&ssl=1 1.5x"},"classes":[]},{"id":100261,"url":"https:\/\/www.jornalja.com.br\/geral\/elevado-risco-de-fuga-diz-alexandre-de-moraes-ao-decretar-a-prisao-de-bolsonaro\/","url_meta":{"origin":95238,"position":3},"title":"&#8220;Elevado risco de fuga&#8221;, diz Alexandre de Moraes ao decretar a pris\u00e3o de Bolsonaro","author":"da Reda\u00e7\u00e3o","date":"22 de novembro de 2025","format":false,"excerpt":"O ex-presidente Jair Bolsonaro foi preso por volta das seis horas da manh\u00e3 deste s\u00e1bado (22). Em nota, a Pol\u00edcia Federal informou que cumpriu um mandado de pris\u00e3o preventiva expedido pelo Supremo Tribunal Federal (STF). Na sexta-feira (21) o senador Fl\u00e1vio Bolsonaro (PL) convocou, pelas redes sociais uma vig\u00edlia de\u2026","rel":"","context":"Em &quot;Geral-MAT\u00c9RIA&quot;","block_context":{"text":"Geral-MAT\u00c9RIA","link":"https:\/\/www.jornalja.com.br\/geral\/category\/geral\/"},"img":{"alt_text":"","src":"https:\/\/i0.wp.com\/www.jornalja.com.br\/geral\/wp-content\/uploads\/sites\/4\/2025\/11\/bolsonaro-preso-2.png?resize=350%2C200&ssl=1","width":350,"height":200,"srcset":"https:\/\/i0.wp.com\/www.jornalja.com.br\/geral\/wp-content\/uploads\/sites\/4\/2025\/11\/bolsonaro-preso-2.png?resize=350%2C200&ssl=1 1x, https:\/\/i0.wp.com\/www.jornalja.com.br\/geral\/wp-content\/uploads\/sites\/4\/2025\/11\/bolsonaro-preso-2.png?resize=525%2C300&ssl=1 1.5x"},"classes":[]},{"id":86773,"url":"https:\/\/www.jornalja.com.br\/geral\/veto-a-reeleicao-de-maia-e-alcolumbre-e-uma-vitoria-de-bolsonaro\/","url_meta":{"origin":95238,"position":4},"title":"Veto \u00e0 reelei\u00e7\u00e3o de Maia e Alcolumbre \u00e9 vit\u00f3ria de Bolsonaro","author":"da Reda\u00e7\u00e3o","date":"7 de dezembro de 2020","format":false,"excerpt":"O Supremo Tribunal Federal decidiu neste domingo vetar a possibilidade de reelei\u00e7\u00e3o dos atuais presidentes da C\u00e2mara, Rodrigo Maia (DEM-RJ), do Senado, Davi Alcolumbre (DEM-AP), para os respectivos cargos. A decis\u00e3o foi feita em plen\u00e1rio virtual. Entenda os votos: Reelei\u00e7\u00e3o de Rodrigo Maia\u00a0\u2013 4 votos a favor e 7 contra;\u2026","rel":"","context":"Em &quot;Geral-MAT\u00c9RIA&quot;","block_context":{"text":"Geral-MAT\u00c9RIA","link":"https:\/\/www.jornalja.com.br\/geral\/category\/geral\/"},"img":{"alt_text":"","src":"https:\/\/i0.wp.com\/www.jornalja.com.br\/geral\/wp-content\/uploads\/sites\/4\/2020\/12\/stf-imagem.jpg?resize=350%2C200&ssl=1","width":350,"height":200},"classes":[]},{"id":87692,"url":"https:\/\/www.jornalja.com.br\/geral\/stf-confirma-anulacao-de-condenacoes-de-lula-na-lava-jato\/","url_meta":{"origin":95238,"position":5},"title":"STF confirma anula\u00e7\u00e3o de condena\u00e7\u00f5es de Lula na Lava Jato","author":"Cleber Dioni Tentardini","date":"16 de abril de 2021","format":false,"excerpt":"O STF (Supremo Tribunal Federal) decidiu, nesta 5\u00aa feira (15.abr.2021), anular as decis\u00f5es da Justi\u00e7a Federal de Curitiba contra o ex-presidente Luiz In\u00e1cio Lula da Silva, em 4 processos da Lava Jato. Com o resultado, Lula est\u00e1 eleg\u00edvel e apto a disputar a elei\u00e7\u00e3o presidencial de 2022. O resultado foi\u2026","rel":"","context":"Em &quot;Geral-NOTAS&quot;","block_context":{"text":"Geral-NOTAS","link":"https:\/\/www.jornalja.com.br\/geral\/category\/geral-notas\/"},"img":{"alt_text":"","src":"","width":0,"height":0},"classes":[]}],"jetpack_sharing_enabled":true,"_links":{"self":[{"href":"https:\/\/www.jornalja.com.br\/geral\/wp-json\/wp\/v2\/posts\/95238","targetHints":{"allow":["GET"]}}],"collection":[{"href":"https:\/\/www.jornalja.com.br\/geral\/wp-json\/wp\/v2\/posts"}],"about":[{"href":"https:\/\/www.jornalja.com.br\/geral\/wp-json\/wp\/v2\/types\/post"}],"author":[{"embeddable":true,"href":"https:\/\/www.jornalja.com.br\/geral\/wp-json\/wp\/v2\/users\/4"}],"replies":[{"embeddable":true,"href":"https:\/\/www.jornalja.com.br\/geral\/wp-json\/wp\/v2\/comments?post=95238"}],"version-history":[{"count":4,"href":"https:\/\/www.jornalja.com.br\/geral\/wp-json\/wp\/v2\/posts\/95238\/revisions"}],"predecessor-version":[{"id":95248,"href":"https:\/\/www.jornalja.com.br\/geral\/wp-json\/wp\/v2\/posts\/95238\/revisions\/95248"}],"wp:featuredmedia":[{"embeddable":true,"href":"https:\/\/www.jornalja.com.br\/geral\/wp-json\/wp\/v2\/media\/95241"}],"wp:attachment":[{"href":"https:\/\/www.jornalja.com.br\/geral\/wp-json\/wp\/v2\/media?parent=95238"}],"wp:term":[{"taxonomy":"category","embeddable":true,"href":"https:\/\/www.jornalja.com.br\/geral\/wp-json\/wp\/v2\/categories?post=95238"},{"taxonomy":"post_tag","embeddable":true,"href":"https:\/\/www.jornalja.com.br\/geral\/wp-json\/wp\/v2\/tags?post=95238"}],"curies":[{"name":"wp","href":"https:\/\/api.w.org\/{rel}","templated":true}]}}