{"id":95254,"date":"2023-04-27T04:41:49","date_gmt":"2023-04-27T07:41:49","guid":{"rendered":"https:\/\/www.jornalja.com.br\/geral\/?p=95254"},"modified":"2023-04-28T19:31:37","modified_gmt":"2023-04-28T22:31:37","slug":"camara-aprova-urgencia-para-o-projeto-das-fake-news","status":"publish","type":"post","link":"https:\/\/www.jornalja.com.br\/geral\/camara-aprova-urgencia-para-o-projeto-das-fake-news\/","title":{"rendered":"C\u00e2mara aprova urg\u00eancia para o projeto das fake news"},"content":{"rendered":"<p><strong>M\u00e1rcia Turcato, de Bras\u00edlia<\/strong><\/p>\n<p>(Com Ag\u00eancia C\u00e2mara)<\/p>\n<p>A C\u00e2mara dos Deputados aprovou, por 238 votos a 192, o requerimento de urg\u00eancia para o projeto de lei das fake news (PL 2630\/20), que cria a Lei Brasileira de Liberdade, Responsabilidade e Transpar\u00eancia na Internet.<\/p>\n<p>A vota\u00e7\u00e3o da proposta est\u00e1 marcada para ter\u00e7a-feira, dois de maio.<\/p>\n<p>O relator da proposta, deputado Orlando Silva (PCdoB-SP), afirmou que a aprova\u00e7\u00e3o da urg\u00eancia abre uma nova rodada de negocia\u00e7\u00f5es. &#8220;\u00c9 um esfor\u00e7o concentrado para um novo ciclo de conversas&#8221;, disse.<\/p>\n<p>Um dos pontos de maior destaque da \u00faltima vers\u00e3o do texto \u00e9 a cria\u00e7\u00e3o de uma autarquia federal para fiscalizar a aplica\u00e7\u00e3o da lei.<\/p>\n<p>Essa autoridade teria poderes de, por exemplo, cancelar contas e conte\u00fados considerados criminosos. A cria\u00e7\u00e3o de uma autoridade federal foi criticada por deputados da Frente Parlamentar Evang\u00e9lica, instalada no Senado em 15 de mar\u00e7o deste ano, presidida pelo senador Carlos Viana (Podemos-MG) e que tem a senadora Damares Alves (Republicanos-DF) como vice-presidente.<\/p>\n<p>A cria\u00e7\u00e3o de uma autoridade nacional de regula\u00e7\u00e3o n\u00e3o \u00e9 um pioneirismo do Brasil. Portugal criou em 2006 a ERC- Entidade Reguladora para a Comunica\u00e7\u00e3o Social. A ERC \u00e9 uma entidade aut\u00f4noma, com sede em Lisboa, criada com a miss\u00e3o de supervisionar e regular os \u00f3rg\u00e3os de comunica\u00e7\u00e3o social, como r\u00e1dio, TV e plataformas de redes, e atua sempre que acionada, al\u00e9m de promover constante di\u00e1logo entre todas as partes. O modelo portugu\u00eas est\u00e1 em discuss\u00e3o no Parlamento Europeu e poder\u00e1 ser adotado para toda a comunidade.<\/p>\n<p><strong>Nova regra<\/strong><\/p>\n<p>O PL cria medidas de combate \u00e0 dissemina\u00e7\u00e3o de conte\u00fado falso nas redes sociais, como Facebook e Twitter, por exemplo, e nos servi\u00e7os de mensagens privadas, como WhatsApp e Telegram, estando exclu\u00eddos os servi\u00e7os de uso corporativo e e-mail.<\/p>\n<p>As medidas ter\u00e3o efic\u00e1cia para as plataformas com mais de dois milh\u00f5es de usu\u00e1rios, inclusive estrangeiras, desde que ofertem servi\u00e7os ao p\u00fablico brasileiro.<\/p>\n<p>Os principais pontos do PL determinam o fim dos rob\u00f4s nas redes sociais; limita o envio de mensagens a usu\u00e1rios e grupos; determina a retirada imediata de conte\u00fado contra crian\u00e7as e adolescentes, por exemplo, sem necessidade de notificar o autor; exige a identifica\u00e7\u00e3o de conte\u00fado pago; cria o Conselho de Transpar\u00eancia e Responsabilidade na Internet; estipula que contas de interesse p\u00fablico n\u00e3o poder\u00e3o restringir o seu acesso, \u00e9 o caso do perfil do Presidente da Rep\u00fablica e de institui\u00e7\u00f5es p\u00fablicas, por exemplo; determina que todos os provedores de redes sociais e de servi\u00e7os de mensagem privada dever\u00e3o ter sede e nomear representantes legais no Brasil e, por \u00faltimo, estabelece san\u00e7\u00f5es para quem descomprir a lei.<\/p>\n<p><strong>Liberdade de express\u00e3o<\/strong><\/p>\n<p>O deputado Orlando Silva informou que a aplica\u00e7\u00e3o das san\u00e7\u00f5es tamb\u00e9m \u00e9 um ponto de diverg\u00eancia nas negocia\u00e7\u00f5es com deputados da direita. &#8220;Vamos nos reunir para aprofundar os debates. Mas temos que resolver dois problemas: fiscaliza\u00e7\u00e3o da lei e aplica\u00e7\u00e3o de san\u00e7\u00f5es administrativas, se necess\u00e1rio&#8221;. Ele defendeu que a responsabilidade sobre a fiscaliza\u00e7\u00e3o da lei poder\u00e1 recair sobre outro \u00f3rg\u00e3o se o Executivo assim optar, com o objetivo de superar os debates sobre a cria\u00e7\u00e3o de uma autarquia pela proposta.<\/p>\n<p>&#8220;A liberdade de express\u00e3o est\u00e1 fortalecida com um processo em que o pr\u00f3prio usu\u00e1rio pode contestar quando se sentir prejudicado&#8221;, disse o relator da mat\u00e9ria. Orlando Silva afirmou ainda que \u00e9 necess\u00e1rio alterar o regime de responsabilidade das plataformas de redes sociais, mensagens e busca para se ter mais transpar\u00eancia.<\/p>\n<p>Pela proposta, redes sociais, aplicativos de mensagens instant\u00e2neas e plataformas de busca dever\u00e3o agir para sinalizar, retirar ou diminuir o alcance de contas e publica\u00e7\u00f5es acusadas de propagar conte\u00fado criminoso: que configurem ou incitem golpe de estado, atos de terrorismo, suic\u00eddio, crimes contra crian\u00e7as e adolescentes, discrimina\u00e7\u00e3o e preconceito, viol\u00eancia contra a mulher e infra\u00e7\u00e3o sanit\u00e1rias.<\/p>\n<p><strong>Constru\u00e7\u00e3o da desinforma\u00e7\u00e3o<\/strong><\/p>\n<p>Sabemos que uma not\u00edcia, por defini\u00e7\u00e3o, n\u00e3o \u00e9 falsa, ela foi apurada com \u00e9tica por um jornalista profissional. Falsas s\u00e3o as narrativas publicadas em portais que, embora pare\u00e7am ser s\u00edtios de not\u00edcia, publicam conte\u00fado sem responsabilidade social com o objetivo de prejudicar a capacidade de avalia\u00e7\u00e3o da audi\u00eancia.<\/p>\n<p>Conhecidas como fake news, as vers\u00f5es distorcidas da informa\u00e7\u00e3o se apropriam de algum tra\u00e7o de realidade de forma a conferir credibilidade \u00e0s teses de grupos de ideologia indefens\u00e1vel. A desinforma\u00e7\u00e3o imita o jornalismo na forma, mas n\u00e3o nos procedimentos. S\u00e3o criados personagens e inventados fatos para construir mentiras estrat\u00e9gicas para que pare\u00e7am ver\u00eddicas e ganhem impulso nas redes sociais e, com isso, conquistar a simpatia de cidad\u00e3os de boa f\u00e9. Os algoritmos s\u00e3o uma armadilha da web.<\/p>\n<p>Em alguns casos, o discurso n\u00e3o \u00e9 alterado, mas \u00e9 feita edi\u00e7\u00e3o das imagens, modificando a velocidade dos frames, ou o \u00e1udio da grava\u00e7\u00e3o, para que o protagonista aparente estar alterado e perca credibilidade junto a plateia. Esta \u00e9 outra face da manipula\u00e7\u00e3o tecnol\u00f3gica que precisamos enfrentar.<\/p>\n<p>Outro grave problema nas redes sociais \u00e9 a publicidade que \u00e9 feita sob a forma de informa\u00e7\u00e3o, enganando a audi\u00eancia. Todas essas situa\u00e7\u00f5es, embora distintas no formato, t\u00eam semelhan\u00e7a na origem: valem-se da estrat\u00e9gia da desinforma\u00e7\u00e3o ou da sonega\u00e7\u00e3o da informa\u00e7\u00e3o.<\/p>\n<p>A sonega\u00e7\u00e3o da informa\u00e7\u00e3o foi adotada por institui\u00e7\u00f5es p\u00fablicas, especialmente no Brasil, apesar da exist\u00eancia da Lei de Acesso \u00e0 Informa\u00e7\u00e3o, durante o governo do ex-presidente Bolsonaro (2018-2022). A p\u00f3s-verdade \u00e9 um fen\u00f4meno atual e n\u00e3o pode ser ignorado.<\/p>\n<p>Diante do fen\u00f4meno das fakes news, v\u00e1rias institui\u00e7\u00f5es criaram sites de checagem de informa\u00e7\u00f5es a partir de 2018, unindo parceiros da m\u00eddia especializada ao Judici\u00e1rio, ao Legislativo e organiza\u00e7\u00f5es sociais.<\/p>\n<p>&nbsp;<\/p>\n","protected":false},"excerpt":{"rendered":"<p>M\u00e1rcia Turcato, de Bras\u00edlia (Com Ag\u00eancia C\u00e2mara) A C\u00e2mara dos Deputados aprovou, por 238 votos a 192, o requerimento de urg\u00eancia para o projeto de lei das fake news (PL 2630\/20), que cria a Lei Brasileira de Liberdade, Responsabilidade e Transpar\u00eancia na Internet. A vota\u00e7\u00e3o da proposta est\u00e1 marcada para ter\u00e7a-feira, dois de maio. O [&hellip;]<\/p>\n","protected":false},"author":4,"featured_media":95255,"comment_status":"open","ping_status":"open","sticky":false,"template":"","format":"standard","meta":{"jetpack_post_was_ever_published":false,"_jetpack_newsletter_access":"","_jetpack_dont_email_post_to_subs":false,"_jetpack_newsletter_tier_id":0,"_jetpack_memberships_contains_paywalled_content":false,"_jetpack_memberships_contains_paid_content":false,"footnotes":"","jetpack_publicize_message":"","jetpack_publicize_feature_enabled":true,"jetpack_social_post_already_shared":true,"jetpack_social_options":{"image_generator_settings":{"template":"highway","default_image_id":0,"font":"","enabled":false},"version":2}},"categories":[2],"tags":[269,89,238,240,343,351,339,500,191,440,477,236,524,503,356,528,488,255,161,479,15,149,95,310,546,196,239],"class_list":["post-95254","post","type-post","status-publish","format-standard","has-post-thumbnail","hentry","category-geral","tag-artes","tag-bolsonaro","tag-brasil","tag-camara","tag-camara-dos-deputados","tag-crimes","tag-deputados","tag-etica","tag-facebook","tag-fake-news","tag-golpe","tag-governo","tag-jornalismo","tag-judiciario","tag-mel","tag-orla","tag-projeto","tag-projeto-de-lei","tag-pt","tag-red","tag-rs","tag-sc","tag-sp","tag-suicidio","tag-terrorismo","tag-twitter","tag-violencia"],"aioseo_notices":[],"jetpack_publicize_connections":[],"jetpack_featured_media_url":"https:\/\/www.jornalja.com.br\/geral\/wp-content\/uploads\/sites\/4\/2023\/04\/camara-aprova-urgencia-para-as-fake-news.jpg","jetpack_shortlink":"https:\/\/wp.me\/pbKhrD-oMm","jetpack-related-posts":[{"id":95304,"url":"https:\/\/www.jornalja.com.br\/geral\/google-retira-do-ar-campanha-contra-pl-das-fake-news\/","url_meta":{"origin":95254,"position":0},"title":"Google retira do ar campanha contra projeto que regulamenta redes sociais","author":"da Reda\u00e7\u00e3o","date":"2 de maio de 2023","format":false,"excerpt":"Por M\u00e1rcia Turcato, de Bras\u00edlia Ao meio dia desta ter\u00e7a-feira (02), o Google come\u00e7ou a retirar de suas plataformas textos contr\u00e1rios ao PL 2630, que regulamenta conte\u00fados nas redes sociais, tamb\u00e9m conhecido como PL de combate \u00e0 fake news. Uma medida cautelar do Minist\u00e9rio da Justi\u00e7a, por meio da Secretaria\u2026","rel":"","context":"Em &quot;Geral-MAT\u00c9RIA&quot;","block_context":{"text":"Geral-MAT\u00c9RIA","link":"https:\/\/www.jornalja.com.br\/geral\/category\/geral\/"},"img":{"alt_text":"","src":"https:\/\/i0.wp.com\/www.jornalja.com.br\/geral\/wp-content\/uploads\/sites\/4\/2023\/05\/fake-news-foto-contra-pl.jpg?resize=350%2C200&ssl=1","width":350,"height":200,"srcset":"https:\/\/i0.wp.com\/www.jornalja.com.br\/geral\/wp-content\/uploads\/sites\/4\/2023\/05\/fake-news-foto-contra-pl.jpg?resize=350%2C200&ssl=1 1x, https:\/\/i0.wp.com\/www.jornalja.com.br\/geral\/wp-content\/uploads\/sites\/4\/2023\/05\/fake-news-foto-contra-pl.jpg?resize=525%2C300&ssl=1 1.5x, https:\/\/i0.wp.com\/www.jornalja.com.br\/geral\/wp-content\/uploads\/sites\/4\/2023\/05\/fake-news-foto-contra-pl.jpg?resize=700%2C400&ssl=1 2x, https:\/\/i0.wp.com\/www.jornalja.com.br\/geral\/wp-content\/uploads\/sites\/4\/2023\/05\/fake-news-foto-contra-pl.jpg?resize=1050%2C600&ssl=1 3x, https:\/\/i0.wp.com\/www.jornalja.com.br\/geral\/wp-content\/uploads\/sites\/4\/2023\/05\/fake-news-foto-contra-pl.jpg?resize=1400%2C800&ssl=1 4x"},"classes":[]},{"id":83909,"url":"https:\/\/www.jornalja.com.br\/geral\/senado-vota-projeto-para-combater-fake-news\/","url_meta":{"origin":95254,"position":1},"title":"Senado vota projeto para combater fake news","author":"Elmar Bones","date":"2 de junho de 2020","format":false,"excerpt":"Prevista para esta ter\u00e7a-feira, 2, a vota\u00e7\u00e3o, no Senado, do projeto sobre fake news. O objetivo \u00e9 combater as noticias falsas espalhadas nas redes sociais, segundo um dos autores da proposta, senador Alessandro Vieira, do Cidadania, de Sergipe. Vieira argumenta que o projeto mira nas ferramentas que s\u00e3o utilizadas criminalmente,\u2026","rel":"","context":"Em &quot;Geral-NOTAS&quot;","block_context":{"text":"Geral-NOTAS","link":"https:\/\/www.jornalja.com.br\/geral\/category\/geral-notas\/"},"img":{"alt_text":"","src":"","width":0,"height":0},"classes":[]},{"id":91958,"url":"https:\/\/www.jornalja.com.br\/geral\/onibus-em-porto-alegre-melo-diz-que-sem-subsidio-federal-vai-atualizar-a-tarifa\/","url_meta":{"origin":95254,"position":2},"title":"\u00d4nibus em Porto Alegre: Melo diz que sem subs\u00eddio federal vai &#8220;atualizar&#8221; a tarifa","author":"da Reda\u00e7\u00e3o","date":"24 de mar\u00e7o de 2022","format":false,"excerpt":"O prefeito Sebasti\u00e3o Melo assumiu nesta quinta-feira, 24, a vice-presid\u00eancia de mobilidade urbana da Frente Nacional de Prefeitos (FNP). \u201cFui convidado pelo presidente Edvaldo Nogueira (prefeito de Aracaju) e aceitei o desafio de liderar a constru\u00e7\u00e3o de solu\u00e7\u00f5es conjuntas para o transporte p\u00fablico\u201d, afirma Melo. Na campanha eleitoral, o prefeito\u2026","rel":"","context":"Em &quot;Geral-MAT\u00c9RIA&quot;","block_context":{"text":"Geral-MAT\u00c9RIA","link":"https:\/\/www.jornalja.com.br\/geral\/category\/geral\/"},"img":{"alt_text":"","src":"https:\/\/i0.wp.com\/www.jornalja.com.br\/geral\/wp-content\/uploads\/sites\/4\/2022\/03\/whatsapp-image-2022-03-24-at-180643-1.jpeg?resize=350%2C200&ssl=1","width":350,"height":200,"srcset":"https:\/\/i0.wp.com\/www.jornalja.com.br\/geral\/wp-content\/uploads\/sites\/4\/2022\/03\/whatsapp-image-2022-03-24-at-180643-1.jpeg?resize=350%2C200&ssl=1 1x, https:\/\/i0.wp.com\/www.jornalja.com.br\/geral\/wp-content\/uploads\/sites\/4\/2022\/03\/whatsapp-image-2022-03-24-at-180643-1.jpeg?resize=525%2C300&ssl=1 1.5x, https:\/\/i0.wp.com\/www.jornalja.com.br\/geral\/wp-content\/uploads\/sites\/4\/2022\/03\/whatsapp-image-2022-03-24-at-180643-1.jpeg?resize=700%2C400&ssl=1 2x"},"classes":[]},{"id":100041,"url":"https:\/\/www.jornalja.com.br\/geral\/frente-convoca-nova-manifestacao-contra-a-privatizacao-do-dmae\/","url_meta":{"origin":95254,"position":3},"title":"Frente convoca nova manifesta\u00e7\u00e3o contra a privatiza\u00e7\u00e3o do DMAE","author":"da Reda\u00e7\u00e3o","date":"19 de outubro de 2025","format":false,"excerpt":"A concentra\u00e7\u00e3o come\u00e7a a partir das 11h de quarta-feira, na C\u00e2mara de Vereadores de Porto Alegre. A \"Frente em Defesa da \u00c1gua e do DMAE P\u00fablico e Estatal\" decidiu intensificar a mobiliza\u00e7\u00e3o contra o Projeto de Lei 028\/2025, que deve ser votado na C\u00e2mara de Vereadores na pr\u00f3xima quarta-feira (22\/10).\u2026","rel":"","context":"Em &quot;Geral-MAT\u00c9RIA&quot;","block_context":{"text":"Geral-MAT\u00c9RIA","link":"https:\/\/www.jornalja.com.br\/geral\/category\/geral\/"},"img":{"alt_text":"","src":"https:\/\/i0.wp.com\/www.jornalja.com.br\/geral\/wp-content\/uploads\/sites\/4\/2025\/10\/dmae-guarda-municipal-reprimiu-protesto.jpeg?resize=350%2C200&ssl=1","width":350,"height":200,"srcset":"https:\/\/i0.wp.com\/www.jornalja.com.br\/geral\/wp-content\/uploads\/sites\/4\/2025\/10\/dmae-guarda-municipal-reprimiu-protesto.jpeg?resize=350%2C200&ssl=1 1x, https:\/\/i0.wp.com\/www.jornalja.com.br\/geral\/wp-content\/uploads\/sites\/4\/2025\/10\/dmae-guarda-municipal-reprimiu-protesto.jpeg?resize=525%2C300&ssl=1 1.5x, https:\/\/i0.wp.com\/www.jornalja.com.br\/geral\/wp-content\/uploads\/sites\/4\/2025\/10\/dmae-guarda-municipal-reprimiu-protesto.jpeg?resize=700%2C400&ssl=1 2x"},"classes":[]},{"id":100336,"url":"https:\/\/www.jornalja.com.br\/geral\/pl-da-devastacao-em-retaliacao-ao-governo-oposicao-pode-derrubar-vetos-de-lula\/","url_meta":{"origin":95254,"position":4},"title":"Em retalia\u00e7\u00e3o ao governo, oposi\u00e7\u00e3o derruba vetos de Lula e restabelece o &#8220;PL da Devasta\u00e7\u00e3o&#8221;.","author":"da Reda\u00e7\u00e3o","date":"2 de novembro de 2025","format":false,"excerpt":"Em vota\u00e7\u00e3o conjunta no Congresso Nacional, na quinta-feira (27), foram derrubados\u00a0 os vetos do presidente Lula \u00e0 Lei Geral do Licenciamento Ambiental (Lei n\u00ba 15.190\/2025),\u00a0 o chamado\u00a0 \u201cPL da Devasta\u00e7\u00e3o\u201d. Aconteceu o que as organiza\u00e7\u00f5es de defesa ambiental temiam: a reabilita\u00e7\u00e3o dos dispositivos que autorizam autolicenciamento amplo, emiss\u00e3o autom\u00e1tica de\u2026","rel":"","context":"Em &quot;Geral-MAT\u00c9RIA&quot;","block_context":{"text":"Geral-MAT\u00c9RIA","link":"https:\/\/www.jornalja.com.br\/geral\/category\/geral\/"},"img":{"alt_text":"","src":"https:\/\/i0.wp.com\/www.jornalja.com.br\/geral\/wp-content\/uploads\/sites\/4\/2025\/11\/iotti-pl-devastaccao-scaled.jpg?resize=350%2C200&ssl=1","width":350,"height":200,"srcset":"https:\/\/i0.wp.com\/www.jornalja.com.br\/geral\/wp-content\/uploads\/sites\/4\/2025\/11\/iotti-pl-devastaccao-scaled.jpg?resize=350%2C200&ssl=1 1x, https:\/\/i0.wp.com\/www.jornalja.com.br\/geral\/wp-content\/uploads\/sites\/4\/2025\/11\/iotti-pl-devastaccao-scaled.jpg?resize=525%2C300&ssl=1 1.5x, https:\/\/i0.wp.com\/www.jornalja.com.br\/geral\/wp-content\/uploads\/sites\/4\/2025\/11\/iotti-pl-devastaccao-scaled.jpg?resize=700%2C400&ssl=1 2x, https:\/\/i0.wp.com\/www.jornalja.com.br\/geral\/wp-content\/uploads\/sites\/4\/2025\/11\/iotti-pl-devastaccao-scaled.jpg?resize=1050%2C600&ssl=1 3x, https:\/\/i0.wp.com\/www.jornalja.com.br\/geral\/wp-content\/uploads\/sites\/4\/2025\/11\/iotti-pl-devastaccao-scaled.jpg?resize=1400%2C800&ssl=1 4x"},"classes":[]},{"id":100384,"url":"https:\/\/www.jornalja.com.br\/geral\/senhora-das-emendas-ex-assessora-de-lira-que-distribuia-verbas-do-orcamento-secreto-e-alvo-da-pf\/","url_meta":{"origin":95254,"position":5},"title":"Senhora das Emendas: ex-assessora de Lira que distribu\u00eda verbas do or\u00e7amento secreto \u00e9 alvo da PF","author":"da Reda\u00e7\u00e3o","date":"12 de dezembro de 2025","format":false,"excerpt":"Mari\u00e2ngela Fialek, a Tuca, ex-assessora do ex-presidente da C\u00e2mara Arthur Lira (PP-AL) foi alvo de uma opera\u00e7\u00e3o da Pol\u00edcia Federal nesta sexta-feira. Segundo as investiga\u00e7\u00f5es, ela est\u00e1 no centro de um esquema que opera o or\u00e7amento secreto e organiza a indica\u00e7\u00e3o das emendas parlamentares. Tuca, atualmente, trabalha na lideran\u00e7a do\u2026","rel":"","context":"Em &quot;Geral-MAT\u00c9RIA&quot;","block_context":{"text":"Geral-MAT\u00c9RIA","link":"https:\/\/www.jornalja.com.br\/geral\/category\/geral\/"},"img":{"alt_text":"","src":"https:\/\/i0.wp.com\/www.jornalja.com.br\/geral\/wp-content\/uploads\/sites\/4\/2025\/12\/emendas-ssessora-de-lyra.png?resize=350%2C200&ssl=1","width":350,"height":200,"srcset":"https:\/\/i0.wp.com\/www.jornalja.com.br\/geral\/wp-content\/uploads\/sites\/4\/2025\/12\/emendas-ssessora-de-lyra.png?resize=350%2C200&ssl=1 1x, https:\/\/i0.wp.com\/www.jornalja.com.br\/geral\/wp-content\/uploads\/sites\/4\/2025\/12\/emendas-ssessora-de-lyra.png?resize=525%2C300&ssl=1 1.5x"},"classes":[]}],"jetpack_sharing_enabled":true,"_links":{"self":[{"href":"https:\/\/www.jornalja.com.br\/geral\/wp-json\/wp\/v2\/posts\/95254","targetHints":{"allow":["GET"]}}],"collection":[{"href":"https:\/\/www.jornalja.com.br\/geral\/wp-json\/wp\/v2\/posts"}],"about":[{"href":"https:\/\/www.jornalja.com.br\/geral\/wp-json\/wp\/v2\/types\/post"}],"author":[{"embeddable":true,"href":"https:\/\/www.jornalja.com.br\/geral\/wp-json\/wp\/v2\/users\/4"}],"replies":[{"embeddable":true,"href":"https:\/\/www.jornalja.com.br\/geral\/wp-json\/wp\/v2\/comments?post=95254"}],"version-history":[{"count":1,"href":"https:\/\/www.jornalja.com.br\/geral\/wp-json\/wp\/v2\/posts\/95254\/revisions"}],"predecessor-version":[{"id":95256,"href":"https:\/\/www.jornalja.com.br\/geral\/wp-json\/wp\/v2\/posts\/95254\/revisions\/95256"}],"wp:featuredmedia":[{"embeddable":true,"href":"https:\/\/www.jornalja.com.br\/geral\/wp-json\/wp\/v2\/media\/95255"}],"wp:attachment":[{"href":"https:\/\/www.jornalja.com.br\/geral\/wp-json\/wp\/v2\/media?parent=95254"}],"wp:term":[{"taxonomy":"category","embeddable":true,"href":"https:\/\/www.jornalja.com.br\/geral\/wp-json\/wp\/v2\/categories?post=95254"},{"taxonomy":"post_tag","embeddable":true,"href":"https:\/\/www.jornalja.com.br\/geral\/wp-json\/wp\/v2\/tags?post=95254"}],"curies":[{"name":"wp","href":"https:\/\/api.w.org\/{rel}","templated":true}]}}