{"id":95285,"date":"2023-05-01T22:08:06","date_gmt":"2023-05-02T01:08:06","guid":{"rendered":"https:\/\/www.jornalja.com.br\/geral\/?p=95285"},"modified":"2023-05-01T22:09:34","modified_gmt":"2023-05-02T01:09:34","slug":"aumento-de-r-18oo-no-salario-minimo-lula-nao-toca-no-assunto","status":"publish","type":"post","link":"https:\/\/www.jornalja.com.br\/geral\/aumento-de-r-18oo-no-salario-minimo-lula-nao-toca-no-assunto\/","title":{"rendered":"Aumento de R$ 18,oo no sal\u00e1rio m\u00ednimo: Lula n\u00e3o toca no assunto"},"content":{"rendered":"<p>O sal\u00e1rio m\u00ednimo passa de R$ 1.302 para R$ 1.320, a partir desta segunda feira.<\/p>\n<p>A medida provis\u00f3ria com o aumento foi publicada em edi\u00e7\u00e3o extra do Di\u00e1rio Oficial da Uni\u00e3o. Em seu discurso no primeiro de maio, o presidente Lula n\u00e3o tocou no assunto.<\/p>\n<p>O valor de R$ 1.320 originalmente estava previsto no Or\u00e7amento Geral da Uni\u00e3o de 2023. No entanto,\u00a0foi adiado em quatro meses porque o sal\u00e1rio m\u00ednimo neste valor n\u00e3o permitiria pagar os benef\u00edcios do Instituto Nacional do Seguro Social (INSS) durante todo o ano.<\/p>\n<p>O aumento para R$ 1.320 ficou em discuss\u00e3o porque os R$ 6,8 bilh\u00f5es destinados pela Emenda Constitucional da Transi\u00e7\u00e3o se mostraram insuficientes para bancar o aumento dos benef\u00edcios do Instituto Nacional do Seguro Social (INSS) atrelados ao sal\u00e1rio m\u00ednimo.<\/p>\n<p>De acordo com o Minist\u00e9rio da Fazenda, al\u00e9m dos R$ 6,8 bilh\u00f5es, o governo precisaria de R$ 7,7 bilh\u00f5es para bancar o aumento do sal\u00e1rio m\u00ednimo para R$ 1.320 ainda em janeiro. Inicialmente, a equipe econ\u00f4mica queria adiar o reajuste para 2024, mas o governo conseguiu encontrar recursos para o novo aumento do m\u00ednimo. O dinheiro veio do recadastramento do Bolsa Fam\u00edlia, que eliminou 1,2 milh\u00e3o de benefici\u00e1rios em situa\u00e7\u00e3o irregular apenas em abril.<\/p>\n<p>\u201cO relator [do Or\u00e7amento], depois que o projeto foi encaminhado ao governo federal, refor\u00e7ou o or\u00e7amento do Minist\u00e9rio da Previd\u00eancia em R$ 6,8 bilh\u00f5es. S\u00f3 que esse recurso foi consumido pelo andar da fila do INSS [redu\u00e7\u00e3o da fila de pedidos]. A partir do in\u00edcio do processo eleitoral, a fila come\u00e7ou a andar\u201d, disse o ministro da Fazenda, Fernando Haddad, em janeiro.<\/p>\n<p>Segundo o ministro, a acelera\u00e7\u00e3o da inclus\u00e3o de aposentadorias e pens\u00f5es consumiu os R$ 6,8 bilh\u00f5es. \u201cPedimos para a Previd\u00eancia refazer os c\u00e1lculos, para repassar na mesa de negocia\u00e7\u00e3o que ser\u00e1 aberta com os sindicatos. O presidente cumpre a palavra este m\u00eas e cumprir\u00e1 a palavra este ano [sobre a valoriza\u00e7\u00e3o do sal\u00e1rio m\u00ednimo acima da infla\u00e7\u00e3o]\u201d, acrescentou o ministro na ocasi\u00e3o.<\/p>\n<p><strong>Projeto<\/strong><br \/>\nAp\u00f3s os dois reajustes deste ano, um em janeiro e outro agora em maio, o governo &#8220;busca discutir uma pol\u00edtica de valoriza\u00e7\u00e3o permanente do sal\u00e1rio m\u00ednimo a partir de 2024&#8221;.<\/p>\n<p>Na \u00faltima sexta-feira (28), o ministro do Trabalho e Emprego, Luiz Marinho, informou que o governo em breve enviar\u00e1 um projeto de lei que\u00a0retoma a f\u00f3rmula que vigorou de 2012 at\u00e9 2019.<\/p>\n<p>Pela pol\u00edtica anterior, o sal\u00e1rio m\u00ednimo era corrigido pela infla\u00e7\u00e3o do ano anterior, pelo \u00cdndice Nacional de Pre\u00e7os ao Consumidor (INPC)\u00a0e o crescimento do Produto Interno Bruto (PIB) de dois anos antes. Caso o PIB encolha, haver\u00e1 apenas a reposi\u00e7\u00e3o pela infla\u00e7\u00e3o.<\/p>\n<p>(Com informa\u00e7\u00f5es da Ag\u00eancia Brasil)<\/p>\n","protected":false},"excerpt":{"rendered":"<p>O sal\u00e1rio m\u00ednimo passa de R$ 1.302 para R$ 1.320, a partir desta segunda feira. A medida provis\u00f3ria com o aumento foi publicada em edi\u00e7\u00e3o extra do Di\u00e1rio Oficial da Uni\u00e3o. Em seu discurso no primeiro de maio, o presidente Lula n\u00e3o tocou no assunto. O valor de R$ 1.320 originalmente estava previsto no Or\u00e7amento [&hellip;]<\/p>\n","protected":false},"author":4,"featured_media":95291,"comment_status":"open","ping_status":"open","sticky":false,"template":"","format":"standard","meta":{"jetpack_post_was_ever_published":false,"_jetpack_newsletter_access":"","_jetpack_dont_email_post_to_subs":false,"_jetpack_newsletter_tier_id":0,"_jetpack_memberships_contains_paywalled_content":false,"_jetpack_memberships_contains_paid_content":false,"footnotes":"","jetpack_publicize_message":"","jetpack_publicize_feature_enabled":true,"jetpack_social_post_already_shared":true,"jetpack_social_options":{"image_generator_settings":{"template":"highway","default_image_id":0,"font":"","enabled":false},"version":2}},"categories":[2],"tags":[87,238,424,257,169,51,156,236,158,419,247,237,488,255,479,15,149,509],"class_list":["post-95285","post","type-post","status-publish","format-standard","has-post-thumbnail","hentry","category-geral","tag-ari","tag-brasil","tag-diario-oficial","tag-emprego","tag-encol","tag-fazenda","tag-fernando-haddad","tag-governo","tag-lula","tag-pib","tag-politica","tag-previdencia","tag-projeto","tag-projeto-de-lei","tag-red","tag-rs","tag-sc","tag-uniao"],"aioseo_notices":[],"jetpack_publicize_connections":[],"jetpack_featured_media_url":"https:\/\/www.jornalja.com.br\/geral\/wp-content\/uploads\/sites\/4\/2023\/05\/salario-minimo-2.jpg","jetpack_shortlink":"https:\/\/wp.me\/pbKhrD-oMR","jetpack-related-posts":[{"id":96818,"url":"https:\/\/www.jornalja.com.br\/geral\/novo-minimo-vai-injetar-70-bilhoes-na-renda-dos-trabalhadores\/","url_meta":{"origin":95285,"position":0},"title":"Reajuste do sal\u00e1rio m\u00ednimo vai injetar 70 bilh\u00f5es na renda dos trabalhadores","author":"da Reda\u00e7\u00e3o","date":"1 de janeiro de 2024","format":false,"excerpt":"O novo sal\u00e1rio m\u00ednimo de R$ 1.412, entrou em vigor nesta segunda-feira, 1. Ele \u00e9 6,97% maior que o sal\u00e1rio de R$ 1.320, que vigorou de maio a dezembro de 2023. Considerando a infla\u00e7\u00e3o medida pelo \u00cdndice Nacional de Pre\u00e7os ao Consumidor (INPC) para o per\u00edodo de maio - m\u00eas\u2026","rel":"","context":"Em &quot;Geral-MAT\u00c9RIA&quot;","block_context":{"text":"Geral-MAT\u00c9RIA","link":"https:\/\/www.jornalja.com.br\/geral\/category\/geral\/"},"img":{"alt_text":"","src":"","width":0,"height":0},"classes":[]},{"id":94883,"url":"https:\/\/www.jornalja.com.br\/geral\/inss-confirma-aumento-de-59-para-quem-ganha-cima-do-minimo\/","url_meta":{"origin":95285,"position":1},"title":"INSS confirma aumento de 5,9% para quem ganha cima do m\u00ednimo","author":"da Reda\u00e7\u00e3o","date":"10 de janeiro de 2023","format":false,"excerpt":"Os benef\u00edcios do Instituto Nacional do Seguro Social (INSS) acima de um sal\u00e1rio m\u00ednimo subir\u00e3o 5,93% neste ano, confirmou hoje (10) o Minist\u00e9rio da Previd\u00eancia Social. O reajuste seguir\u00e1 o \u00cdndice Nacional de Pre\u00e7os ao Consumidor (INPC) do ano passado, divulgado mais cedo pelo Instituto Brasileiro de Geografia e Estat\u00edstica\u2026","rel":"","context":"Em &quot;Geral-NOTAS&quot;","block_context":{"text":"Geral-NOTAS","link":"https:\/\/www.jornalja.com.br\/geral\/category\/geral-notas\/"},"img":{"alt_text":"","src":"","width":0,"height":0},"classes":[]},{"id":96123,"url":"https:\/\/www.jornalja.com.br\/geral\/governo-amplia-aumento-e-preve-crescimento-real-de-77-no-salario-minimo\/","url_meta":{"origin":95285,"position":2},"title":"Governo amplia aumento e prev\u00ea crescimento real de 7,7% no sal\u00e1rio m\u00ednimo em 2024","author":"da Reda\u00e7\u00e3o","date":"4 de setembro de 2023","format":false,"excerpt":"A nova regra de corre\u00e7\u00e3o fez o governo elevar a previs\u00e3o para o sal\u00e1rio m\u00ednimo no pr\u00f3ximo ano. O projeto da Lei Or\u00e7ament\u00e1ria de 2024, que ser\u00e1 enviado at\u00e9 nesta quinta-feira (31) ao Congresso, prev\u00ea o m\u00ednimo de R$ 1.421, um acr\u00e9scimo de\u00a0 R$ 32,oo ao valor de R$ 1.389\u2026","rel":"","context":"Em &quot;Geral-MAT\u00c9RIA&quot;","block_context":{"text":"Geral-MAT\u00c9RIA","link":"https:\/\/www.jornalja.com.br\/geral\/category\/geral\/"},"img":{"alt_text":"","src":"https:\/\/i0.wp.com\/www.jornalja.com.br\/geral\/wp-content\/uploads\/sites\/4\/2023\/09\/salario-minimo-foto-ebc.jpg?resize=350%2C200&ssl=1","width":350,"height":200,"srcset":"https:\/\/i0.wp.com\/www.jornalja.com.br\/geral\/wp-content\/uploads\/sites\/4\/2023\/09\/salario-minimo-foto-ebc.jpg?resize=350%2C200&ssl=1 1x, https:\/\/i0.wp.com\/www.jornalja.com.br\/geral\/wp-content\/uploads\/sites\/4\/2023\/09\/salario-minimo-foto-ebc.jpg?resize=525%2C300&ssl=1 1.5x, https:\/\/i0.wp.com\/www.jornalja.com.br\/geral\/wp-content\/uploads\/sites\/4\/2023\/09\/salario-minimo-foto-ebc.jpg?resize=700%2C400&ssl=1 2x, https:\/\/i0.wp.com\/www.jornalja.com.br\/geral\/wp-content\/uploads\/sites\/4\/2023\/09\/salario-minimo-foto-ebc.jpg?resize=1050%2C600&ssl=1 3x"},"classes":[]},{"id":85394,"url":"https:\/\/www.jornalja.com.br\/geral\/pelo-segundo-ano-governo-nao-indica-aumento-real-e-salario-minimo-para-2021-ficara-em-r-1-067\/","url_meta":{"origin":95285,"position":3},"title":"Sem aumento real pelo segundo ano, sal\u00e1rio m\u00ednimo para 2021 ficar\u00e1 em R$ 1.067","author":"da Reda\u00e7\u00e3o","date":"31 de agosto de 2020","format":false,"excerpt":"Para o Governo Federal, a queda da infla\u00e7\u00e3o justifica reduzir o reajuste do sal\u00e1rio m\u00ednimo para o pr\u00f3ximo ano. Segundo o projeto do Or\u00e7amento de 2021, enviado hoje , 31\/08, ao Congresso, o m\u00ednimo subir\u00e1 para R$ 1.067 em 2021. O projeto da Lei de Diretrizes Or\u00e7ament\u00e1rias (LDO) de 2021,\u2026","rel":"","context":"Em &quot;Geral-MAT\u00c9RIA&quot;","block_context":{"text":"Geral-MAT\u00c9RIA","link":"https:\/\/www.jornalja.com.br\/geral\/category\/geral\/"},"img":{"alt_text":"","src":"https:\/\/i0.wp.com\/www.jornalja.com.br\/geral\/wp-content\/uploads\/sites\/4\/2020\/08\/real-moeda-020120a84t47475213.jpg?resize=350%2C200&ssl=1","width":350,"height":200,"srcset":"https:\/\/i0.wp.com\/www.jornalja.com.br\/geral\/wp-content\/uploads\/sites\/4\/2020\/08\/real-moeda-020120a84t47475213.jpg?resize=350%2C200&ssl=1 1x, https:\/\/i0.wp.com\/www.jornalja.com.br\/geral\/wp-content\/uploads\/sites\/4\/2020\/08\/real-moeda-020120a84t47475213.jpg?resize=525%2C300&ssl=1 1.5x, https:\/\/i0.wp.com\/www.jornalja.com.br\/geral\/wp-content\/uploads\/sites\/4\/2020\/08\/real-moeda-020120a84t47475213.jpg?resize=700%2C400&ssl=1 2x, https:\/\/i0.wp.com\/www.jornalja.com.br\/geral\/wp-content\/uploads\/sites\/4\/2020\/08\/real-moeda-020120a84t47475213.jpg?resize=1050%2C600&ssl=1 3x"},"classes":[]},{"id":89449,"url":"https:\/\/www.jornalja.com.br\/geral\/bolsonaro-veta-fundo-eleitoral-de-57-bi-e-deixa-para-tse-decidir-novo-valor\/","url_meta":{"origin":95285,"position":4},"title":"Bolsonaro veta fundo eleitoral de 5,7 bi e deixa para TSE decidir novo valor","author":"da Reda\u00e7\u00e3o","date":"20 de agosto de 2021","format":false,"excerpt":"Da Ag\u00eanca Brasil O presidente Jair Bolsonaro sancionou nesta sexta-feira (20), com vetos parciais, a Lei de Diretrizes Or\u00e7ament\u00e1rias (LDO) de 2022. O\u00a0texto foi aprovado\u00a0pelo Congresso Nacional h\u00e1 pouco mais de um m\u00eas e o prazo para san\u00e7\u00e3o terminava justamente nesta sexta. Ponto mais pol\u00eamico da proposta, o aumento do\u2026","rel":"","context":"Em &quot;Geral-MAT\u00c9RIA&quot;","block_context":{"text":"Geral-MAT\u00c9RIA","link":"https:\/\/www.jornalja.com.br\/geral\/category\/geral\/"},"img":{"alt_text":"","src":"https:\/\/i0.wp.com\/www.jornalja.com.br\/geral\/wp-content\/uploads\/sites\/4\/2021\/08\/lei-do-orcamento-aprovada-por-40-votos-jefferson-rudy-agencia-senado.jpg?resize=350%2C200&ssl=1","width":350,"height":200,"srcset":"https:\/\/i0.wp.com\/www.jornalja.com.br\/geral\/wp-content\/uploads\/sites\/4\/2021\/08\/lei-do-orcamento-aprovada-por-40-votos-jefferson-rudy-agencia-senado.jpg?resize=350%2C200&ssl=1 1x, https:\/\/i0.wp.com\/www.jornalja.com.br\/geral\/wp-content\/uploads\/sites\/4\/2021\/08\/lei-do-orcamento-aprovada-por-40-votos-jefferson-rudy-agencia-senado.jpg?resize=525%2C300&ssl=1 1.5x, https:\/\/i0.wp.com\/www.jornalja.com.br\/geral\/wp-content\/uploads\/sites\/4\/2021\/08\/lei-do-orcamento-aprovada-por-40-votos-jefferson-rudy-agencia-senado.jpg?resize=700%2C400&ssl=1 2x"},"classes":[]},{"id":72033,"url":"https:\/\/www.jornalja.com.br\/geral\/primeiro-decreto-de-bolsonaro-r-44oo-de-reajuste-no-salario-minimo\/","url_meta":{"origin":95285,"position":5},"title":"Primeiro decreto de Bolsonaro: R$ 44,oo de reajuste no sal\u00e1rio m\u00ednimo","author":"da Reda\u00e7\u00e3o","date":"2 de janeiro de 2019","format":false,"excerpt":"O presidente Jair Bolsonaro assinou decreto em que estabelece que o sal\u00e1rio m\u00ednimo passar\u00e1 de R$ 954\u00a0para\u00a0R$ 998 este ano. O valor j\u00e1 est\u00e1 em vigor. Foi o primeiro decreto assinado por Bolsonaro, que tomou posse nesta ter\u00e7a-feira. O decreto foi publicado em edi\u00e7\u00e3o extra do\u00a0Di\u00e1rio Oficial da Uni\u00e3o, assinado\u2026","rel":"","context":"Em &quot;Geral-MAT\u00c9RIA&quot;","block_context":{"text":"Geral-MAT\u00c9RIA","link":"https:\/\/www.jornalja.com.br\/geral\/category\/geral\/"},"img":{"alt_text":"","src":"","width":0,"height":0},"classes":[]}],"jetpack_sharing_enabled":true,"_links":{"self":[{"href":"https:\/\/www.jornalja.com.br\/geral\/wp-json\/wp\/v2\/posts\/95285","targetHints":{"allow":["GET"]}}],"collection":[{"href":"https:\/\/www.jornalja.com.br\/geral\/wp-json\/wp\/v2\/posts"}],"about":[{"href":"https:\/\/www.jornalja.com.br\/geral\/wp-json\/wp\/v2\/types\/post"}],"author":[{"embeddable":true,"href":"https:\/\/www.jornalja.com.br\/geral\/wp-json\/wp\/v2\/users\/4"}],"replies":[{"embeddable":true,"href":"https:\/\/www.jornalja.com.br\/geral\/wp-json\/wp\/v2\/comments?post=95285"}],"version-history":[{"count":1,"href":"https:\/\/www.jornalja.com.br\/geral\/wp-json\/wp\/v2\/posts\/95285\/revisions"}],"predecessor-version":[{"id":95289,"href":"https:\/\/www.jornalja.com.br\/geral\/wp-json\/wp\/v2\/posts\/95285\/revisions\/95289"}],"wp:featuredmedia":[{"embeddable":true,"href":"https:\/\/www.jornalja.com.br\/geral\/wp-json\/wp\/v2\/media\/95291"}],"wp:attachment":[{"href":"https:\/\/www.jornalja.com.br\/geral\/wp-json\/wp\/v2\/media?parent=95285"}],"wp:term":[{"taxonomy":"category","embeddable":true,"href":"https:\/\/www.jornalja.com.br\/geral\/wp-json\/wp\/v2\/categories?post=95285"},{"taxonomy":"post_tag","embeddable":true,"href":"https:\/\/www.jornalja.com.br\/geral\/wp-json\/wp\/v2\/tags?post=95285"}],"curies":[{"name":"wp","href":"https:\/\/api.w.org\/{rel}","templated":true}]}}