{"id":95304,"date":"2023-05-02T16:53:42","date_gmt":"2023-05-02T19:53:42","guid":{"rendered":"https:\/\/www.jornalja.com.br\/geral\/?p=95304"},"modified":"2023-05-03T00:57:17","modified_gmt":"2023-05-03T03:57:17","slug":"google-retira-do-ar-campanha-contra-pl-das-fake-news","status":"publish","type":"post","link":"https:\/\/www.jornalja.com.br\/geral\/google-retira-do-ar-campanha-contra-pl-das-fake-news\/","title":{"rendered":"Google retira do ar campanha contra projeto que regulamenta redes sociais"},"content":{"rendered":"<p><strong>Por M\u00e1rcia Turcato, de Bras\u00edlia<\/strong><br \/>\nAo meio dia desta ter\u00e7a-feira (02), o Google come\u00e7ou a retirar de suas plataformas textos contr\u00e1rios ao PL 2630, que regulamenta conte\u00fados nas redes sociais, tamb\u00e9m conhecido como PL de combate \u00e0 fake news.<\/p>\n<p>Uma medida cautelar do Minist\u00e9rio da Justi\u00e7a, por meio da Secretaria Nacional do Consumidor (Senacon),\u00a0 deu duas horas ao Google para retirar o conte\u00fado, sob pena de multa de R$ 1 milh\u00e3o por hora. Al\u00e9m disso, exigiu que este tipo de conte\u00fado fosse marcado como publicidade.<br \/>\nAo mesmo tempo, o Minist\u00e9rio P\u00fablico Federal de S\u00e3o Paulo (MPF\/SP) interpelou o Google sobre suas postagens a respeito do PL 2630, como o \u201cAlerta Urgente\u201d,<br \/>\npublicado na plataforma no fim de semana com a afirma\u00e7\u00e3o de que o \u201cPL das fake news pode aumentar a confus\u00e3o sobre o que \u00e9 verdade ou mentira\u201d.<br \/>\nEm nota, o Google negou que os textos publicados em suas plataformas fossem informa\u00e7\u00f5es falsas sobre o PL e negou tamb\u00e9m que estivesse alterando os algoritmos para que mais not\u00edcias contr\u00e1rias ao projeto fossem oferecidas \u00e0queles que estivessem fazendo busca sobre o tema no fim de semana.<br \/>\nNo entanto, n\u00e3o \u00e9 o que mostra estudo feito pela professora Let\u00edcia Capone, da Universidade Federal do Rio de Janeiro (UFRJ) e pesquisadora do Grupo de Estudos sobre Comunica\u00e7\u00e3o, Internet e Pol\u00edtica da PUC\/RJ. Ela monitorou uma s\u00e9rie de perfis relevantes de influenciadores e de ve\u00edculos de informa\u00e7\u00e3o no YuoTube,<br \/>\nInstagram, Twitter e no Facebook e verificou que dos dias 22 e 23 de abril essas plataformas n\u00e3o fizeram nenhuma men\u00e7\u00e3o ao PL 2630.<\/p>\n<p>No dia 25, quando foi aprovada a vota\u00e7\u00e3o da mat\u00e9ria em regime de urg\u00eancia, foram 6.642 consultas de v\u00eddeos sobre o tema. E, nos dias seguintes, o assunto tomou conta das redes sociais.<br \/>\nO trabalho da professora aponta algo ainda mais importante: pol\u00edticos e canais de\u00a0 extrema direita, v\u00e1rios deles frequentemente acusados de veicular fake news, t\u00eam coordenado o debate digital sobre a quest\u00e3o. Eles foram respons\u00e1veis por nada menos que 93% das 2.101.280 visualiza\u00e7\u00f5es geradas por postagens que continham<br \/>\no termo \u201c2630\u201d entre 18 e 28 de abril.<br \/>\nPara a pesquisadora, \u201cficou bastante evidente que existe uma estrat\u00e9gia articulada, n\u00e3o apenas porque um conjunto grande de atores postou e compartilhou mensagens sobre o mesmo assunto ao mesmo tempo, mas tamb\u00e9m pela uniformiza\u00e7\u00e3o dessas<br \/>\nmensagens\u201d.<\/p>\n<p>Os textos publicados e os coment\u00e1rios seguiam a linha do conte\u00fado assinado pelo diretor de rela\u00e7\u00f5es governamentais e p\u00fablicas do Google Brasil, Marcelo Lacerda, que ficou dispon\u00edvel na plataforma durante todo o fim de semana at\u00e9 ser retirado \u00e0s 12h do dia dois de maio. Al\u00e9m do Google, conforme denunciou o<br \/>\ndeputado Orlando Silva (PCdoB\/SP), relator do PL 2630, tamb\u00e9m plataformas de games publicaram conte\u00fados contr\u00e1rios ao projeto.<br \/>\nO Ministro da Justi\u00e7a, Fl\u00e1vio Dino, em entrevista coletiva \u00e0 imprensa no final da manh\u00e3 desta ter\u00e7a-feira, salientou que produzir, divulgar e compartilhar informa\u00e7\u00e3o falsa \u00e9 crime e por isso a mat\u00e9ria precisa ser regulamentada, a exemplo do que j\u00e1 ocorre em alguns pa\u00edses da Europa, em especial Portugal h\u00e1 mais de 10 anos.<\/p>\n<p>O ministro lembrou que as fake news foram respons\u00e1veis por centenas de mortes durante a pandemia de convid-19 porque as pessoas ficaram com receio da vacina.<br \/>\nAs fake news tamb\u00e9m foram respons\u00e1veis por ataques a escolas, por est\u00edmulo a mutila\u00e7\u00f5es e a maus tratos contra animais, \u00e0 viol\u00eancia contra mulheres, a pedofilia e<br \/>\ntamb\u00e9m ao vandalismo contra as institui\u00e7\u00f5es, como a que aconteceu no dia oito de janeiro.<br \/>\n<strong>Conhe\u00e7a o PL 2630<\/strong><br \/>\nA C\u00e2mara dos Deputados aprovou, por 238 votos a 192, o requerimento de urg\u00eancia\u00a0 para o projeto de lei das fake news (PL 2630\/20), que cria a Lei Brasileira de<br \/>\nLiberdade, Responsabilidade e Transpar\u00eancia na Internet. A vota\u00e7\u00e3o da proposta est\u00e1 na pauta desta\u00a0ter\u00e7a-feira, dois de maio.<br \/>\nO relator da proposta, deputado Orlando Silva (PCdoB-SP), afirmou que a aprova\u00e7\u00e3o da urg\u00eancia abre uma nova rodada de negocia\u00e7\u00f5es. &#8220;\u00c9 um esfor\u00e7o concentrado para<br \/>\num novo ciclo de conversas&#8221;, disse.<br \/>\nUm dos pontos de maior destaque do texto \u00e9 a cria\u00e7\u00e3o de uma autarquia federal para fiscalizar a aplica\u00e7\u00e3o da lei. Essa autoridade teria poderes de, por exemplo, cancelar contas e conte\u00fados considerados criminosos.<\/p>\n<p>A cria\u00e7\u00e3o de uma autoridade federal foi criticada por deputados da Frente Parlamentar Evang\u00e9lica, instalada no Senado em 15 de mar\u00e7o deste ano, presidida pelo senador Carlos Viana (Podemos-MG) e que tem a senadora Damares Alves (Republicanos-DF) como vice-presidenta.<br \/>\nPor n\u00e3o haver consenso neste tema, o deputado Orlando Silva retirou este ponto do PL. Ele alertou que a regula\u00e7\u00e3o poder\u00e1 ser feita pela Ag\u00eancia Nacional de Telecomunica\u00e7\u00f5es (Anatel) ou pelo Minist\u00e9rio da Justi\u00e7a.<br \/>\nVale lembrar que Portugal criou em 2006 a ERC- Entidade Reguladora para a Comunica\u00e7\u00e3o Social.<\/p>\n<p>A ERC \u00e9 uma entidade aut\u00f4noma, com sede em Lisboa, criada com a miss\u00e3o de supervisionar e regular os \u00f3rg\u00e3os de comunica\u00e7\u00e3o social, como r\u00e1dio, TV e plataformas de redes, e atua sempre que acionada, al\u00e9m de promover<br \/>\nconstante di\u00e1logo entre todas as partes.<\/p>\n<p>O modelo portugu\u00eas est\u00e1 em discuss\u00e3o no<br \/>\nParlamento Europeu e poder\u00e1 ser adotado para toda a comunidade.<br \/>\nO PL 2630 cria medidas de combate \u00e0 dissemina\u00e7\u00e3o de conte\u00fado falso nas redes sociais, como Facebook e Twitter, por exemplo, e nos servi\u00e7os de mensagens privadas, como WhatsApp e Telegram, estando exclu\u00eddos os servi\u00e7os de uso corporativo e e-mail. As medidas ter\u00e3o efic\u00e1cia para as plataformas com mais de dois milh\u00f5es de<br \/>\nusu\u00e1rios, inclusive estrangeiras, desde que ofertem servi\u00e7os ao p\u00fablico brasileiro.<br \/>\nOs principais pontos do PL determinam o fim dos rob\u00f4s nas redes sociais; limita o envio de mensagens a usu\u00e1rios e grupos; determina a retirada imediata de conte\u00fado<br \/>\ncontra crian\u00e7as e adolescentes, por exemplo, sem necessidade de notificar o autor; exige a identifica\u00e7\u00e3o de conte\u00fado pago; cria o Conselho de Transpar\u00eancia e<br \/>\nResponsabilidade na Internet; estipula que contas de interesse p\u00fablico n\u00e3o poder\u00e3o restringir o seu acesso, \u00e9 o caso do perfil do Presidente da Rep\u00fablica e de<br \/>\ninstitui\u00e7\u00f5es p\u00fablicas, por exemplo; determina que todos os provedores de redes sociais e de servi\u00e7os de mensagem privada dever\u00e3o ter sede e nomear<br \/>\nrepresentantes legais no Brasil e, por \u00faltimo, estabelece san\u00e7\u00f5es para quem descomprir a lei.<br \/>\n<strong>Liberdade de express\u00e3o<\/strong><br \/>\nO deputado Orlando Silva informou que a aplica\u00e7\u00e3o das san\u00e7\u00f5es tamb\u00e9m \u00e9 um ponto de diverg\u00eancia nas negocia\u00e7\u00f5es com deputados da direita. &#8220;Vamos nos reunir<br \/>\npara aprofundar os debates. Mas temos que resolver dois problemas: fiscaliza\u00e7\u00e3o da lei e aplica\u00e7\u00e3o de san\u00e7\u00f5es administrativas, se necess\u00e1rio&#8221;.<\/p>\n<p>Ele defendeu que a responsabilidade sobre a fiscaliza\u00e7\u00e3o da lei poder\u00e1 recair sobre outro \u00f3rg\u00e3o se o Executivo assim optar, com o objetivo de superar os debates sobre a cria\u00e7\u00e3o de uma autarquia pela proposta.<br \/>\n&#8220;A liberdade de express\u00e3o est\u00e1 fortalecida com um processo em que o pr\u00f3prio usu\u00e1rio pode contestar quando se sentir prejudicado&#8221;, disse o relator da mat\u00e9ria.<br \/>\nOrlando Silva afirmou ainda que \u00e9 necess\u00e1rio alterar o regime de responsabilidade das plataformas de redes sociais, mensagens e busca para se ter mais transpar\u00eancia.<br \/>\nPela proposta, redes sociais, aplicativos de mensagens instant\u00e2neas e plataformas de busca dever\u00e3o agir para sinalizar, retirar ou diminuir o alcance de contas e<br \/>\npublica\u00e7\u00f5es acusadas de propagar conte\u00fado criminoso: que configurem ou incitem golpe de estado, atos de terrorismo, suic\u00eddio, crimes contra crian\u00e7as e adolescentes,<br \/>\ndiscrimina\u00e7\u00e3o e preconceito, viol\u00eancia contra a mulher e infra\u00e7\u00e3o sanit\u00e1rias.<\/p>\n<p>&nbsp;<\/p>\n","protected":false},"excerpt":{"rendered":"<p>Por M\u00e1rcia Turcato, de Bras\u00edlia Ao meio dia desta ter\u00e7a-feira (02), o Google come\u00e7ou a retirar de suas plataformas textos contr\u00e1rios ao PL 2630, que regulamenta conte\u00fados nas redes sociais, tamb\u00e9m conhecido como PL de combate \u00e0 fake news. Uma medida cautelar do Minist\u00e9rio da Justi\u00e7a, por meio da Secretaria Nacional do Consumidor (Senacon),\u00a0 deu [&hellip;]<\/p>\n","protected":false},"author":4,"featured_media":95308,"comment_status":"open","ping_status":"open","sticky":false,"template":"","format":"standard","meta":{"jetpack_post_was_ever_published":false,"_jetpack_newsletter_access":"","_jetpack_dont_email_post_to_subs":false,"_jetpack_newsletter_tier_id":0,"_jetpack_memberships_contains_paywalled_content":false,"_jetpack_memberships_contains_paid_content":false,"footnotes":"","jetpack_publicize_message":"","jetpack_publicize_feature_enabled":true,"jetpack_social_post_already_shared":true,"jetpack_social_options":{"image_generator_settings":{"template":"highway","default_image_id":0,"font":"","enabled":false},"version":2}},"categories":[2],"tags":[295,87,269,89,238,240,343,321,351,339,298,500,191,440,477,192,236,4,524,503,356,447,528,425,247,276,488,255,161,479,308,30,15,186,149,95,530,310,546,196,239],"class_list":["post-95304","post","type-post","status-publish","format-standard","has-post-thumbnail","hentry","category-geral","tag-animais","tag-ari","tag-artes","tag-bolsonaro","tag-brasil","tag-camara","tag-camara-dos-deputados","tag-campanha","tag-crimes","tag-deputados","tag-escolas","tag-etica","tag-facebook","tag-fake-news","tag-golpe","tag-google","tag-governo","tag-imprensa","tag-jornalismo","tag-judiciario","tag-mel","tag-ministerio-publico","tag-orla","tag-pandemia","tag-politica","tag-politicos","tag-projeto","tag-projeto-de-lei","tag-pt","tag-red","tag-rio-de-janeiro","tag-rj","tag-rs","tag-sao-paulo","tag-sc","tag-sp","tag-stu","tag-suicidio","tag-terrorismo","tag-twitter","tag-violencia"],"aioseo_notices":[],"jetpack_publicize_connections":[],"jetpack_featured_media_url":"https:\/\/www.jornalja.com.br\/geral\/wp-content\/uploads\/sites\/4\/2023\/05\/fake-news-foto-contra-pl.jpg","jetpack_shortlink":"https:\/\/wp.me\/pbKhrD-oNa","jetpack-related-posts":[{"id":95254,"url":"https:\/\/www.jornalja.com.br\/geral\/camara-aprova-urgencia-para-o-projeto-das-fake-news\/","url_meta":{"origin":95304,"position":0},"title":"C\u00e2mara aprova urg\u00eancia para o projeto das fake news","author":"da Reda\u00e7\u00e3o","date":"27 de abril de 2023","format":false,"excerpt":"M\u00e1rcia Turcato, de Bras\u00edlia (Com Ag\u00eancia C\u00e2mara) A C\u00e2mara dos Deputados aprovou, por 238 votos a 192, o requerimento de urg\u00eancia para o projeto de lei das fake news (PL 2630\/20), que cria a Lei Brasileira de Liberdade, Responsabilidade e Transpar\u00eancia na Internet. A vota\u00e7\u00e3o da proposta est\u00e1 marcada para\u2026","rel":"","context":"Em &quot;Geral-MAT\u00c9RIA&quot;","block_context":{"text":"Geral-MAT\u00c9RIA","link":"https:\/\/www.jornalja.com.br\/geral\/category\/geral\/"},"img":{"alt_text":"","src":"https:\/\/i0.wp.com\/www.jornalja.com.br\/geral\/wp-content\/uploads\/sites\/4\/2023\/04\/camara-aprova-urgencia-para-as-fake-news.jpg?resize=350%2C200&ssl=1","width":350,"height":200,"srcset":"https:\/\/i0.wp.com\/www.jornalja.com.br\/geral\/wp-content\/uploads\/sites\/4\/2023\/04\/camara-aprova-urgencia-para-as-fake-news.jpg?resize=350%2C200&ssl=1 1x, https:\/\/i0.wp.com\/www.jornalja.com.br\/geral\/wp-content\/uploads\/sites\/4\/2023\/04\/camara-aprova-urgencia-para-as-fake-news.jpg?resize=525%2C300&ssl=1 1.5x"},"classes":[]},{"id":83909,"url":"https:\/\/www.jornalja.com.br\/geral\/senado-vota-projeto-para-combater-fake-news\/","url_meta":{"origin":95304,"position":1},"title":"Senado vota projeto para combater fake news","author":"Elmar Bones","date":"2 de junho de 2020","format":false,"excerpt":"Prevista para esta ter\u00e7a-feira, 2, a vota\u00e7\u00e3o, no Senado, do projeto sobre fake news. O objetivo \u00e9 combater as noticias falsas espalhadas nas redes sociais, segundo um dos autores da proposta, senador Alessandro Vieira, do Cidadania, de Sergipe. Vieira argumenta que o projeto mira nas ferramentas que s\u00e3o utilizadas criminalmente,\u2026","rel":"","context":"Em &quot;Geral-NOTAS&quot;","block_context":{"text":"Geral-NOTAS","link":"https:\/\/www.jornalja.com.br\/geral\/category\/geral-notas\/"},"img":{"alt_text":"","src":"","width":0,"height":0},"classes":[]},{"id":99509,"url":"https:\/\/www.jornalja.com.br\/geral\/eleicoes-2026-stf-reune-influenciadores-para-prevenir-sobre-fake-news\/","url_meta":{"origin":95304,"position":2},"title":"Elei\u00e7\u00f5es 2026: STF re\u00fane influenciadores para prevenir sobre fake news","author":"Elmar Bones","date":"22 de agosto de 2025","format":false,"excerpt":"M\u00c1RCIA TURCATO* O Supremo Tribunal Federal (STF) demorou para reconhecer a import\u00e2ncia e o impacto que as\u00a0redes sociais\u00a0podem causar. Nas elei\u00e7\u00f5es de 2018, delegou a tarefa aos ju\u00edzes auxiliares que decidiram que a \u201catua\u00e7\u00e3o dos ju\u00edzes eleitorais deve ser realizada com a menor interfer\u00eancia e que a liberdade de express\u00e3o\u2026","rel":"","context":"Em &quot;Geral-MAT\u00c9RIA&quot;","block_context":{"text":"Geral-MAT\u00c9RIA","link":"https:\/\/www.jornalja.com.br\/geral\/category\/geral\/"},"img":{"alt_text":"","src":"https:\/\/i0.wp.com\/www.jornalja.com.br\/geral\/wp-content\/uploads\/sites\/4\/2025\/08\/stf-e-fake-news.png?resize=350%2C200&ssl=1","width":350,"height":200,"srcset":"https:\/\/i0.wp.com\/www.jornalja.com.br\/geral\/wp-content\/uploads\/sites\/4\/2025\/08\/stf-e-fake-news.png?resize=350%2C200&ssl=1 1x, https:\/\/i0.wp.com\/www.jornalja.com.br\/geral\/wp-content\/uploads\/sites\/4\/2025\/08\/stf-e-fake-news.png?resize=525%2C300&ssl=1 1.5x, https:\/\/i0.wp.com\/www.jornalja.com.br\/geral\/wp-content\/uploads\/sites\/4\/2025\/08\/stf-e-fake-news.png?resize=700%2C400&ssl=1 2x"},"classes":[]},{"id":93416,"url":"https:\/\/www.jornalja.com.br\/geral\/propaganda-bolsonarista-com-mensagens-falsas-aparece-em-varios-estados\/","url_meta":{"origin":95304,"position":3},"title":"Propaganda bolsonarista com mensagens falsas aparece em v\u00e1rios Estados","author":"da Reda\u00e7\u00e3o","date":"17 de agosto de 2022","format":false,"excerpt":"O Grupo Prerrogativas, que re\u00fane advogados, juristas e profissionais do Direito, prepara uma representa\u00e7\u00e3o ao Tribunal Superior Eleitoral (TSE) pedindo a retirada de\u00a0 outdoors que ligam a esquerda e a candidatura do ex-presidente Lula ao \"comunismo\", \u201ccriminalidade\u201d e \u201ccensura\u201d,\u00a0 ao mesmo tempo em que exaltam o presidente Jair Bolsonaro. O\u2026","rel":"","context":"Em &quot;Geral-MAT\u00c9RIA&quot;","block_context":{"text":"Geral-MAT\u00c9RIA","link":"https:\/\/www.jornalja.com.br\/geral\/category\/geral\/"},"img":{"alt_text":"","src":"https:\/\/i0.wp.com\/www.jornalja.com.br\/geral\/wp-content\/uploads\/sites\/4\/2022\/08\/eleicoes-2022-out-door-em-porto-alegre-contra-pt.jpeg?resize=350%2C200&ssl=1","width":350,"height":200},"classes":[]},{"id":91863,"url":"https:\/\/www.jornalja.com.br\/geral\/telegram-bloqueado-por-ignorar-ordem-judicial-disseminar-fake-news-e-facilitar-crimes\/","url_meta":{"origin":95304,"position":4},"title":"Telegram bloqueado por ignorar ordem judicial, disseminar fake news e facilitar crimes","author":"da Reda\u00e7\u00e3o","date":"18 de mar\u00e7o de 2022","format":false,"excerpt":"O ministro Alexandre de Moraes, do Supremo Tribunal Federal (STF), determinou, nesta sexta-feira (18), o bloqueio do aplicativo de mensagens Telegram em todo o Brasil. As plataformas digitais e provedores de internet ficam obrigadas e suspender o aplicativo no pa\u00eds. A decis\u00e3o decorre de um pedido da Pol\u00edcia Federal. Plataformas\u2026","rel":"","context":"Em &quot;Geral-MAT\u00c9RIA&quot;","block_context":{"text":"Geral-MAT\u00c9RIA","link":"https:\/\/www.jornalja.com.br\/geral\/category\/geral\/"},"img":{"alt_text":"","src":"","width":0,"height":0},"classes":[]},{"id":100378,"url":"https:\/\/www.jornalja.com.br\/geral\/pacto-pela-democracia-200-entidades-pedem-ao-senado-que-rejeite-pec-que-reduz-pena-de-golpistas\/","url_meta":{"origin":95304,"position":5},"title":"Pacto pela Democracia: 200 entidades pedem ao Senado que rejeite projeto que reduz pena de golpistas","author":"da Reda\u00e7\u00e3o","date":"12 de dezembro de 2025","format":false,"excerpt":"O Pacto pela Democracia, coaliz\u00e3o que re\u00fane mais de 200 organiza\u00e7\u00f5es da sociedade civil, encaminhou nesta quinta-feira (11) uma carta ao Senado Federal criticando a tramita\u00e7\u00e3o do chamado Projeto da Dosimetria (PL 2.162\/2023). O documento alerta para os riscos pol\u00edticos e institucionais que a proposta representa para a democracia brasileira\u2026","rel":"","context":"Em &quot;Geral-MAT\u00c9RIA&quot;","block_context":{"text":"Geral-MAT\u00c9RIA","link":"https:\/\/www.jornalja.com.br\/geral\/category\/geral\/"},"img":{"alt_text":"","src":"https:\/\/i0.wp.com\/www.jornalja.com.br\/geral\/wp-content\/uploads\/sites\/4\/2025\/12\/constituicao-ameacada.png?resize=350%2C200&ssl=1","width":350,"height":200,"srcset":"https:\/\/i0.wp.com\/www.jornalja.com.br\/geral\/wp-content\/uploads\/sites\/4\/2025\/12\/constituicao-ameacada.png?resize=350%2C200&ssl=1 1x, https:\/\/i0.wp.com\/www.jornalja.com.br\/geral\/wp-content\/uploads\/sites\/4\/2025\/12\/constituicao-ameacada.png?resize=525%2C300&ssl=1 1.5x"},"classes":[]}],"jetpack_sharing_enabled":true,"_links":{"self":[{"href":"https:\/\/www.jornalja.com.br\/geral\/wp-json\/wp\/v2\/posts\/95304","targetHints":{"allow":["GET"]}}],"collection":[{"href":"https:\/\/www.jornalja.com.br\/geral\/wp-json\/wp\/v2\/posts"}],"about":[{"href":"https:\/\/www.jornalja.com.br\/geral\/wp-json\/wp\/v2\/types\/post"}],"author":[{"embeddable":true,"href":"https:\/\/www.jornalja.com.br\/geral\/wp-json\/wp\/v2\/users\/4"}],"replies":[{"embeddable":true,"href":"https:\/\/www.jornalja.com.br\/geral\/wp-json\/wp\/v2\/comments?post=95304"}],"version-history":[{"count":5,"href":"https:\/\/www.jornalja.com.br\/geral\/wp-json\/wp\/v2\/posts\/95304\/revisions"}],"predecessor-version":[{"id":95314,"href":"https:\/\/www.jornalja.com.br\/geral\/wp-json\/wp\/v2\/posts\/95304\/revisions\/95314"}],"wp:featuredmedia":[{"embeddable":true,"href":"https:\/\/www.jornalja.com.br\/geral\/wp-json\/wp\/v2\/media\/95308"}],"wp:attachment":[{"href":"https:\/\/www.jornalja.com.br\/geral\/wp-json\/wp\/v2\/media?parent=95304"}],"wp:term":[{"taxonomy":"category","embeddable":true,"href":"https:\/\/www.jornalja.com.br\/geral\/wp-json\/wp\/v2\/categories?post=95304"},{"taxonomy":"post_tag","embeddable":true,"href":"https:\/\/www.jornalja.com.br\/geral\/wp-json\/wp\/v2\/tags?post=95304"}],"curies":[{"name":"wp","href":"https:\/\/api.w.org\/{rel}","templated":true}]}}