{"id":95490,"date":"2023-06-01T00:08:47","date_gmt":"2023-06-01T03:08:47","guid":{"rendered":"https:\/\/www.jornalja.com.br\/geral\/?p=95490"},"modified":"2023-06-01T00:10:11","modified_gmt":"2023-06-01T03:10:11","slug":"lula-aciona-renan-para-conter-lira","status":"publish","type":"post","link":"https:\/\/www.jornalja.com.br\/geral\/lula-aciona-renan-para-conter-lira\/","title":{"rendered":"Lula aciona Renan para conter Lira"},"content":{"rendered":"<p>O senador Renan Calheiros (MDB-AL) est\u00e1 em campo para conter o presidente do Congresso, Arthur Lira, em sua escalada para emparedar o governo Lula.<\/p>\n<p>Calheiros citou a cobran\u00e7a de R$ 1,8 milh\u00e3o feita pelo empres\u00e1rio Ricardo Dantas contra o presidente da C\u00e2mara e comentou:<\/p>\n<p>&#8220;Triste exemplo: Lira \u00e9 caloteiro, costuma n\u00e3o pagar o que deve. Pior, desvia dinheiro p\u00fablico e bate em mulher &#8211; deu uma surra de 2h em Jullyene, a ex-esposa e m\u00e3e de seus filhos. Confesso que aprovei a Lei Maria da Penha pensando em punir meliantes como ele&#8221;, disse o emedebista no Twitter.<\/p>\n<p>O ataque de Renan Calheiros \u00e9 uma advert\u00eancia que j\u00e1 fez Artur Lira refluir. Ambos s\u00e3o de Alagoas e sabem do potencial de chumbo que um tem contra o outro.<\/p>\n<div class=\"teads-inread sm-screen\"><\/div>\n<div class=\"embed-block\"><\/div>\n","protected":false},"excerpt":{"rendered":"<p>O senador Renan Calheiros (MDB-AL) est\u00e1 em campo para conter o presidente do Congresso, Arthur Lira, em sua escalada para emparedar o governo Lula. Calheiros citou a cobran\u00e7a de R$ 1,8 milh\u00e3o feita pelo empres\u00e1rio Ricardo Dantas contra o presidente da C\u00e2mara e comentou: &#8220;Triste exemplo: Lira \u00e9 caloteiro, costuma n\u00e3o pagar o que deve. [&hellip;]<\/p>\n","protected":false},"author":5,"featured_media":0,"comment_status":"open","ping_status":"open","sticky":false,"template":"","format":"standard","meta":{"jetpack_post_was_ever_published":false,"_jetpack_newsletter_access":"","_jetpack_dont_email_post_to_subs":false,"_jetpack_newsletter_tier_id":0,"_jetpack_memberships_contains_paywalled_content":false,"_jetpack_memberships_contains_paid_content":false,"footnotes":"","jetpack_publicize_message":"","jetpack_publicize_feature_enabled":true,"jetpack_social_post_already_shared":true,"jetpack_social_options":{"image_generator_settings":{"template":"highway","default_image_id":0,"font":"","enabled":false},"version":2}},"categories":[28],"tags":[87,240,236,158,275,356,479,149,95,530,196],"class_list":["post-95490","post","type-post","status-publish","format-standard","hentry","category-geral-notas","tag-ari","tag-camara","tag-governo","tag-lula","tag-mdb","tag-mel","tag-red","tag-sc","tag-sp","tag-stu","tag-twitter"],"aioseo_notices":[],"jetpack_publicize_connections":[],"jetpack_featured_media_url":"","jetpack_shortlink":"https:\/\/wp.me\/pbKhrD-oQa","jetpack-related-posts":[{"id":100384,"url":"https:\/\/www.jornalja.com.br\/geral\/senhora-das-emendas-ex-assessora-de-lira-que-distribuia-verbas-do-orcamento-secreto-e-alvo-da-pf\/","url_meta":{"origin":95490,"position":0},"title":"Senhora das Emendas: ex-assessora de Lira que distribu\u00eda verbas do or\u00e7amento secreto \u00e9 alvo da PF","author":"da Reda\u00e7\u00e3o","date":"12 de dezembro de 2025","format":false,"excerpt":"Mari\u00e2ngela Fialek, a Tuca, ex-assessora do ex-presidente da C\u00e2mara Arthur Lira (PP-AL) foi alvo de uma opera\u00e7\u00e3o da Pol\u00edcia Federal nesta sexta-feira. Segundo as investiga\u00e7\u00f5es, ela est\u00e1 no centro de um esquema que opera o or\u00e7amento secreto e organiza a indica\u00e7\u00e3o das emendas parlamentares. Tuca, atualmente, trabalha na lideran\u00e7a do\u2026","rel":"","context":"Em &quot;Geral-MAT\u00c9RIA&quot;","block_context":{"text":"Geral-MAT\u00c9RIA","link":"https:\/\/www.jornalja.com.br\/geral\/category\/geral\/"},"img":{"alt_text":"","src":"https:\/\/i0.wp.com\/www.jornalja.com.br\/geral\/wp-content\/uploads\/sites\/4\/2025\/12\/emendas-ssessora-de-lyra.png?resize=350%2C200&ssl=1","width":350,"height":200,"srcset":"https:\/\/i0.wp.com\/www.jornalja.com.br\/geral\/wp-content\/uploads\/sites\/4\/2025\/12\/emendas-ssessora-de-lyra.png?resize=350%2C200&ssl=1 1x, https:\/\/i0.wp.com\/www.jornalja.com.br\/geral\/wp-content\/uploads\/sites\/4\/2025\/12\/emendas-ssessora-de-lyra.png?resize=525%2C300&ssl=1 1.5x"},"classes":[]},{"id":87103,"url":"https:\/\/www.jornalja.com.br\/geral\/lira-novo-presidente-da-camara-responde-a-dois-processos-por-corrupcao\/","url_meta":{"origin":95490,"position":1},"title":"Lira, novo presidente da C\u00e2mara, responde a dois processos por corrup\u00e7\u00e3o","author":"da Reda\u00e7\u00e3o","date":"1 de fevereiro de 2021","format":false,"excerpt":"A elei\u00e7\u00e3o de Arthur Lira (PP-AL) para a presid\u00eancia da C\u00e2mara dos Deputados, na noite desta segunda-feira \u00e9 a maior vit\u00f3ria pol\u00edtica do presidente Bolsonaro, desde sua posse. Em primeiro turno, o deputado do PP obteve 302 votos, contra 145\u00a0 do seu principal advers\u00e1rio, Baleia Rossi (MDB-SP). Bolsonaro se esfor\u00e7ou\u2026","rel":"","context":"Em &quot;Geral-MAT\u00c9RIA&quot;","block_context":{"text":"Geral-MAT\u00c9RIA","link":"https:\/\/www.jornalja.com.br\/geral\/category\/geral\/"},"img":{"alt_text":"","src":"","width":0,"height":0},"classes":[]},{"id":87095,"url":"https:\/\/www.jornalja.com.br\/geral\/campanha-contra-o-candidato-de-bolsonaro-ganha-forca-nas-redes-sociais\/","url_meta":{"origin":95490,"position":2},"title":"Campanha contra o candidato de Bolsonaro ganha for\u00e7a nas redes sociais","author":"da Reda\u00e7\u00e3o","date":"1 de fevereiro de 2021","format":false,"excerpt":"Artistas como F\u00e1bio Porchat, D\u00e9bora Falabella, Bruno Gagliasso e Patr\u00edcia Pillar t\u00eam se mobilizado nas redes sociais com a hashtag #Liranao para pressionar deputados a n\u00e3o votarem no deputado\u00a0Arthur Lira\u00a0(PP-AL) para a presid\u00eancia da C\u00e2mara. O ato virtual ganhou for\u00e7a na sexta-feira (29) e tamb\u00e9m conta com a ades\u00e3o de\u2026","rel":"","context":"Em &quot;Geral-NOTAS&quot;","block_context":{"text":"Geral-NOTAS","link":"https:\/\/www.jornalja.com.br\/geral\/category\/geral-notas\/"},"img":{"alt_text":"","src":"","width":0,"height":0},"classes":[]},{"id":95043,"url":"https:\/\/www.jornalja.com.br\/geral\/a-eleicao-de-lira-e-pacheco-e-a-restauracao-do-poder-civil\/","url_meta":{"origin":95490,"position":3},"title":"A elei\u00e7\u00e3o de Lira e Pacheco e a restaura\u00e7\u00e3o do poder civil no governo Lula","author":"Elmar Bones","date":"2 de fevereiro de 2023","format":false,"excerpt":"A sombra do poder militar que pairou sobre o Brasil nos\u00a0 quatro anos de governo Bolsonaro se dissipou em um m\u00eas de governo Lula. A elei\u00e7\u00e3o de Arthur Lira para a C\u00e2mara e Rodrigo Pacheco para o Senado, alinhados com o Judici\u00e1rio e com o Executivo na rejei\u00e7\u00e3o \u00e0s solu\u00e7\u00f5es\u2026","rel":"","context":"Em &quot;Geral-MAT\u00c9RIA&quot;","block_context":{"text":"Geral-MAT\u00c9RIA","link":"https:\/\/www.jornalja.com.br\/geral\/category\/geral\/"},"img":{"alt_text":"","src":"https:\/\/i0.wp.com\/www.jornalja.com.br\/geral\/wp-content\/uploads\/sites\/4\/2023\/02\/lula-e-pacheco.png?resize=350%2C200&ssl=1","width":350,"height":200,"srcset":"https:\/\/i0.wp.com\/www.jornalja.com.br\/geral\/wp-content\/uploads\/sites\/4\/2023\/02\/lula-e-pacheco.png?resize=350%2C200&ssl=1 1x, https:\/\/i0.wp.com\/www.jornalja.com.br\/geral\/wp-content\/uploads\/sites\/4\/2023\/02\/lula-e-pacheco.png?resize=525%2C300&ssl=1 1.5x"},"classes":[]},{"id":86985,"url":"https:\/\/www.jornalja.com.br\/geral\/toma-la-da-ca-na-camara-envolve-500-cargos-para-garantir-candidato-do-governo\/","url_meta":{"origin":95490,"position":4},"title":"Toma-l\u00e1-d\u00e1-c\u00e1 na C\u00e2mara envolve 500 cargos para garantir candidato do governo","author":"da Reda\u00e7\u00e3o","date":"27 de dezembro de 2020","format":false,"excerpt":"H\u00e1 15 dias os sites especializados em pol\u00edtica informaram que o presidente Bolsonaro havia autorizado negocia\u00e7\u00f5es para garantir um candidato do governo na presid\u00eancia da C\u00e2mara. Neste domingo, em pleno recesso, o blog do rep\u00f3rter Lauro Jardim no Globo, anunciou que \"os articuladores pol\u00edticos de Jair Bolsonaro trabalham com um\u2026","rel":"","context":"Em &quot;Geral-MAT\u00c9RIA&quot;","block_context":{"text":"Geral-MAT\u00c9RIA","link":"https:\/\/www.jornalja.com.br\/geral\/category\/geral\/"},"img":{"alt_text":"","src":"","width":0,"height":0},"classes":[]},{"id":87750,"url":"https:\/\/www.jornalja.com.br\/geral\/cpi-da-covid-governo-desencadeia-operacao-de-guerra-para-blindar-bolsonaro\/","url_meta":{"origin":95490,"position":5},"title":"CPI da Covid: governo desencadeia &#8220;opera\u00e7\u00e3o de guerra&#8221; para blindar Bolsonaro","author":"da Reda\u00e7\u00e3o","date":"26 de abril de 2021","format":false,"excerpt":"Tudo indica que o senador Renan Calheiros, do MDB de Alagoas, vai ser o relator da CPI\u00a0 que ser\u00e1 instalada nesta ter\u00e7a-feira, 27, para investigar a atua\u00e7\u00e3o do governo Bolsonaro no enfrentamento da pandemia. O governo, por\u00e9m, usa de todos os seus recursos para substituir Calheiros por um aliado, temendo\u2026","rel":"","context":"Em &quot;Geral-MAT\u00c9RIA&quot;","block_context":{"text":"Geral-MAT\u00c9RIA","link":"https:\/\/www.jornalja.com.br\/geral\/category\/geral\/"},"img":{"alt_text":"","src":"https:\/\/i0.wp.com\/www.jornalja.com.br\/geral\/wp-content\/uploads\/sites\/4\/2021\/04\/bolsonaro-com-cpf-cancelado.jpg?resize=350%2C200&ssl=1","width":350,"height":200,"srcset":"https:\/\/i0.wp.com\/www.jornalja.com.br\/geral\/wp-content\/uploads\/sites\/4\/2021\/04\/bolsonaro-com-cpf-cancelado.jpg?resize=350%2C200&ssl=1 1x, https:\/\/i0.wp.com\/www.jornalja.com.br\/geral\/wp-content\/uploads\/sites\/4\/2021\/04\/bolsonaro-com-cpf-cancelado.jpg?resize=525%2C300&ssl=1 1.5x, https:\/\/i0.wp.com\/www.jornalja.com.br\/geral\/wp-content\/uploads\/sites\/4\/2021\/04\/bolsonaro-com-cpf-cancelado.jpg?resize=700%2C400&ssl=1 2x, https:\/\/i0.wp.com\/www.jornalja.com.br\/geral\/wp-content\/uploads\/sites\/4\/2021\/04\/bolsonaro-com-cpf-cancelado.jpg?resize=1050%2C600&ssl=1 3x, https:\/\/i0.wp.com\/www.jornalja.com.br\/geral\/wp-content\/uploads\/sites\/4\/2021\/04\/bolsonaro-com-cpf-cancelado.jpg?resize=1400%2C800&ssl=1 4x"},"classes":[]}],"jetpack_sharing_enabled":true,"_links":{"self":[{"href":"https:\/\/www.jornalja.com.br\/geral\/wp-json\/wp\/v2\/posts\/95490","targetHints":{"allow":["GET"]}}],"collection":[{"href":"https:\/\/www.jornalja.com.br\/geral\/wp-json\/wp\/v2\/posts"}],"about":[{"href":"https:\/\/www.jornalja.com.br\/geral\/wp-json\/wp\/v2\/types\/post"}],"author":[{"embeddable":true,"href":"https:\/\/www.jornalja.com.br\/geral\/wp-json\/wp\/v2\/users\/5"}],"replies":[{"embeddable":true,"href":"https:\/\/www.jornalja.com.br\/geral\/wp-json\/wp\/v2\/comments?post=95490"}],"version-history":[{"count":2,"href":"https:\/\/www.jornalja.com.br\/geral\/wp-json\/wp\/v2\/posts\/95490\/revisions"}],"predecessor-version":[{"id":95517,"href":"https:\/\/www.jornalja.com.br\/geral\/wp-json\/wp\/v2\/posts\/95490\/revisions\/95517"}],"wp:attachment":[{"href":"https:\/\/www.jornalja.com.br\/geral\/wp-json\/wp\/v2\/media?parent=95490"}],"wp:term":[{"taxonomy":"category","embeddable":true,"href":"https:\/\/www.jornalja.com.br\/geral\/wp-json\/wp\/v2\/categories?post=95490"},{"taxonomy":"post_tag","embeddable":true,"href":"https:\/\/www.jornalja.com.br\/geral\/wp-json\/wp\/v2\/tags?post=95490"}],"curies":[{"name":"wp","href":"https:\/\/api.w.org\/{rel}","templated":true}]}}