{"id":95510,"date":"2023-05-31T21:33:44","date_gmt":"2023-06-01T00:33:44","guid":{"rendered":"https:\/\/www.jornalja.com.br\/geral\/?p=95510"},"modified":"2023-07-07T11:47:52","modified_gmt":"2023-07-07T14:47:52","slug":"terras-indigenas-o-marco-temporal-e-insano-e-cruel","status":"publish","type":"post","link":"https:\/\/www.jornalja.com.br\/geral\/terras-indigenas-o-marco-temporal-e-insano-e-cruel\/","title":{"rendered":"Terras ind\u00edgenas: &#8220;O marco temporal \u00e9 insano e cruel\u201d"},"content":{"rendered":"<p><strong>Por M\u00e1rcia Turcato, de Bras\u00edlia<\/strong><\/p>\n<p><strong>\u00a0<\/strong>Os deputados federais do Rio Grande do Sul s\u00e3o espelho da atual forma\u00e7\u00e3o da C\u00e2mara Federal.<\/p>\n<p>Na ter\u00e7a-feira (30 de maio), entre os 31 deputados ga\u00fachos, 19 votaram a favor do marco temporal. Apenas oito foram contr\u00e1rios e quatro se abstiveram de votar.<\/p>\n<p>A op\u00e7\u00e3o dos federais ga\u00fachos corresponde ao perfil de seus pares. No total, 283 parlamentares disseram sim \u00e0 mat\u00e9ria e 155 foram contr\u00e1rios. O texto ainda ser\u00e1 apreciado no Senado.<\/p>\n<p>O governo tenta protelar essa decis\u00e3o, apostando que o presidente da Casa, senador Rodrigo Pacheco (PSD\/MG), encaminhar\u00e1 a mat\u00e9ria para tramita\u00e7\u00e3o primeiramente para as comiss\u00f5es t\u00e9cnicas, dando tempo para que o Supremo Tribunal Federal (STF) julgue o m\u00e9rito em sess\u00e3o agendada para o dia sete de junho.<\/p>\n<p>A ministra dos Povos Ind\u00edgenas, S\u00f4nia Guajajara, se reuniu com Pacheco para discutir o assunto.<\/p>\n<p>O presidente do Senado disse que ir\u00e1 analisar se a mat\u00e9ria \u00e9 constitucional.<\/p>\n<p>O marco temporal define que s\u00e3o terras ind\u00edgenas somente aquelas que estavam ocupadas por povos origin\u00e1rios at\u00e9 o dia cinco de outubro de 1988, quando foi promulgada a Constitui\u00e7\u00e3o Federal.<\/p>\n<p>Os defensores das demandas ind\u00edgenas alegam que muitos deles haviam sido expulsos de suas terras durante a ditadura militar, por obras de hidrel\u00e9tricas, por invas\u00e3o de garimpeiros e fazendeiros e outras motiva\u00e7\u00f5es.<\/p>\n<p>Al\u00e9m disso, ind\u00edgenas que vivem em \u00e1reas isoladas, nem sabem da exist\u00eancia desse mecanismo e nunca se manifestaram formalmente a respeito das terras onde vivem. Ou seja, &#8220;o marco temporal \u00e9 insano e cruel\u201d, como diz a ministra dos Povos Ind\u00edgenas S\u00f4nia Guajajara.<\/p>\n<p>O texto do marco temporal foi \u00e0 vota\u00e7\u00e3o na C\u00e2mara de modo c\u00e9lere, numa estrat\u00e9gia adotada\u00a0 pelo presidente da Casa, deputado Arthur Lira (PP\/AL), e da bancada ruralista, para se antecipar a decis\u00e3o do STF, uma vez que a tend\u00eancia da Corte \u00e9 derrubar a mat\u00e9ria. A vota\u00e7\u00e3o no STF est\u00e1 em 1 a 1 e foi suspensa ap\u00f3s pedido de vistas do ministro Alexandre de Moraes. O ministro Edson Fachin, relator da mat\u00e9ria, votou contra o marco e o ministro Nunes Marques, a favor. \u00c9 bom lembrar que Marques foi indicado ao STF pelo ex-presidente da Rep\u00fablica Jair Bolsonaro, que sempre se declarou publicamente contr\u00e1rio \u00e0s demandas dos povos ind\u00edgenas.<\/p>\n<p>O marco temporal \u00e9 inconstitucional, afirma a APIB- Associa\u00e7\u00e3o dos Povos Ind\u00edgenas do Brasil, em nota oficial assinada por Samela Sater\u00e9 Maw\u00e9, bi\u00f3loga, ativista ambiental e assessora de comunica\u00e7\u00e3o da entidade. Ela refor\u00e7a que o artigo 231 da Constitui\u00e7\u00e3o Federal garante aos povos ind\u00edgenas o direito origin\u00e1rio sobre as terras que tradicionalmente ocupam. Diz o artigo 231: \u201cs\u00e3o reconhecidos aos \u00edndios sua organiza\u00e7\u00e3o social, costumes, l\u00ednguas, cren\u00e7as e tradi\u00e7\u00f5es, e os direitos origin\u00e1rios sobre as terras que tradicionalmente ocupam, competindo \u00e0 ni\u00e3o demarc\u00e1-las, proteger e fazer respeitar todos os seus bens\u201d.<\/p>\n<p>Tamb\u00e9m preocupam os povos ind\u00edgenas algumas iniciativas do Congresso, como o PL 2633\/2020, conhecido como o PL da Grilagem, e o PL 984\/2019, que pretende cortar o Parque Nacional do Igua\u00e7u e outras Unidades de Conserva\u00e7\u00e3o com estradas. Esse tema ser\u00e1 de grande enfrentamento no Congresso entre a bancada do governo e a oposi\u00e7\u00e3o, que \u00e9 contra a demarca\u00e7\u00e3o dos territ\u00f3rios ind\u00edgenas.<\/p>\n<p><strong>STF nas aldeias<\/strong><\/p>\n<p>Em 19 de abril, Dia dos Povos Ind\u00edgenas, a presidenta do STF, ministra Rosa Weber, anunciou a retomada da vota\u00e7\u00e3o do Recurso Extraordin\u00e1rio (RE) 1017365 &#8211; marco temporal- para o dia sete de junho, em evento no Conselho Nacional de Justi\u00e7a (CNJ). No final do m\u00eas de mar\u00e7o a ministra Rosa Weber j\u00e1 havia visitado aldeias ind\u00edgenas no Alto Solim\u00f5es e no Vale do Jari (AM) com o objetivo de aproximar o Judici\u00e1rio dos povos ind\u00edgenas, como ela mesma disse.<\/p>\n<p>Na ocasi\u00e3o, a ministra foi batizada pelos ind\u00edgenas com o nome de Raminah Kanamari. Nessa visita \u00e0s aldeias, o STF distribuiu material\u00a0 sobre o funcionamento de suas audi\u00eancias em quatro idiomas ind\u00edgenas. E por determina\u00e7\u00e3o de Rosa Weber, a Constitui\u00e7\u00e3o Federal est\u00e1 sendo traduzida para o Nheengatu, que \u00e9 a l\u00edngua geral amaz\u00f4nica, um tronco do Tupi. A tradu\u00e7\u00e3o deve ser conclu\u00edda no pr\u00f3ximo m\u00eas de setembro. A atitude da ministra \u00e9 um reconhecimento da exist\u00eancia de \u201cp\u00e1trias pequenas\u201d dentro da \u201cp\u00e1tria grande\u201d e isto amplia a cultura, a diversidade e as riquezas nacionais.<\/p>\n<p><strong>Deputados ga\u00fachos<\/strong><\/p>\n<p>Votaram a\u00a0 favor do marco temporal:<\/p>\n<p>Alceu Moreira (MDB)<br \/>\nAny Ortiz (Cidadania)<br \/>\nBibo Nunes (PL)<br \/>\nCovati Filho (PP)<br \/>\nDaniel Trzeciak (PSDB)<br \/>\nFranciane Bayer (Republicanos)<br \/>\nGiovani Cherini (PL)<br \/>\nHeitor Schuch (PSB)<br \/>\nLucas Redecker (PSDB)<br \/>\nLuciano Azevedo (PSD)<br \/>\nLuiz Carlos Busato (Uni\u00e3o)<br \/>\nMarcel Van Hattem (Novo)<br \/>\nMarcelo Moraes (PL)<br \/>\nM\u00e1rcio Biolchi (MDB)<br \/>\nMaur\u00edcio Marcon (Podemos)<br \/>\nOsmar Terra (MDB)<br \/>\nPedro Westphalen (PP)<br \/>\nSanderson (PL)<br \/>\nZucco (Republicanos)<\/p>\n<p>Votaram contra o marco temporal:<\/p>\n<p>Bohn Gass (PT)<br \/>\nDaiana Santos (PCdoB)<br \/>\nDenise P\u00eassoa (PT)<br \/>\nFernanda Melchionna (PSOL)<br \/>\nAlexandre Lindenmeyer (PT)<br \/>\nMarcon (PT)<br \/>\nMaria do Ros\u00e1rio (PT)<br \/>\nReginete Bispo (PT)<\/p>\n<p>Absten\u00e7\u00f5es:<\/p>\n<p>Afonso Hamm (PP)<br \/>\nAfonso Motta (PDT)<br \/>\nCarlos Gomes (Republicanos)<br \/>\nPompeo de Mattos (PDT)<\/p>\n<p><strong>\u00c1reas ind\u00edgenas<\/strong><\/p>\n<p>De acordo com o \u00faltimo censo demogr\u00e1fico, viviam no Brasil 897 mil ind\u00edgenas em 2010. Destes, aproximadamente 517 mil estavam distribu\u00eddos em 688 terras ind\u00edgenas reconhecidas. No entanto, havia grupos ind\u00edgenas n\u00e3o-contatados e tamb\u00e9m grupos pleiteando o reconhecimento de sua condi\u00e7\u00e3o junto \u00e0 Funai- Funda\u00e7\u00e3o dos Povos Ind\u00edgenas. No Rio Grande do Sul, em 2010 viviam 18,5 mil ind\u00edgenas dos grupos \u00e9tnicos Guarani, Mbia Guarani, Kaingang e mistos.<\/p>\n<p>O Rio Grando do Sul possui em torno de 140 terras ind\u00edgenas. Destas, a metade se encontra nas mais diversas fases de procedimento demarcat\u00f3rio:\u00a0 em estudo, declarada, delimitada, homologada e regularizada. A quase totalidade delas encontra-se na \u00e1rea de dom\u00ednio da Reserva da Biosfera da Mata Atl\u00e2ntica.<\/p>\n","protected":false},"excerpt":{"rendered":"<p>Por M\u00e1rcia Turcato, de Bras\u00edlia \u00a0Os deputados federais do Rio Grande do Sul s\u00e3o espelho da atual forma\u00e7\u00e3o da C\u00e2mara Federal. Na ter\u00e7a-feira (30 de maio), entre os 31 deputados ga\u00fachos, 19 votaram a favor do marco temporal. Apenas oito foram contr\u00e1rios e quatro se abstiveram de votar. A op\u00e7\u00e3o dos federais ga\u00fachos corresponde ao [&hellip;]<\/p>\n","protected":false},"author":4,"featured_media":95511,"comment_status":"open","ping_status":"open","sticky":false,"template":"","format":"standard","meta":{"jetpack_post_was_ever_published":false,"_jetpack_newsletter_access":"","_jetpack_dont_email_post_to_subs":false,"_jetpack_newsletter_tier_id":0,"_jetpack_memberships_contains_paywalled_content":false,"_jetpack_memberships_contains_paid_content":false,"footnotes":"","jetpack_publicize_message":"","jetpack_publicize_feature_enabled":true,"jetpack_social_post_already_shared":true,"jetpack_social_options":{"image_generator_settings":{"template":"highway","default_image_id":0,"font":"","enabled":false},"version":2}},"categories":[2],"tags":[443,87,89,238,240,86,339,249,250,265,442,236,5,503,275,356,120,419,474,161,479,14,15,149,95,444,530,20,509],"class_list":["post-95510","post","type-post","status-publish","format-standard","has-post-thumbnail","hentry","category-geral","tag-alexandre-de-moraes","tag-ari","tag-bolsonaro","tag-brasil","tag-camara","tag-cultura","tag-deputados","tag-ditadura","tag-ditadura-militar","tag-diversidade","tag-edson-fachin","tag-governo","tag-jair-bolsonaro","tag-judiciario","tag-mdb","tag-mel","tag-obras","tag-pib","tag-povos-indigenas","tag-pt","tag-red","tag-rio-grande-do-sul","tag-rs","tag-sc","tag-sp","tag-stf","tag-stu","tag-sus","tag-uniao"],"aioseo_notices":[],"jetpack_publicize_connections":[],"jetpack_featured_media_url":"https:\/\/www.jornalja.com.br\/geral\/wp-content\/uploads\/sites\/4\/2023\/05\/marco-temporal-ministra-sonia-guajajara.jpg","jetpack_shortlink":"https:\/\/wp.me\/pbKhrD-oQu","jetpack-related-posts":[{"id":101078,"url":"https:\/\/www.jornalja.com.br\/geral\/como-foi-costurado-o-acordo-que-fez-o-pt-apoiar-juliana-brizola\/","url_meta":{"origin":95510,"position":0},"title":"Como foi costurado o acordo que fez o PT apoiar Juliana Brizola","author":"da Reda\u00e7\u00e3o","date":"17 de abril de 2026","format":false,"excerpt":"O PDT foi o partido que mais perdeu representantes na \u201cjanela partid\u00e1ria\u201d que fechou em 3 de abril. Tinha tr\u00eas senadores, ficou com dois. Tinha 17 deputados federais, caiu para 11. Perdeu tamb\u00e9m 9 dos 43 deputados estaduais que elegeu em 2022. No \u00e2mbito municipal, o PDT tem prefeitos em\u2026","rel":"","context":"Em &quot;Geral-MAT\u00c9RIA&quot;","block_context":{"text":"Geral-MAT\u00c9RIA","link":"https:\/\/www.jornalja.com.br\/geral\/category\/geral\/"},"img":{"alt_text":"","src":"https:\/\/www.jornalja.com.br\/geral\/wp-content\/uploads\/sites\/4\/2026\/04\/pdt-lupi-juliana-e-lula.avif","width":350,"height":200,"srcset":"https:\/\/www.jornalja.com.br\/geral\/wp-content\/uploads\/sites\/4\/2026\/04\/pdt-lupi-juliana-e-lula.avif 1x, https:\/\/www.jornalja.com.br\/geral\/wp-content\/uploads\/sites\/4\/2026\/04\/pdt-lupi-juliana-e-lula.avif 1.5x, https:\/\/www.jornalja.com.br\/geral\/wp-content\/uploads\/sites\/4\/2026\/04\/pdt-lupi-juliana-e-lula.avif 2x"},"classes":[]},{"id":100399,"url":"https:\/\/www.jornalja.com.br\/geral\/pt-e-pp-terao-maioria-na-cpi-dos-pedagios-leite-diz-que-governo-nao-se-acovardara\/","url_meta":{"origin":95510,"position":1},"title":"PT e PP ter\u00e3o maioria na CPI dos Ped\u00e1gios; Leite diz que governo &#8220;n\u00e3o se acovardar\u00e1&#8221;","author":"da Reda\u00e7\u00e3o","date":"15 de dezembro de 2025","format":false,"excerpt":"Ser\u00e1 instalada nesta ter\u00e7a-feira,\u00a0 CPI dos Ped\u00e1gios, para investigar os contratos de concess\u00e3o de rodovias pelo governo do Estado do Rio Grande do Sul. O in\u00edcio efetivo das atividades ser\u00e1 na sexta-feira (19), quando os titulares se re\u00fanem pela primeira vez para definir o relator, o vice-presidente e o plano\u2026","rel":"","context":"Em &quot;Geral-MAT\u00c9RIA&quot;","block_context":{"text":"Geral-MAT\u00c9RIA","link":"https:\/\/www.jornalja.com.br\/geral\/category\/geral\/"},"img":{"alt_text":"","src":"https:\/\/i0.wp.com\/www.jornalja.com.br\/geral\/wp-content\/uploads\/sites\/4\/2025\/12\/eduardo-leite-pedagios.jpeg?resize=350%2C200&ssl=1","width":350,"height":200,"srcset":"https:\/\/i0.wp.com\/www.jornalja.com.br\/geral\/wp-content\/uploads\/sites\/4\/2025\/12\/eduardo-leite-pedagios.jpeg?resize=350%2C200&ssl=1 1x, https:\/\/i0.wp.com\/www.jornalja.com.br\/geral\/wp-content\/uploads\/sites\/4\/2025\/12\/eduardo-leite-pedagios.jpeg?resize=525%2C300&ssl=1 1.5x, https:\/\/i0.wp.com\/www.jornalja.com.br\/geral\/wp-content\/uploads\/sites\/4\/2025\/12\/eduardo-leite-pedagios.jpeg?resize=700%2C400&ssl=1 2x"},"classes":[]},{"id":88356,"url":"https:\/\/www.jornalja.com.br\/geral\/terras-indigenas-protesto-em-brasilia-contra-o-marco-temporal-de-1988\/","url_meta":{"origin":95510,"position":2},"title":"Terras ind\u00edgenas: protesto em Bras\u00edlia contra o &#8220;marco temporal&#8221; de 1988","author":"da Reda\u00e7\u00e3o","date":"18 de junho de 2021","format":false,"excerpt":"MARCIA TURCATO, especial para o J\u00c1 O risco de perder territ\u00f3rio fez com que cerca de 500 ind\u00edgenas de diversas etnias viajassem at\u00e9 Bras\u00edlia para lutar por seus direitos. Eles tamb\u00e9m protestam contra projetos de lei que permitem o garimpo em \u00e1reas ind\u00edgenas. \"Reduzir o territ\u00f3rio ind\u00edgena foi uma promessa\u2026","rel":"","context":"Em &quot;Geral-MAT\u00c9RIA&quot;","block_context":{"text":"Geral-MAT\u00c9RIA","link":"https:\/\/www.jornalja.com.br\/geral\/category\/geral\/"},"img":{"alt_text":"","src":"https:\/\/i0.wp.com\/www.jornalja.com.br\/geral\/wp-content\/uploads\/sites\/4\/2021\/06\/indigenas-grupo-2.jpg?resize=350%2C200&ssl=1","width":350,"height":200,"srcset":"https:\/\/i0.wp.com\/www.jornalja.com.br\/geral\/wp-content\/uploads\/sites\/4\/2021\/06\/indigenas-grupo-2.jpg?resize=350%2C200&ssl=1 1x, https:\/\/i0.wp.com\/www.jornalja.com.br\/geral\/wp-content\/uploads\/sites\/4\/2021\/06\/indigenas-grupo-2.jpg?resize=525%2C300&ssl=1 1.5x, https:\/\/i0.wp.com\/www.jornalja.com.br\/geral\/wp-content\/uploads\/sites\/4\/2021\/06\/indigenas-grupo-2.jpg?resize=700%2C400&ssl=1 2x, https:\/\/i0.wp.com\/www.jornalja.com.br\/geral\/wp-content\/uploads\/sites\/4\/2021\/06\/indigenas-grupo-2.jpg?resize=1050%2C600&ssl=1 3x"},"classes":[]},{"id":100908,"url":"https:\/\/www.jornalja.com.br\/geral\/com-pressao-de-cpi-e-auditoria-do-tce-governo-leite-adia-leilao-para-concessao-de-rodovias\/","url_meta":{"origin":95510,"position":3},"title":"Com press\u00e3o de CPI e auditoria do TCE, governo Leite adia leil\u00e3o para concess\u00e3o de rodovias","author":"da Reda\u00e7\u00e3o","date":"3 de mar\u00e7o de 2026","format":false,"excerpt":"O governador Eduardo Leite, em coletiva de imprensa realizada no Pal\u00e1cio Piratini nesta ter\u00e7a-feira (3\/3), prometeu uma redu\u00e7\u00e3o da tarifa e mudan\u00e7a na data do leil\u00e3o do Bloco 2 de rodovias no Estado. O bloco envolve estradas localizadas no Vale do Taquari e Norte do Rio Grande Sul. A tarifa\u2026","rel":"","context":"Em &quot;Geral-MAT\u00c9RIA&quot;","block_context":{"text":"Geral-MAT\u00c9RIA","link":"https:\/\/www.jornalja.com.br\/geral\/category\/geral\/"},"img":{"alt_text":"","src":"https:\/\/i0.wp.com\/www.jornalja.com.br\/geral\/wp-content\/uploads\/sites\/4\/2026\/03\/leite-faz-anuncio-no-palacio-piratini-sobre-bloco-2-de-rodovias-fev26.jpg?resize=350%2C200&ssl=1","width":350,"height":200,"srcset":"https:\/\/i0.wp.com\/www.jornalja.com.br\/geral\/wp-content\/uploads\/sites\/4\/2026\/03\/leite-faz-anuncio-no-palacio-piratini-sobre-bloco-2-de-rodovias-fev26.jpg?resize=350%2C200&ssl=1 1x, https:\/\/i0.wp.com\/www.jornalja.com.br\/geral\/wp-content\/uploads\/sites\/4\/2026\/03\/leite-faz-anuncio-no-palacio-piratini-sobre-bloco-2-de-rodovias-fev26.jpg?resize=525%2C300&ssl=1 1.5x, https:\/\/i0.wp.com\/www.jornalja.com.br\/geral\/wp-content\/uploads\/sites\/4\/2026\/03\/leite-faz-anuncio-no-palacio-piratini-sobre-bloco-2-de-rodovias-fev26.jpg?resize=700%2C400&ssl=1 2x, https:\/\/i0.wp.com\/www.jornalja.com.br\/geral\/wp-content\/uploads\/sites\/4\/2026\/03\/leite-faz-anuncio-no-palacio-piratini-sobre-bloco-2-de-rodovias-fev26.jpg?resize=1050%2C600&ssl=1 3x, https:\/\/i0.wp.com\/www.jornalja.com.br\/geral\/wp-content\/uploads\/sites\/4\/2026\/03\/leite-faz-anuncio-no-palacio-piratini-sobre-bloco-2-de-rodovias-fev26.jpg?resize=1400%2C800&ssl=1 4x"},"classes":[]},{"id":89259,"url":"https:\/\/www.jornalja.com.br\/geral\/voto-impresso-entre-os-deputados-gauchos-bolsonaro-ganhou-de-20-a-7\/","url_meta":{"origin":95510,"position":4},"title":"Voto impresso: entre os deputados ga\u00fachos, Bolsonaro ganhou de 20 a 7","author":"da Reda\u00e7\u00e3o","date":"11 de agosto de 2021","format":false,"excerpt":"O plen\u00e1rio da C\u00e2mara de Deputados rejeitou nesta ter\u00e7a-feira a PEC 135 de 2019, que previa a obrigatoriedade da impress\u00e3o de c\u00e9dulas f\u00edsicas em elei\u00e7\u00f5es, plebiscitos e referendos. Esses pap\u00e9is seriam depositados em urnas para fins de auditoria, segundo a proposta. Defendida pelo presidente Bolsonaro, a mudan\u00e7a foi rejeitada. Os\u2026","rel":"","context":"Em &quot;Geral-MAT\u00c9RIA&quot;","block_context":{"text":"Geral-MAT\u00c9RIA","link":"https:\/\/www.jornalja.com.br\/geral\/category\/geral\/"},"img":{"alt_text":"","src":"https:\/\/i0.wp.com\/www.jornalja.com.br\/geral\/wp-content\/uploads\/sites\/4\/2021\/08\/voto-impresso.jpg?resize=350%2C200&ssl=1","width":350,"height":200,"srcset":"https:\/\/i0.wp.com\/www.jornalja.com.br\/geral\/wp-content\/uploads\/sites\/4\/2021\/08\/voto-impresso.jpg?resize=350%2C200&ssl=1 1x, https:\/\/i0.wp.com\/www.jornalja.com.br\/geral\/wp-content\/uploads\/sites\/4\/2021\/08\/voto-impresso.jpg?resize=525%2C300&ssl=1 1.5x, https:\/\/i0.wp.com\/www.jornalja.com.br\/geral\/wp-content\/uploads\/sites\/4\/2021\/08\/voto-impresso.jpg?resize=700%2C400&ssl=1 2x"},"classes":[]},{"id":95259,"url":"https:\/\/www.jornalja.com.br\/geral\/presidente-lula-oficializa-demarcacao-de-areas-indigenas\/","url_meta":{"origin":95510,"position":5},"title":"Lula retoma demarca\u00e7\u00f5es de \u00e1reas ind\u00edgenas suspensas desde 2018","author":"da Reda\u00e7\u00e3o","date":"28 de abril de 2023","format":false,"excerpt":"M\u00e1rcia Turcato, de Bras\u00edlia O presidente Lula retomou hoje (28) a pol\u00edtica de demarca\u00e7\u00e3o de terras ind\u00edgenas em ato que reuniu cerca de cinco mil ind\u00edgenas de diversas etnias, no Acampamento Terra Livre (ATL), em Bras\u00edlia. A retomada das demarca\u00e7\u00f5es \u00e9 parte de um conjunto de medidas para reconstruir as\u2026","rel":"","context":"Em &quot;Geral-MAT\u00c9RIA&quot;","block_context":{"text":"Geral-MAT\u00c9RIA","link":"https:\/\/www.jornalja.com.br\/geral\/category\/geral\/"},"img":{"alt_text":"","src":"","width":0,"height":0},"classes":[]}],"jetpack_sharing_enabled":true,"_links":{"self":[{"href":"https:\/\/www.jornalja.com.br\/geral\/wp-json\/wp\/v2\/posts\/95510","targetHints":{"allow":["GET"]}}],"collection":[{"href":"https:\/\/www.jornalja.com.br\/geral\/wp-json\/wp\/v2\/posts"}],"about":[{"href":"https:\/\/www.jornalja.com.br\/geral\/wp-json\/wp\/v2\/types\/post"}],"author":[{"embeddable":true,"href":"https:\/\/www.jornalja.com.br\/geral\/wp-json\/wp\/v2\/users\/4"}],"replies":[{"embeddable":true,"href":"https:\/\/www.jornalja.com.br\/geral\/wp-json\/wp\/v2\/comments?post=95510"}],"version-history":[{"count":1,"href":"https:\/\/www.jornalja.com.br\/geral\/wp-json\/wp\/v2\/posts\/95510\/revisions"}],"predecessor-version":[{"id":95512,"href":"https:\/\/www.jornalja.com.br\/geral\/wp-json\/wp\/v2\/posts\/95510\/revisions\/95512"}],"wp:featuredmedia":[{"embeddable":true,"href":"https:\/\/www.jornalja.com.br\/geral\/wp-json\/wp\/v2\/media\/95511"}],"wp:attachment":[{"href":"https:\/\/www.jornalja.com.br\/geral\/wp-json\/wp\/v2\/media?parent=95510"}],"wp:term":[{"taxonomy":"category","embeddable":true,"href":"https:\/\/www.jornalja.com.br\/geral\/wp-json\/wp\/v2\/categories?post=95510"},{"taxonomy":"post_tag","embeddable":true,"href":"https:\/\/www.jornalja.com.br\/geral\/wp-json\/wp\/v2\/tags?post=95510"}],"curies":[{"name":"wp","href":"https:\/\/api.w.org\/{rel}","templated":true}]}}