{"id":95532,"date":"2023-06-05T07:03:35","date_gmt":"2023-06-05T10:03:35","guid":{"rendered":"https:\/\/www.jornalja.com.br\/geral\/?p=95532"},"modified":"2023-06-05T07:03:35","modified_gmt":"2023-06-05T10:03:35","slug":"chineses-substituem-tripulacao-em-estacao-espacial","status":"publish","type":"post","link":"https:\/\/www.jornalja.com.br\/geral\/chineses-substituem-tripulacao-em-estacao-espacial\/","title":{"rendered":"Chineses substituem tripula\u00e7\u00e3o em esta\u00e7\u00e3o espacial"},"content":{"rendered":"<p>Chegaram a Pequim neste domingo, 4, os tr\u00eas astronautas da espa\u00e7onave tripulada Shenzhou-15, ap\u00f3s o seu regresso seguro \u00e0 Terra, depois da miss\u00e3o de seis meses na esta\u00e7\u00e3o espacial.<\/p>\n<p>A tripula\u00e7\u00e3o entrar\u00e1 em um per\u00edodo de quarentena m\u00e9dica e passar\u00e1 por exames m\u00e9dicos e avalia\u00e7\u00f5es de sa\u00fade abrangentes, de acordo com a Ag\u00eancia Espacial Tripulada da China.<\/p>\n<p>Os tr\u00eas astronautas entregaram o controle da esta\u00e7\u00e3o espacial \u00e0 tripula\u00e7\u00e3o da Shenzhou-16 na sexta-feira, completando a segunda rota\u00e7\u00e3o de tripula\u00e7\u00e3o em \u00f3rbita do pa\u00eds, de acordo com a CMSA.<\/p>\n<p>Eles pousaram no s\u00e1bado no local de pouso de Dongfeng, na Regi\u00e3o Aut\u00f4noma da Mong\u00f3lia Interior, no norte da China. .<\/p>\n<p>Eles s\u00f3 v\u00e3o se encontrar\u00e3o com a imprensa em Beijing depois da quarentena.<\/p>\n<p>&nbsp;<\/p>\n","protected":false},"excerpt":{"rendered":"<p>Chegaram a Pequim neste domingo, 4, os tr\u00eas astronautas da espa\u00e7onave tripulada Shenzhou-15, ap\u00f3s o seu regresso seguro \u00e0 Terra, depois da miss\u00e3o de seis meses na esta\u00e7\u00e3o espacial. A tripula\u00e7\u00e3o entrar\u00e1 em um per\u00edodo de quarentena m\u00e9dica e passar\u00e1 por exames m\u00e9dicos e avalia\u00e7\u00f5es de sa\u00fade abrangentes, de acordo com a Ag\u00eancia Espacial Tripulada [&hellip;]<\/p>\n","protected":false},"author":4,"featured_media":95533,"comment_status":"open","ping_status":"open","sticky":false,"template":"","format":"standard","meta":{"jetpack_post_was_ever_published":false,"_jetpack_newsletter_access":"","_jetpack_dont_email_post_to_subs":false,"_jetpack_newsletter_tier_id":0,"_jetpack_memberships_contains_paywalled_content":false,"_jetpack_memberships_contains_paid_content":false,"footnotes":"","jetpack_publicize_message":"","jetpack_publicize_feature_enabled":true,"jetpack_social_post_already_shared":true,"jetpack_social_options":{"image_generator_settings":{"template":"highway","default_image_id":0,"font":"","enabled":false},"version":2}},"categories":[2],"tags":[418,4,38,95],"class_list":["post-95532","post","type-post","status-publish","format-standard","has-post-thumbnail","hentry","category-geral","tag-china","tag-imprensa","tag-saude","tag-sp"],"aioseo_notices":[],"jetpack_publicize_connections":[],"jetpack_featured_media_url":"https:\/\/www.jornalja.com.br\/geral\/wp-content\/uploads\/sites\/4\/2023\/06\/china-astronauta-retorna-de-estacao-espacial.png","jetpack_shortlink":"https:\/\/wp.me\/pbKhrD-oQQ","jetpack-related-posts":[{"id":75373,"url":"https:\/\/www.jornalja.com.br\/geral\/cocaina-no-aviao-da-fab-nem-advogado-tem-acesso-a-investigacoes\/","url_meta":{"origin":95532,"position":0},"title":"Cocaina no avi\u00e3o da FAB: nem advogado tem acesso a investiga\u00e7\u00f5es","author":"da Reda\u00e7\u00e3o","date":"16 de julho de 2019","format":false,"excerpt":"A defesa do sargento da Aeron\u00e1utica Manoel Silva Rodrigues entrou na segunda feira (15) com novo pedido de acesso \u00e0 investiga\u00e7\u00e3o sobre o militar. A peti\u00e7\u00e3o foi protocolada no Supremo Tribunal Federal (STF). Rodrigues foi preso em Sevilha, na Espanha, com 39 quilos de coca\u00edna, quando passava pelo controle alfandeg\u00e1rio.\u2026","rel":"","context":"Em &quot;Geral-MAT\u00c9RIA&quot;","block_context":{"text":"Geral-MAT\u00c9RIA","link":"https:\/\/www.jornalja.com.br\/geral\/category\/geral\/"},"img":{"alt_text":"","src":"","width":0,"height":0},"classes":[]},{"id":84363,"url":"https:\/\/www.jornalja.com.br\/geral\/china-explora-o-lado-oculto-da-lua\/","url_meta":{"origin":95532,"position":1},"title":"China explora o lado oculto da lua","author":"da Reda\u00e7\u00e3o","date":"29 de junho de 2020","format":false,"excerpt":"O ve\u00edculo explorador chin\u00eas Yutu-2, ou Coelho de Jade-2, percorreu 463 metros no lado oculto da Lua para conduzir a explora\u00e7\u00e3o cient\u00edfica do territ\u00f3rio inexplorado. Tanto o pousador como o ve\u00edculo explorador da sonda chinesa, Chang'e-4, terminaram seu trabalho no 19\u00ba dia lunar, e entraram em modo dormente para a\u2026","rel":"","context":"Em &quot;Geral-NOTAS&quot;","block_context":{"text":"Geral-NOTAS","link":"https:\/\/www.jornalja.com.br\/geral\/category\/geral-notas\/"},"img":{"alt_text":"","src":"https:\/\/i0.wp.com\/www.jornalja.com.br\/geral\/wp-content\/uploads\/sites\/4\/2020\/06\/china-explora-o-lado-oculto-da-lua.jpg?resize=350%2C200&ssl=1","width":350,"height":200,"srcset":"https:\/\/i0.wp.com\/www.jornalja.com.br\/geral\/wp-content\/uploads\/sites\/4\/2020\/06\/china-explora-o-lado-oculto-da-lua.jpg?resize=350%2C200&ssl=1 1x, https:\/\/i0.wp.com\/www.jornalja.com.br\/geral\/wp-content\/uploads\/sites\/4\/2020\/06\/china-explora-o-lado-oculto-da-lua.jpg?resize=525%2C300&ssl=1 1.5x, https:\/\/i0.wp.com\/www.jornalja.com.br\/geral\/wp-content\/uploads\/sites\/4\/2020\/06\/china-explora-o-lado-oculto-da-lua.jpg?resize=700%2C400&ssl=1 2x"},"classes":[]},{"id":95192,"url":"https:\/\/www.jornalja.com.br\/geral\/aproximacao-entre-lula-e-xi-o-mais-importante-da-visita\/","url_meta":{"origin":95532,"position":2},"title":"Aproxima\u00e7\u00e3o entre Lula e Xi,  o mais importante da visita","author":"da Reda\u00e7\u00e3o","date":"16 de abril de 2023","format":false,"excerpt":"O presidente classificou a viagem como \"extraordin\u00e1ria\". Na China, os acordos somaram R$ 50 bilh\u00f5es e, nos Emirados \u00c1rabes, mais de R$ 12 bilh\u00f5es. \"Mais importante do que a soma de dinheiro, \u00e9 a possibilidade de novos acordos. N\u00e3o s\u00f3 do ponto de vista comercial, mas do cultural, digital, educacional\u201d,\u2026","rel":"","context":"Em &quot;Geral-MAT\u00c9RIA&quot;","block_context":{"text":"Geral-MAT\u00c9RIA","link":"https:\/\/www.jornalja.com.br\/geral\/category\/geral\/"},"img":{"alt_text":"","src":"https:\/\/i0.wp.com\/www.jornalja.com.br\/geral\/wp-content\/uploads\/sites\/4\/2023\/04\/lula-com-xi-jinping.jpg?resize=350%2C200&ssl=1","width":350,"height":200,"srcset":"https:\/\/i0.wp.com\/www.jornalja.com.br\/geral\/wp-content\/uploads\/sites\/4\/2023\/04\/lula-com-xi-jinping.jpg?resize=350%2C200&ssl=1 1x, https:\/\/i0.wp.com\/www.jornalja.com.br\/geral\/wp-content\/uploads\/sites\/4\/2023\/04\/lula-com-xi-jinping.jpg?resize=525%2C300&ssl=1 1.5x, https:\/\/i0.wp.com\/www.jornalja.com.br\/geral\/wp-content\/uploads\/sites\/4\/2023\/04\/lula-com-xi-jinping.jpg?resize=700%2C400&ssl=1 2x, https:\/\/i0.wp.com\/www.jornalja.com.br\/geral\/wp-content\/uploads\/sites\/4\/2023\/04\/lula-com-xi-jinping.jpg?resize=1050%2C600&ssl=1 3x"},"classes":[]},{"id":82620,"url":"https:\/\/www.jornalja.com.br\/geral\/cem-trens-bala-movimentam-wuhan-no-primeiro-dia-pos-coronavirus\/","url_meta":{"origin":95532,"position":3},"title":"Cem trens-bala movimentam Wuhan no primeiro dia p\u00f3s-coronavirus","author":"da Reda\u00e7\u00e3o","date":"9 de abril de 2020","format":false,"excerpt":"A Ag\u00eancia Nova China publicou nesta quarta-feira a foto de uma esta\u00e7\u00e3o de trens-bala, prontos para o primeiro dia\u00a0 de atividade normal no p\u00f3s-coronavirus em Wuhan, a metr\u00f3pole chinesa onde come\u00e7ou a pandemia. Uma centena de trens de alta velocidade voltaram a circular com o levantamento das restri\u00e7\u00f5es\u00a0 da sa\u00fade\u2026","rel":"","context":"Em &quot;Geral-MAT\u00c9RIA&quot;","block_context":{"text":"Geral-MAT\u00c9RIA","link":"https:\/\/www.jornalja.com.br\/geral\/category\/geral\/"},"img":{"alt_text":"","src":"https:\/\/i0.wp.com\/www.jornalja.com.br\/geral\/wp-content\/uploads\/sites\/4\/2020\/04\/China-trens-em-Wuhan.jpg?resize=350%2C200&ssl=1","width":350,"height":200,"srcset":"https:\/\/i0.wp.com\/www.jornalja.com.br\/geral\/wp-content\/uploads\/sites\/4\/2020\/04\/China-trens-em-Wuhan.jpg?resize=350%2C200&ssl=1 1x, https:\/\/i0.wp.com\/www.jornalja.com.br\/geral\/wp-content\/uploads\/sites\/4\/2020\/04\/China-trens-em-Wuhan.jpg?resize=525%2C300&ssl=1 1.5x, https:\/\/i0.wp.com\/www.jornalja.com.br\/geral\/wp-content\/uploads\/sites\/4\/2020\/04\/China-trens-em-Wuhan.jpg?resize=700%2C400&ssl=1 2x"},"classes":[]},{"id":83730,"url":"https:\/\/www.jornalja.com.br\/geral\/trump-proibe-entrada-de-brasileiros-e-estrangeiros-que-passaram-pelo-brasil-nao-quero-que-venham-aqui-e-infectem-o-nosso-povo\/","url_meta":{"origin":95532,"position":4},"title":"Trump proibe entrada de brasileiros e estrangeiros que passaram pelo Brasil: &#8220;N\u00e3o quero que venham aqui e infectem o nosso povo&#8221;","author":"da Reda\u00e7\u00e3o","date":"25 de maio de 2020","format":false,"excerpt":"A situa\u00e7\u00e3o da pandemia no Brasil ganha repercuss\u00e3o mundial com a proibi\u00e7\u00e3o anunciada neste domingo: brasileiros e estrangeiros que tenham passado pelo pa\u00eds nos \u00faltimos 14 dias n\u00e3o podem entrar nos Estados Unidos. O decreto foi assinado pelo presidente Donald Trump, no domingo, 24.\u00a0 A entrada passa a ser proibida\u2026","rel":"","context":"Em &quot;Geral-NOTAS&quot;","block_context":{"text":"Geral-NOTAS","link":"https:\/\/www.jornalja.com.br\/geral\/category\/geral-notas\/"},"img":{"alt_text":"","src":"","width":0,"height":0},"classes":[]},{"id":89421,"url":"https:\/\/www.jornalja.com.br\/geral\/rodoviarios-pedem-o-adiamento-do-projeto-que-extingue-cobradores\/","url_meta":{"origin":95532,"position":5},"title":"Rodovi\u00e1rios pedem o adiamento do projeto que extingue cobradores","author":"Felipe Uhr","date":"19 de agosto de 2021","format":false,"excerpt":"Trabalhadores do transporte p\u00fablico fizeram ato contra os projetos do governo municipal de extinguir a fun\u00e7\u00e3o de cobrador e privatizar a empresa p\u00fablica de transporte, a Carris. O grupo fez caminhada pelo centro de Porto Alegre at\u00e9 o Pa\u00e7o Municipal na manh\u00e3 desta quinta-feira. Os manifestantes foram recebidos pelo vice-prefeito\u2026","rel":"","context":"Em &quot;Geral-MAT\u00c9RIA&quot;","block_context":{"text":"Geral-MAT\u00c9RIA","link":"https:\/\/www.jornalja.com.br\/geral\/category\/geral\/"},"img":{"alt_text":"","src":"https:\/\/i0.wp.com\/www.jornalja.com.br\/geral\/wp-content\/uploads\/sites\/4\/2021\/08\/19ago2021-alexrocha-gvp-rodoviarios-6.jpg?resize=350%2C200&ssl=1","width":350,"height":200},"classes":[]}],"jetpack_sharing_enabled":true,"_links":{"self":[{"href":"https:\/\/www.jornalja.com.br\/geral\/wp-json\/wp\/v2\/posts\/95532","targetHints":{"allow":["GET"]}}],"collection":[{"href":"https:\/\/www.jornalja.com.br\/geral\/wp-json\/wp\/v2\/posts"}],"about":[{"href":"https:\/\/www.jornalja.com.br\/geral\/wp-json\/wp\/v2\/types\/post"}],"author":[{"embeddable":true,"href":"https:\/\/www.jornalja.com.br\/geral\/wp-json\/wp\/v2\/users\/4"}],"replies":[{"embeddable":true,"href":"https:\/\/www.jornalja.com.br\/geral\/wp-json\/wp\/v2\/comments?post=95532"}],"version-history":[{"count":1,"href":"https:\/\/www.jornalja.com.br\/geral\/wp-json\/wp\/v2\/posts\/95532\/revisions"}],"predecessor-version":[{"id":95534,"href":"https:\/\/www.jornalja.com.br\/geral\/wp-json\/wp\/v2\/posts\/95532\/revisions\/95534"}],"wp:featuredmedia":[{"embeddable":true,"href":"https:\/\/www.jornalja.com.br\/geral\/wp-json\/wp\/v2\/media\/95533"}],"wp:attachment":[{"href":"https:\/\/www.jornalja.com.br\/geral\/wp-json\/wp\/v2\/media?parent=95532"}],"wp:term":[{"taxonomy":"category","embeddable":true,"href":"https:\/\/www.jornalja.com.br\/geral\/wp-json\/wp\/v2\/categories?post=95532"},{"taxonomy":"post_tag","embeddable":true,"href":"https:\/\/www.jornalja.com.br\/geral\/wp-json\/wp\/v2\/tags?post=95532"}],"curies":[{"name":"wp","href":"https:\/\/api.w.org\/{rel}","templated":true}]}}