{"id":95577,"date":"2023-06-15T15:35:38","date_gmt":"2023-06-15T18:35:38","guid":{"rendered":"https:\/\/www.jornalja.com.br\/geral\/?p=95577"},"modified":"2023-06-16T16:49:22","modified_gmt":"2023-06-16T19:49:22","slug":"historia-esquecida-o-dia-em-que-porto-alegre-expulsou-os-farroupilhas","status":"publish","type":"post","link":"https:\/\/www.jornalja.com.br\/geral\/historia-esquecida-o-dia-em-que-porto-alegre-expulsou-os-farroupilhas\/","title":{"rendered":"Hist\u00f3ria esquecida: o dia em que Porto Alegre expulsou os farroupilhas"},"content":{"rendered":"<p>A trombetas do tradicionalismo j\u00e1 soam alto, convocando para uma\u00a0 &#8220;Semana Farroupilha&#8221; sem precedentes neste setembro de 2023.<\/p>\n<p>Toda a imprensa regional j\u00e1 noticia os preparativos para o grande evento, que a cada ano marca o 20 de setembro de 1835, dia em que eclodiu o movimento rebelde que iria separar o Rio Grande do Sul do Brasil por quase dez anos*.<\/p>\n<p>\u00c9 o maior evento hist\u00f3rico-cultural do Estado, um dos maiores do Brasil, que mobiliza n\u00facleos ga\u00fachos pelo pa\u00eds afora e at\u00e9 no exterior.<\/p>\n<p>O epicentro da &#8220;Semana Farroupilha&#8221; \u00e9 Porto Alegre, onde um &#8220;Acampamento Farroupilha&#8221;, o popular &#8220;gauch\u00f3dromo&#8221;,\u00a0 recebe mais de um milh\u00e3o de visitantes por ano.<\/p>\n<p>Em compensa\u00e7\u00e3o, n\u00e3o mereceu uma nota nos jornais de Porto Alegre a data hist\u00f3rica que transcorre neste\u00a0 15 de junho e que, para a compreens\u00e3o da Hist\u00f3ria, \u00e9 t\u00e3o ou mais importante quanto o 20 de setembro, o dia em que os rebeldes farroupilhas tomaram a capital, de surpresa.<\/p>\n<p>No dia 15 de junho de 1836, numa rea\u00e7\u00e3o ainda mais surpreendente, grupos de militares e moradores retomaram a capital e expulsaram os farroupilhas.<\/p>\n<p>O ent\u00e3o c\u00f4nsul norte-americano em Porto Alegre, Isaac Austin Hayes, informou a Washington:<\/p>\n<p>&#8220;Uma contrarrevolu\u00e7\u00e3o ocorreu em Porto Alegre no dia 15 de junho passado, desde a qual t\u00eam havido cenas de derramamento de sangue e atrocidades (&#8230;)&#8221;.<\/p>\n<p>S\u00e9rgio da Costa Franco:<\/p>\n<p>&#8220;Depois de perderem a cidade na rea\u00e7\u00e3o de 15 de junho de 1836, os rebeldes nunca mais conseguiram retom\u00e1-la. Mesmo contando \u00e0s vezes com forte superioridade num\u00e9rica, submetendo os moradores da Capital a fome e restri\u00e7\u00f5es diversas.&#8221;<\/p>\n<p>O sil\u00eancio n\u00e3o \u00e9 acaso, nem exce\u00e7\u00e3o: data banida do calend\u00e1rio hist\u00f3rico do Rio Grande do Sul, o 15 de junho \u00e9 um exemplo de como foi a rela\u00e7\u00e3o de Porto Alegre e seus moradores com a Revolu\u00e7\u00e3o Farroupilha, desde o in\u00edcio at\u00e9 o fim. Uma rela\u00e7\u00e3o de muito conflito, muita viol\u00eancia, que contraria a narrativa tradicionalista.<\/p>\n<p>Expulsos da Capital, os farrapos reflu\u00edram para Viam\u00e3o, de onde sustentaram um cerco \u00e0 capital durante mais de quatro anos, sem conseguir retomar a cidade.<\/p>\n<p><span style=\"font-size: 1.5rem\">Quando tropas saindo de Porto Alegre desalojaram os Farroupilhas de Viam\u00e3o em 1841, a guerra estava j\u00e1 praticamente perdida. Foi prolongada at\u00e9 fevereiro de 1945 pelas negocia\u00e7\u00f5es de anistia e indeniza\u00e7\u00e3o aos chefes rebeldes.<\/span><\/p>\n<p>Esses eventos s\u00f3 foram merecer<span style=\"font-size: 1.5rem\">\u00a0um livro no ano 2.000, quando S\u00e9rgio da Costa Franco publicou &#8220;Porto A legre Sitiada&#8221;, com base em documentos e relatos in\u00e9ditos.<\/span><\/p>\n<p>O historiador conclui:<\/p>\n<p>&#8220;Incoerente,\u00a0 cidade ergueu\u00a0 monumentos e votou homenagens aos sitiadores que a maltrataram e esqueceu os soldados, marinheiros e paisanos volunt\u00e1rios que garantiram sua integridade em quatro anos de lutas&#8221;.<\/p>\n<p>&nbsp;<\/p>\n<p>&nbsp;<\/p>\n","protected":false},"excerpt":{"rendered":"<p>A trombetas do tradicionalismo j\u00e1 soam alto, convocando para uma\u00a0 &#8220;Semana Farroupilha&#8221; sem precedentes neste setembro de 2023. Toda a imprensa regional j\u00e1 noticia os preparativos para o grande evento, que a cada ano marca o 20 de setembro de 1835, dia em que eclodiu o movimento rebelde que iria separar o Rio Grande do [&hellip;]<\/p>\n","protected":false},"author":5,"featured_media":95578,"comment_status":"open","ping_status":"open","sticky":false,"template":"","format":"standard","meta":{"jetpack_post_was_ever_published":false,"_jetpack_newsletter_access":"","_jetpack_dont_email_post_to_subs":false,"_jetpack_newsletter_tier_id":0,"_jetpack_memberships_contains_paywalled_content":false,"_jetpack_memberships_contains_paid_content":false,"footnotes":"","jetpack_publicize_message":"","jetpack_publicize_feature_enabled":true,"jetpack_social_post_already_shared":true,"jetpack_social_options":{"image_generator_settings":{"template":"highway","default_image_id":0,"font":"","enabled":false},"version":2}},"categories":[2],"tags":[87,238,321,86,507,4,434,132,14,15,149,95,20,239],"class_list":["post-95577","post","type-post","status-publish","format-standard","has-post-thumbnail","hentry","category-geral","tag-ari","tag-brasil","tag-campanha","tag-cultura","tag-fome","tag-imprensa","tag-militares","tag-porto-alegre","tag-rio-grande-do-sul","tag-rs","tag-sc","tag-sp","tag-sus","tag-violencia"],"aioseo_notices":[],"jetpack_publicize_connections":[],"jetpack_featured_media_url":"https:\/\/www.jornalja.com.br\/geral\/wp-content\/uploads\/sites\/4\/2023\/06\/porto-alegre-combate-da-ponte-da-azenha.jpg","jetpack_shortlink":"https:\/\/wp.me\/pbKhrD-oRz","jetpack-related-posts":[{"id":101113,"url":"https:\/\/www.jornalja.com.br\/geral\/chefe-do-mp-rs-plano-diretor-de-porto-alegre-e-mais-voltado-para-construcao-que-para-prevenir-enchentes\/","url_meta":{"origin":95577,"position":0},"title":"Chefe do MP-RS: \u201cPlano Diretor de Porto Alegre \u00e9 mais voltado para constru\u00e7\u00e3o que para prevenir enchentes&#8221;","author":"da Reda\u00e7\u00e3o","date":"21 de abril de 2026","format":false,"excerpt":"O projeto do novo Plano Diretor de Porto Alegre, que tramita h\u00e1 mais de ano e est\u00e1 em fase final de vota\u00e7\u00e3o na C\u00e2mara Municipal, tem indicativos de aprova\u00e7\u00e3o, pela for\u00e7a da maioria que o prefeito Sebasti\u00e3o Melo tem no legislativo. J\u00e1, estudos do Minist\u00e9rio P\u00fablico apontam \"falhas jur\u00eddicas\" no\u2026","rel":"","context":"Em &quot;Geral-MAT\u00c9RIA&quot;","block_context":{"text":"Geral-MAT\u00c9RIA","link":"https:\/\/www.jornalja.com.br\/geral\/category\/geral\/"},"img":{"alt_text":"","src":"https:\/\/i0.wp.com\/www.jornalja.com.br\/geral\/wp-content\/uploads\/sites\/4\/2026\/04\/whatsapp-image-2026-04-01-at-164602-1536x1023-1.jpeg?resize=350%2C200&ssl=1","width":350,"height":200,"srcset":"https:\/\/i0.wp.com\/www.jornalja.com.br\/geral\/wp-content\/uploads\/sites\/4\/2026\/04\/whatsapp-image-2026-04-01-at-164602-1536x1023-1.jpeg?resize=350%2C200&ssl=1 1x, https:\/\/i0.wp.com\/www.jornalja.com.br\/geral\/wp-content\/uploads\/sites\/4\/2026\/04\/whatsapp-image-2026-04-01-at-164602-1536x1023-1.jpeg?resize=525%2C300&ssl=1 1.5x, https:\/\/i0.wp.com\/www.jornalja.com.br\/geral\/wp-content\/uploads\/sites\/4\/2026\/04\/whatsapp-image-2026-04-01-at-164602-1536x1023-1.jpeg?resize=700%2C400&ssl=1 2x, https:\/\/i0.wp.com\/www.jornalja.com.br\/geral\/wp-content\/uploads\/sites\/4\/2026\/04\/whatsapp-image-2026-04-01-at-164602-1536x1023-1.jpeg?resize=1050%2C600&ssl=1 3x, https:\/\/i0.wp.com\/www.jornalja.com.br\/geral\/wp-content\/uploads\/sites\/4\/2026\/04\/whatsapp-image-2026-04-01-at-164602-1536x1023-1.jpeg?resize=1400%2C800&ssl=1 4x"},"classes":[]},{"id":84743,"url":"https:\/\/www.jornalja.com.br\/geral\/galpao-virtual-substitui-acampamento-na-semana-farroupilha\/","url_meta":{"origin":95577,"position":1},"title":"Galp\u00e3o virtual substitui acampamento na Semana Farroupilha","author":"da Reda\u00e7\u00e3o","date":"4 de agosto de 2020","format":false,"excerpt":"A Semana Farroupilha, tradicional evento de setembro no Estado, ter\u00e1 formato virtual in\u00e9dito, adaptado aos tempos de coronav\u00edrus. O projeto para as comemora\u00e7\u00f5es foi apresentado em videoconfer\u00eancia, com a participa\u00e7\u00e3o do prefeito Nelson Marchezan J\u00fanior e representantes do Movimento Tradicionalista Ga\u00facho (MTG) e da Comiss\u00e3o Municipal dos Festejos Farroupilhas. Foi\u2026","rel":"","context":"Em &quot;Geral-MAT\u00c9RIA&quot;","block_context":{"text":"Geral-MAT\u00c9RIA","link":"https:\/\/www.jornalja.com.br\/geral\/category\/geral\/"},"img":{"alt_text":"","src":"https:\/\/i0.wp.com\/www.jornalja.com.br\/geral\/wp-content\/uploads\/sites\/4\/2020\/08\/semna-farroupilha.jpg?resize=350%2C200&ssl=1","width":350,"height":200,"srcset":"https:\/\/i0.wp.com\/www.jornalja.com.br\/geral\/wp-content\/uploads\/sites\/4\/2020\/08\/semna-farroupilha.jpg?resize=350%2C200&ssl=1 1x, https:\/\/i0.wp.com\/www.jornalja.com.br\/geral\/wp-content\/uploads\/sites\/4\/2020\/08\/semna-farroupilha.jpg?resize=525%2C300&ssl=1 1.5x, https:\/\/i0.wp.com\/www.jornalja.com.br\/geral\/wp-content\/uploads\/sites\/4\/2020\/08\/semna-farroupilha.jpg?resize=700%2C400&ssl=1 2x"},"classes":[]},{"id":101058,"url":"https:\/\/www.jornalja.com.br\/geral\/jornalista-batista-filho-palestra-em-ato-pelos-62-anos-do-golpe-militar\/","url_meta":{"origin":95577,"position":2},"title":"Jornalista Batista Filho palestra em ato pelos 62 anos do Golpe Militar","author":"da Reda\u00e7\u00e3o","date":"8 de abril de 2026","format":false,"excerpt":"O jornalista Jo\u00e3o Batista Filho, de 86 anos, ser\u00e1 o palestrante do \u201cAto de Rep\u00fadio pelos 62 Anos da Ditadura Militar\u201d, que ocorre nesta quarta-feira (8), \u00e0s 19h, no Audit\u00f3rio Ana Terra da C\u00e2mara Municipal de Porto Alegre. A atividade \u00e9 promovida pela Associa\u00e7\u00e3o dos Ex-Presos e Perseguidos Pol\u00edticos do\u2026","rel":"","context":"Em &quot;Geral-MAT\u00c9RIA&quot;","block_context":{"text":"Geral-MAT\u00c9RIA","link":"https:\/\/www.jornalja.com.br\/geral\/category\/geral\/"},"img":{"alt_text":"","src":"https:\/\/i0.wp.com\/www.jornalja.com.br\/geral\/wp-content\/uploads\/sites\/4\/2026\/04\/sem-titulo-1.jpg?resize=350%2C200&ssl=1","width":350,"height":200,"srcset":"https:\/\/i0.wp.com\/www.jornalja.com.br\/geral\/wp-content\/uploads\/sites\/4\/2026\/04\/sem-titulo-1.jpg?resize=350%2C200&ssl=1 1x, https:\/\/i0.wp.com\/www.jornalja.com.br\/geral\/wp-content\/uploads\/sites\/4\/2026\/04\/sem-titulo-1.jpg?resize=525%2C300&ssl=1 1.5x, https:\/\/i0.wp.com\/www.jornalja.com.br\/geral\/wp-content\/uploads\/sites\/4\/2026\/04\/sem-titulo-1.jpg?resize=700%2C400&ssl=1 2x, https:\/\/i0.wp.com\/www.jornalja.com.br\/geral\/wp-content\/uploads\/sites\/4\/2026\/04\/sem-titulo-1.jpg?resize=1050%2C600&ssl=1 3x"},"classes":[]},{"id":96208,"url":"https:\/\/www.jornalja.com.br\/geral\/qg-da-rebeldia-viamao-foi-verdadeira-capital-farroupilha\/","url_meta":{"origin":95577,"position":3},"title":"QG da rebeldia: Viam\u00e3o foi verdadeira capital farroupilha","author":"Elmar Bones","date":"18 de setembro de 2023","format":false,"excerpt":"A Rep\u00fablica Riograndense, proclamada em 11 de setembro de 1836, ap\u00f3s uma vit\u00f3ria do general Netto, teve tr\u00eas capitais, enquanto durou. A primeira,\u00a0 Piratini, instalada em novembro do mesmo ano, foi capital ac\u00e9fala, pois Bento Gon\u00e7alves, eleito presidente, estava preso. Em janeiro de 1839, um ano e tr\u00eas meses depois,\u00a0\u2026","rel":"","context":"Em &quot;Geral-MAT\u00c9RIA&quot;","block_context":{"text":"Geral-MAT\u00c9RIA","link":"https:\/\/www.jornalja.com.br\/geral\/category\/geral\/"},"img":{"alt_text":"","src":"https:\/\/i0.wp.com\/www.jornalja.com.br\/geral\/wp-content\/uploads\/sites\/4\/2023\/09\/20230127-0002-qg-farroupilha-casa-fepagro-ramiro-sanchez-mg-8644-scaled.jpg?resize=350%2C200&ssl=1","width":350,"height":200,"srcset":"https:\/\/i0.wp.com\/www.jornalja.com.br\/geral\/wp-content\/uploads\/sites\/4\/2023\/09\/20230127-0002-qg-farroupilha-casa-fepagro-ramiro-sanchez-mg-8644-scaled.jpg?resize=350%2C200&ssl=1 1x, https:\/\/i0.wp.com\/www.jornalja.com.br\/geral\/wp-content\/uploads\/sites\/4\/2023\/09\/20230127-0002-qg-farroupilha-casa-fepagro-ramiro-sanchez-mg-8644-scaled.jpg?resize=525%2C300&ssl=1 1.5x, https:\/\/i0.wp.com\/www.jornalja.com.br\/geral\/wp-content\/uploads\/sites\/4\/2023\/09\/20230127-0002-qg-farroupilha-casa-fepagro-ramiro-sanchez-mg-8644-scaled.jpg?resize=700%2C400&ssl=1 2x, https:\/\/i0.wp.com\/www.jornalja.com.br\/geral\/wp-content\/uploads\/sites\/4\/2023\/09\/20230127-0002-qg-farroupilha-casa-fepagro-ramiro-sanchez-mg-8644-scaled.jpg?resize=1050%2C600&ssl=1 3x, https:\/\/i0.wp.com\/www.jornalja.com.br\/geral\/wp-content\/uploads\/sites\/4\/2023\/09\/20230127-0002-qg-farroupilha-casa-fepagro-ramiro-sanchez-mg-8644-scaled.jpg?resize=1400%2C800&ssl=1 4x"},"classes":[]},{"id":72464,"url":"https:\/\/www.jornalja.com.br\/geral\/semana-farroupilha-sera-foco-da-acao-cultural-diz-novo-presidente-da-al\/","url_meta":{"origin":95577,"position":4},"title":"&quot;Semana Farroupilha ser\u00e1 foco da a\u00e7\u00e3o cultural&quot;, diz novo presidente da AL","author":"da Reda\u00e7\u00e3o","date":"31 de janeiro de 2019","format":false,"excerpt":"\"Se quisermos que a Semana Farroupilha volte a ser grande, gerando emprego e renda at\u00e9 para o pessoal do carnaval temos que fomentar as suas atividades. Ela ser\u00e1 o nosso foco, atrav\u00e9s delas v\u00e1rios eventos ser\u00e3o desencadeados\". A declara\u00e7\u00e3o \u00e9 do novo presidente da Assembl\u00e9ia Legislativa do Rio Grande do\u2026","rel":"","context":"Em &quot;Geral-MAT\u00c9RIA&quot;","block_context":{"text":"Geral-MAT\u00c9RIA","link":"https:\/\/www.jornalja.com.br\/geral\/category\/geral\/"},"img":{"alt_text":"","src":"","width":0,"height":0},"classes":[]},{"id":95972,"url":"https:\/\/www.jornalja.com.br\/geral\/viamao-300-anos-uma-viagem-ao-rio-grande-profundo\/","url_meta":{"origin":95577,"position":5},"title":"Uma viagem ao Rio Grande profundo","author":"Elmar Bones","date":"31 de julho de 2023","format":false,"excerpt":"Elmar Bones Lan\u00e7ado na igreja matriz de Viam\u00e3o, dia 7 de julho, o livro \u201cViam\u00e3o 300 Anos\u201d chega a Porto Alegre neste 3 de agosto, em evento no Memorial do Rio Grande do Sul. O t\u00edtulo remete a um tempo inaugural, quando os primeiros s\u00faditos de Portugal descem para os\u2026","rel":"","context":"Em &quot;Geral-MAT\u00c9RIA&quot;","block_context":{"text":"Geral-MAT\u00c9RIA","link":"https:\/\/www.jornalja.com.br\/geral\/category\/geral\/"},"img":{"alt_text":"","src":"https:\/\/i0.wp.com\/www.jornalja.com.br\/geral\/wp-content\/uploads\/sites\/4\/2023\/07\/capa-loja.jpg?resize=350%2C200&ssl=1","width":350,"height":200,"srcset":"https:\/\/i0.wp.com\/www.jornalja.com.br\/geral\/wp-content\/uploads\/sites\/4\/2023\/07\/capa-loja.jpg?resize=350%2C200&ssl=1 1x, https:\/\/i0.wp.com\/www.jornalja.com.br\/geral\/wp-content\/uploads\/sites\/4\/2023\/07\/capa-loja.jpg?resize=525%2C300&ssl=1 1.5x, https:\/\/i0.wp.com\/www.jornalja.com.br\/geral\/wp-content\/uploads\/sites\/4\/2023\/07\/capa-loja.jpg?resize=700%2C400&ssl=1 2x, https:\/\/i0.wp.com\/www.jornalja.com.br\/geral\/wp-content\/uploads\/sites\/4\/2023\/07\/capa-loja.jpg?resize=1050%2C600&ssl=1 3x"},"classes":[]}],"jetpack_sharing_enabled":true,"_links":{"self":[{"href":"https:\/\/www.jornalja.com.br\/geral\/wp-json\/wp\/v2\/posts\/95577","targetHints":{"allow":["GET"]}}],"collection":[{"href":"https:\/\/www.jornalja.com.br\/geral\/wp-json\/wp\/v2\/posts"}],"about":[{"href":"https:\/\/www.jornalja.com.br\/geral\/wp-json\/wp\/v2\/types\/post"}],"author":[{"embeddable":true,"href":"https:\/\/www.jornalja.com.br\/geral\/wp-json\/wp\/v2\/users\/5"}],"replies":[{"embeddable":true,"href":"https:\/\/www.jornalja.com.br\/geral\/wp-json\/wp\/v2\/comments?post=95577"}],"version-history":[{"count":5,"href":"https:\/\/www.jornalja.com.br\/geral\/wp-json\/wp\/v2\/posts\/95577\/revisions"}],"predecessor-version":[{"id":95590,"href":"https:\/\/www.jornalja.com.br\/geral\/wp-json\/wp\/v2\/posts\/95577\/revisions\/95590"}],"wp:featuredmedia":[{"embeddable":true,"href":"https:\/\/www.jornalja.com.br\/geral\/wp-json\/wp\/v2\/media\/95578"}],"wp:attachment":[{"href":"https:\/\/www.jornalja.com.br\/geral\/wp-json\/wp\/v2\/media?parent=95577"}],"wp:term":[{"taxonomy":"category","embeddable":true,"href":"https:\/\/www.jornalja.com.br\/geral\/wp-json\/wp\/v2\/categories?post=95577"},{"taxonomy":"post_tag","embeddable":true,"href":"https:\/\/www.jornalja.com.br\/geral\/wp-json\/wp\/v2\/tags?post=95577"}],"curies":[{"name":"wp","href":"https:\/\/api.w.org\/{rel}","templated":true}]}}