{"id":95595,"date":"2023-06-16T16:39:21","date_gmt":"2023-06-16T19:39:21","guid":{"rendered":"https:\/\/www.jornalja.com.br\/geral\/?p=95595"},"modified":"2023-07-07T11:46:46","modified_gmt":"2023-07-07T14:46:46","slug":"compras-da-smed-sao-metade-das-caronas-que-a-prefeitura-pegou-em-licitacoes-alheias","status":"publish","type":"post","link":"https:\/\/www.jornalja.com.br\/geral\/compras-da-smed-sao-metade-das-caronas-que-a-prefeitura-pegou-em-licitacoes-alheias\/","title":{"rendered":"Compras da SMED s\u00e3o metade das &#8220;caronas&#8221; que a prefeitura pegou em licita\u00e7\u00f5es alheias"},"content":{"rendered":"<p>A s\u00e9rie de reportagens do GDI\/RBS sobre as compras da Secretaria Municipal de Educa\u00e7\u00e3o de Porto Alegre pegando &#8220;carona&#8221; em licita\u00e7\u00f5es de outros munic\u00edpios,\u00a0 \u00e9 um caso exemplar de como funciona o ecossistema de comunica\u00e7\u00e3o.<\/p>\n<p>Embora o GDI, por cacoete monopolista, se auto-atribua o m\u00e9rito de ter &#8220;revelado&#8221; o assunto,\u00a0 o caso, na verdade,\u00a0 prova como a diversidade dos meios \u00e9 fundamental para a circula\u00e7\u00e3o das informa\u00e7\u00f5es de interesse social.<\/p>\n<p>Em maio de 2022, o prefeito Sebasti\u00e3o Melo autorizou por decreto as compras de &#8220;carona&#8221; para atender a &#8220;necessidade de celeridade das ades\u00f5es pretendidas pela Smed&#8221;.<\/p>\n<p>A Smed poderia fazer compras aderindo ao preg\u00e3o de licita\u00e7\u00f5es semelhantes feitas por outros munic\u00edpios.<\/p>\n<p>Nenhum rep\u00f3rter investigativo atentou para esse decreto e a &#8220;carona&#8221; que a Smed podia pegar para fazer compras sem licita\u00e7\u00e3o. Faltou o release.<\/p>\n<p>As compras de material recreativo e educativo pegando carona em editais de licita\u00e7\u00e3o de outros munic\u00edpios come\u00e7aram em junho de 2022 .<\/p>\n<p>Foram 11 opera\u00e7\u00f5es at\u00e9 dezembro, num total de 73,5 milh\u00f5es, segundo apurou agora o GDI.<\/p>\n<p>Tampouco chamou aten\u00e7\u00e3o de qualquer rep\u00f3rter a causa de toda a pressa para &#8220;acelerar gastos p\u00fablicos&#8221; : recursos do or\u00e7amento que a Secretaria de Educa\u00e7\u00e3o n\u00e3o conseguira executar &#8220;por conta da pandemia&#8221;. Por que a Secretaria da Educa\u00e7\u00e3o\u00a0 n\u00e3o consegue gastar os recursos previstos no or\u00e7amento, quando \u00e9 flagrante e generalizada a car\u00eancia em todas as escolas?<\/p>\n<p>Nem os materiais adquiridos \u00e0s pressas e acumulados em galp\u00f5es e dep\u00f3sitos chamaram a aten\u00e7\u00e3o. Faltou o release.<\/p>\n<p>Foram as pequenas editoras de Porto Alegre que trouxeram a p\u00fablico as primeiras informa\u00e7\u00f5es, em den\u00fancias nas redes sociais, no final do ano passado, mostrando inclusive foto dos livros comprados e que estavam empilhados nas escolas. Blogs e sites independentes repercutiram a den\u00fancia, o vereador Jonas Reis discursou na C\u00e2mara pedindo esclarecimentos \u00e0 Smed. Em resposta assinada por Melo,\u00a0 a Prefeitura minimizou o fato: justificou a compra simplesmente reproduzindo textos extra\u00eddos do site da empresa que vendeu os livros.<\/p>\n<p>No dia 16 de dezembro, o rep\u00f3rter Dem\u00e9trio Jorge, do Matinal, deu o furo: &#8220;Prefeitura comprou 9 milh\u00f5es em livros de empresa investigada pelo TCU&#8221;.\u00a0 Relatava que os diretores das 98 escolas municipais foram surpreendidos com a chegada dos livros, sobre os quais n\u00e3o foram consultados.<\/p>\n<p>A Smed havia comprado 230 mil exemplares ao pre\u00e7o de R$ 41 o exemplar, pegando carona numa licita\u00e7\u00e3o feita em Sergipe.\u00a0 As obras, sem rela\u00e7\u00e3o com o plano pedag\u00f3gico das escolas,\u00a0 iam desde cl\u00e1ssicos, como Machado de Assis, at\u00e9 quadrinhos de Calvin &amp; Haroldo.<\/p>\n<p>A reportagem constatou que a Smed pegara carona num &#8220;\u00f4nibus&#8221; com outras 15 prefeituras que compraram um pacote de 4 milh\u00f5es de livros. Mais grave: de um \u00fanico fornecedor, a empresa Inca Tecnologia, de Curitiba, que desde maio de 2020 estava sob investiga\u00e7\u00e3o do Tribunal de Contas da Uni\u00e3o, por suposto sobrepre\u00e7o numa licita\u00e7\u00e3o de aventais.<\/p>\n<p>A partir da\u00ed, come\u00e7ou a ganhar for\u00e7a na Camara Municipal a proposta de uma CPI para esclarecer o assunto das compras sem licita\u00e7\u00e3o.<\/p>\n<p>No dia <strong>5 de junho*<\/strong>, vendo que a CPI era inevit\u00e1vel, o prefeito Sebasti\u00e3o Melo se antecipou e orientou sua bancada a pedir uma CPI sobre as &#8220;caronas&#8221;. A oposi\u00e7\u00e3o protocolou o seu pedido no mesmo dia.<\/p>\n<p>No dia 6, o GDI\/RBS entrou no assunto.\u00a0 A s\u00e9rie de reportagens, assinadas por Adrian Irion e Carlos Rollsing, revela a amplitude do caso. E por sua repercuss\u00e3o obrigou o prefeito a reagir.<\/p>\n<p>A linha da investiga\u00e7\u00e3o privilegia o enfoque do &#8220;desperd\u00edcio do dinheiro p\u00fablico&#8221;, mostrando os materiais acumulados em escolas e at\u00e9 dep\u00f3sitos alugados, como se o problema se reduzisse a uma pane log\u00edstica, que o prefeito resolve criando uma &#8220;for\u00e7a-tarefa&#8221; para que o material chegue \u00e0s\u00a0 \u00a0escolas e aos alunos.<\/p>\n<p>A pertin\u00eancia e a licitude das &#8220;compras de carona&#8221;, a licita\u00e7\u00e3o em que um \u00fanico fornecedor vendeu 4 milh\u00f5es de livros para v\u00e1rias prefeituras, tudo isso fica pouco esclarecido e relegado a segundo plano.<\/p>\n<p>Ainda h\u00e1 muito a apurar. As compras da Smed s\u00e3o apenas metade das 21 opera\u00e7\u00f5es via carona feitas pela Prefeitura de Porto Alegre.<\/p>\n<p><strong>Nota da reda\u00e7\u00e3o:<\/strong> Na primeira vers\u00e3o do texto saiu 5 de dezembro a data do prieiro pedido da CPI. O correto \u00e9:5 de junho.<\/p>\n","protected":false},"excerpt":{"rendered":"<p>A s\u00e9rie de reportagens do GDI\/RBS sobre as compras da Secretaria Municipal de Educa\u00e7\u00e3o de Porto Alegre pegando &#8220;carona&#8221; em licita\u00e7\u00f5es de outros munic\u00edpios,\u00a0 \u00e9 um caso exemplar de como funciona o ecossistema de comunica\u00e7\u00e3o. Embora o GDI, por cacoete monopolista, se auto-atribua o m\u00e9rito de ter &#8220;revelado&#8221; o assunto,\u00a0 o caso, na verdade,\u00a0 prova [&hellip;]<\/p>\n","protected":false},"author":5,"featured_media":95599,"comment_status":"open","ping_status":"open","sticky":false,"template":"","format":"standard","meta":{"jetpack_post_was_ever_published":false,"_jetpack_newsletter_access":"","_jetpack_dont_email_post_to_subs":false,"_jetpack_newsletter_tier_id":0,"_jetpack_memberships_contains_paywalled_content":false,"_jetpack_memberships_contains_paid_content":false,"footnotes":"","jetpack_publicize_message":"","jetpack_publicize_feature_enabled":true,"jetpack_social_post_already_shared":true,"jetpack_social_options":{"image_generator_settings":{"template":"highway","default_image_id":0,"font":"","enabled":false},"version":2}},"categories":[2],"tags":[87,240,336,265,45,298,356,489,120,425,132,300,267,94,479,15,149,539,95,112,509],"class_list":["post-95595","post","type-post","status-publish","format-standard","has-post-thumbnail","hentry","category-geral","tag-ari","tag-camara","tag-cpi","tag-diversidade","tag-educacao","tag-escolas","tag-mel","tag-melo","tag-obras","tag-pandemia","tag-porto-alegre","tag-prefeitura","tag-prefeitura-de-porto-alegre","tag-rbs","tag-red","tag-rs","tag-sc","tag-sebastiao-melo","tag-sp","tag-tribunal-de-contas","tag-uniao"],"aioseo_notices":[],"jetpack_publicize_connections":[],"jetpack_featured_media_url":"https:\/\/www.jornalja.com.br\/geral\/wp-content\/uploads\/sites\/4\/2023\/06\/smed-compralivros-de-carona.jpeg","jetpack_shortlink":"https:\/\/wp.me\/pbKhrD-oRR","jetpack-related-posts":[{"id":95670,"url":"https:\/\/www.jornalja.com.br\/geral\/carona-em-licitacoes-alheias-o-que-ainda-falta-esclarecer\/","url_meta":{"origin":95595,"position":0},"title":"Carona em licita\u00e7\u00f5es alheias: o que ainda falta esclarecer","author":"Elmar Bones","date":"22 de junho de 2023","format":false,"excerpt":"Tr\u00eas situa\u00e7\u00f5es cr\u00edticas para o prefeito de Porto Alegre, Sebasti\u00e3o Melo, vieram \u00e0 tona com o esc\u00e2ndalo das compras que a Secretaria Municipal de Educa\u00e7\u00e3o de Porto Alegre\u00a0 fez pegando caronas em licita\u00e7\u00f5es alheias. 1) O absurdo das compras em si, \u00e0s pressas, sem qualquer planejamento, sem consultar ningu\u00e9m da\u2026","rel":"","context":"Em &quot;Geral-MAT\u00c9RIA&quot;","block_context":{"text":"Geral-MAT\u00c9RIA","link":"https:\/\/www.jornalja.com.br\/geral\/category\/geral\/"},"img":{"alt_text":"","src":"https:\/\/i0.wp.com\/www.jornalja.com.br\/geral\/wp-content\/uploads\/sites\/4\/2023\/06\/porto-alegre-melo-em-reuniao-com-gabinete-de-crise.jpg?resize=350%2C200&ssl=1","width":350,"height":200,"srcset":"https:\/\/i0.wp.com\/www.jornalja.com.br\/geral\/wp-content\/uploads\/sites\/4\/2023\/06\/porto-alegre-melo-em-reuniao-com-gabinete-de-crise.jpg?resize=350%2C200&ssl=1 1x, https:\/\/i0.wp.com\/www.jornalja.com.br\/geral\/wp-content\/uploads\/sites\/4\/2023\/06\/porto-alegre-melo-em-reuniao-com-gabinete-de-crise.jpg?resize=525%2C300&ssl=1 1.5x, https:\/\/i0.wp.com\/www.jornalja.com.br\/geral\/wp-content\/uploads\/sites\/4\/2023\/06\/porto-alegre-melo-em-reuniao-com-gabinete-de-crise.jpg?resize=700%2C400&ssl=1 2x"},"classes":[]},{"id":95654,"url":"https:\/\/www.jornalja.com.br\/geral\/melo-diz-que-compras-foram-dentro-da-lei-e-repele-a-expressao-carona-em-licitacoess\/","url_meta":{"origin":95595,"position":1},"title":"Melo diz que compras foram dentro da lei e repele a express\u00e3o &#8220;carona&#8221; em licita\u00e7\u00f5es","author":"Elmar Bones","date":"20 de junho de 2023","format":false,"excerpt":"O prefeito de Porto Alegre, Sebasti\u00e3o Melo\u00a0 (PMDB) tem uma batata bem quente nas m\u00e3os. T\u00e3o quente que pode chamuscar a t\u00e3o acalentada reelei\u00e7\u00e3o em 2024. N\u00e3o \u00e9 s\u00f3 o esc\u00e2ndalo dos livros e materiais did\u00e1ticos e esportivos, comprados e empilhados em dep\u00f3sitos e escolas. S\u00e3o R$ 73 milh\u00f5es comprados\u2026","rel":"","context":"Em &quot;Geral-MAT\u00c9RIA&quot;","block_context":{"text":"Geral-MAT\u00c9RIA","link":"https:\/\/www.jornalja.com.br\/geral\/category\/geral\/"},"img":{"alt_text":"","src":"https:\/\/i0.wp.com\/www.jornalja.com.br\/geral\/wp-content\/uploads\/sites\/4\/2023\/06\/melo-e-o-vice-ricardo-gomes.jpeg?resize=350%2C200&ssl=1","width":350,"height":200},"classes":[]},{"id":100843,"url":"https:\/\/www.jornalja.com.br\/geral\/policia-civil-indicia-34-pessoas-por-suspeitas-de-fraudes-milionarias-na-educacao-em-porto-alegre\/","url_meta":{"origin":95595,"position":2},"title":"Pol\u00edcia Civil indicia 34 pessoas por suspeitas de fraudes milion\u00e1rias na Educa\u00e7\u00e3o em Porto Alegre","author":"da Reda\u00e7\u00e3o","date":"19 de fevereiro de 2026","format":false,"excerpt":"Nesta quinta-feira, 19 de fevereiro de 2026, a Pol\u00edcia Civil ga\u00facha finalizou o conjunto de inqu\u00e9ritos da Opera\u00e7\u00e3o Capa Dura, no total foram 34 pessoas indiciadas. O esquema pode ter movimentado mais de R$ 58 milh\u00f5es e funcionou dentro da Secretaria Municipal de Educa\u00e7\u00e3o de Porto Alegre (Smed) entre 2021\u2026","rel":"","context":"Em &quot;Geral-MAT\u00c9RIA&quot;","block_context":{"text":"Geral-MAT\u00c9RIA","link":"https:\/\/www.jornalja.com.br\/geral\/category\/geral\/"},"img":{"alt_text":"","src":"https:\/\/i0.wp.com\/www.jornalja.com.br\/geral\/wp-content\/uploads\/sites\/4\/2026\/02\/12100524-515394-gdo.jpeg?resize=350%2C200&ssl=1","width":350,"height":200,"srcset":"https:\/\/i0.wp.com\/www.jornalja.com.br\/geral\/wp-content\/uploads\/sites\/4\/2026\/02\/12100524-515394-gdo.jpeg?resize=350%2C200&ssl=1 1x, https:\/\/i0.wp.com\/www.jornalja.com.br\/geral\/wp-content\/uploads\/sites\/4\/2026\/02\/12100524-515394-gdo.jpeg?resize=525%2C300&ssl=1 1.5x, https:\/\/i0.wp.com\/www.jornalja.com.br\/geral\/wp-content\/uploads\/sites\/4\/2026\/02\/12100524-515394-gdo.jpeg?resize=700%2C400&ssl=1 2x"},"classes":[]},{"id":97860,"url":"https:\/\/www.jornalja.com.br\/geral\/eleicoes-2024-o-que-mostra-a-pesquisa-na-reta-final-da-campanha\/","url_meta":{"origin":95595,"position":3},"title":"Elei\u00e7\u00f5es 2024: o que mostra a pesquisa na reta final da campanha","author":"da Reda\u00e7\u00e3o","date":"19 de setembro de 2024","format":false,"excerpt":"A pesquisa eleitoral feita pela Quaest, para a\u00a0 RBS, divulgada nesta quarta-feira, 18 de setembro,\u00a0 aponta para uma prov\u00e1vel vit\u00f3ria de Sebasti\u00e3o Melo, em Porto Alegre. A 15 dias do pleito, ele subiu para 41% das inten\u00e7\u00f5es de voto, enquanto sua principal advers\u00e1ria, Maria do Ros\u00e1rio, do PT, caiu para\u2026","rel":"","context":"Em &quot;Geral-MAT\u00c9RIA&quot;","block_context":{"text":"Geral-MAT\u00c9RIA","link":"https:\/\/www.jornalja.com.br\/geral\/category\/geral\/"},"img":{"alt_text":"","src":"https:\/\/i0.wp.com\/www.jornalja.com.br\/geral\/wp-content\/uploads\/sites\/4\/2024\/09\/eleicoes-2024-convencao-mdb-melo-chapeu.png?resize=350%2C200&ssl=1","width":350,"height":200},"classes":[]},{"id":100243,"url":"https:\/\/www.jornalja.com.br\/geral\/governo-federal-financia-compra-de-100-onibus-eletricos-para-porto-alegre\/","url_meta":{"origin":95595,"position":4},"title":"Governo federal financia compra de 100 \u00f4nibus el\u00e9tricos para Porto Alegre","author":"Elmar Bones","date":"18 de novembro de 2025","format":false,"excerpt":"O Banco Nacional de Desenvolvimento Econ\u00f4mico vai financiar a compra de 100 \u00f4nibus el\u00e9tricos para o transporte coletivo de Porto Alegre. A C\u00e2mara Municipal autorizou nesta segunda-feira o prefeito Sebasti\u00e3o Melo a contratar o financiamento no valor de R$ 447 milh\u00f5es com o banco estatal. O financiamento integra o programa\u2026","rel":"","context":"Em &quot;Geral-MAT\u00c9RIA&quot;","block_context":{"text":"Geral-MAT\u00c9RIA","link":"https:\/\/www.jornalja.com.br\/geral\/category\/geral\/"},"img":{"alt_text":"","src":"","width":0,"height":0},"classes":[]},{"id":100027,"url":"https:\/\/www.jornalja.com.br\/geral\/prefeitura-estuda-pacote-de-incentivos-transformar-centro-historico-em-territorio-de-oportunidades\/","url_meta":{"origin":95595,"position":5},"title":"Melo anuncia &#8220;pacote de incentivos&#8221; para transformar centro hist\u00f3rico em &#8220;territ\u00f3rio de oportunidades&#8221;.","author":"da Reda\u00e7\u00e3o","date":"15 de outubro de 2025","format":false,"excerpt":"A prefeitura de Porto Alegre encomendou pesquisa \u00e0 empresa \"Palco Intelig\u00eancia de Neg\u00f3cios\" para saber o que precisa ser feito para tornar o centro hist\u00f3rico\u00a0 \"num territ\u00f3rio de oportunidades\".\u00a0 Os question\u00e1rios foram aplicados em julho. Nesta quarta-feira, 15\/9, foram anunciadas as primeiras iniciativas previstas a partir dos resultados da pesquisa,\u2026","rel":"","context":"Em &quot;Geral-MAT\u00c9RIA&quot;","block_context":{"text":"Geral-MAT\u00c9RIA","link":"https:\/\/www.jornalja.com.br\/geral\/category\/geral\/"},"img":{"alt_text":"","src":"https:\/\/i0.wp.com\/www.jornalja.com.br\/geral\/wp-content\/uploads\/sites\/4\/2025\/10\/centro-historico-projeto.jpg?resize=350%2C200&ssl=1","width":350,"height":200,"srcset":"https:\/\/i0.wp.com\/www.jornalja.com.br\/geral\/wp-content\/uploads\/sites\/4\/2025\/10\/centro-historico-projeto.jpg?resize=350%2C200&ssl=1 1x, https:\/\/i0.wp.com\/www.jornalja.com.br\/geral\/wp-content\/uploads\/sites\/4\/2025\/10\/centro-historico-projeto.jpg?resize=525%2C300&ssl=1 1.5x, https:\/\/i0.wp.com\/www.jornalja.com.br\/geral\/wp-content\/uploads\/sites\/4\/2025\/10\/centro-historico-projeto.jpg?resize=700%2C400&ssl=1 2x"},"classes":[]}],"jetpack_sharing_enabled":true,"_links":{"self":[{"href":"https:\/\/www.jornalja.com.br\/geral\/wp-json\/wp\/v2\/posts\/95595","targetHints":{"allow":["GET"]}}],"collection":[{"href":"https:\/\/www.jornalja.com.br\/geral\/wp-json\/wp\/v2\/posts"}],"about":[{"href":"https:\/\/www.jornalja.com.br\/geral\/wp-json\/wp\/v2\/types\/post"}],"author":[{"embeddable":true,"href":"https:\/\/www.jornalja.com.br\/geral\/wp-json\/wp\/v2\/users\/5"}],"replies":[{"embeddable":true,"href":"https:\/\/www.jornalja.com.br\/geral\/wp-json\/wp\/v2\/comments?post=95595"}],"version-history":[{"count":5,"href":"https:\/\/www.jornalja.com.br\/geral\/wp-json\/wp\/v2\/posts\/95595\/revisions"}],"predecessor-version":[{"id":95652,"href":"https:\/\/www.jornalja.com.br\/geral\/wp-json\/wp\/v2\/posts\/95595\/revisions\/95652"}],"wp:featuredmedia":[{"embeddable":true,"href":"https:\/\/www.jornalja.com.br\/geral\/wp-json\/wp\/v2\/media\/95599"}],"wp:attachment":[{"href":"https:\/\/www.jornalja.com.br\/geral\/wp-json\/wp\/v2\/media?parent=95595"}],"wp:term":[{"taxonomy":"category","embeddable":true,"href":"https:\/\/www.jornalja.com.br\/geral\/wp-json\/wp\/v2\/categories?post=95595"},{"taxonomy":"post_tag","embeddable":true,"href":"https:\/\/www.jornalja.com.br\/geral\/wp-json\/wp\/v2\/tags?post=95595"}],"curies":[{"name":"wp","href":"https:\/\/api.w.org\/{rel}","templated":true}]}}