{"id":95631,"date":"2023-06-18T17:37:07","date_gmt":"2023-06-18T20:37:07","guid":{"rendered":"https:\/\/www.jornalja.com.br\/geral\/?p=95631"},"modified":"2023-06-18T17:37:07","modified_gmt":"2023-06-18T20:37:07","slug":"bolsa-familia-chega-a-r-75000-o-maior-valor-da-historia-segundo-o-governo","status":"publish","type":"post","link":"https:\/\/www.jornalja.com.br\/geral\/bolsa-familia-chega-a-r-75000-o-maior-valor-da-historia-segundo-o-governo\/","title":{"rendered":"Bolsa Familia chega a R$ 750,00 o &#8220;maior valor da hist\u00f3ria&#8221;, segundo o governo"},"content":{"rendered":"<p>Nesta segunda-feira (19), benefici\u00e1rios do programa Bolsa Fam\u00edlia come\u00e7am a receber os pagamentos de junho com o adicional de R$ 50 para gestantes e fam\u00edlias com crian\u00e7as e adolescentes de 7 a 18 anos.<\/p>\n<p>Esse valor se soma aos R$ 150 por crian\u00e7a de zero a 6 anos de idade em fam\u00edlias chefiadas por mulheres. Com isso, o t\u00edquete m\u00e9dio recebido por fam\u00edlia atingir\u00e1 o maior valor da hist\u00f3ria do programa de transfer\u00eancia de renda, chegando a R$ 705,40, segundo informou o Minist\u00e9rio do Desenvolvimento e Assist\u00eancia Social, Fam\u00edlia e Combate \u00e0 Fome (MDS).<\/p>\n<p>A Regi\u00e3o Norte \u00e9 a respons\u00e1vel pelo maior benef\u00edcio m\u00e9dio de todo o pa\u00eds. S\u00e3o R$ 740,37 destinados a cada\u00a0fam\u00edlia contemplada pelo programa. Em seguida, o Centro-Oeste tem o benef\u00edcio m\u00e9dio de R$ 721,16, seguido pelo Sul com R$ 711,28. No Sudeste, as fam\u00edlias atendidas recebem, em m\u00e9dia, R$ 700,26, enquanto no Nordeste o valor \u00e9 de R$ 696,76.<\/p>\n<p>De acordo com o MDS, o Bolsa Fam\u00edlia est\u00e1 contemplando atualmente 21,2 milh\u00f5es de fam\u00edlias. O or\u00e7amento de junho do programa \u00e9 de R$ 14,97 bilh\u00f5es, o que tamb\u00e9m \u00e9 um valor recorde de pagamento mensal.<\/p>\n<p>&#8220;Os acr\u00e9scimos garantem que 9,8 milh\u00f5es de fam\u00edlias recebam mais recursos neste m\u00eas do que em maio. At\u00e9 ent\u00e3o, o maior benef\u00edcio m\u00e9dio j\u00e1 registrado era o do m\u00eas passado, quando os lares brasileiros receberam, em m\u00e9dia, R$ 672,45. Com esse dinheiro, as fam\u00edlias mais pobres compram alimentos, suprem outras necessidades, e o dinheiro circula na economia, principalmente nos lugares mais pobres, e impacta na economia local&#8221;, informou a pasta, em nota.<\/p>\n<p>Os par\u00e2metros do programa social retomaram o modelo original desenhado no primeiro governo de Lula, nos anos 2000. O principal deles \u00e9 justamente a retomada das contrapartidas das fam\u00edlias benefici\u00e1rias, como a manuten\u00e7\u00e3o da frequ\u00eancia escolar das crian\u00e7as e a atualiza\u00e7\u00e3o da caderneta de vacina\u00e7\u00e3o. Durante o governo de Jair Bolsonaro, o programa foi substitu\u00eddo pelo Aux\u00edlio Brasil, que n\u00e3o exigia essas contrapartidas.<\/p>\n<p>O programa tamb\u00e9m ter\u00e1 foco na atualiza\u00e7\u00e3o do Cadastro \u00danico e integra\u00e7\u00e3o com o Sistema \u00danico de Assist\u00eancia Social (Suas), com a busca ativa para incluir quem est\u00e1 fora do programa e a revis\u00e3o de benef\u00edcios com ind\u00edcios de irregularidades. Segundo o ministro da Assist\u00eancia e do Desenvolvimento Social, Wellington Dias, haver\u00e1 integra\u00e7\u00e3o com mais\u00a032 programas de governo voltados para a qualidade de vida da popula\u00e7\u00e3o.<\/p>\n<p>Os novos valores foram garantidos com a aprova\u00e7\u00e3o da Proposta de Emenda \u00e0 Constitui\u00e7\u00e3o (PEC) da\u00a0Transi\u00e7\u00e3o, no fim de 2022, que estabeleceu que o novo governo ter\u00e1 R$ 145 bilh\u00f5es al\u00e9m do teto de gastos, dos quais R$ 70 bilh\u00f5es ser\u00e3o para custear o benef\u00edcio social.<br \/>\n<strong>(Com Ag\u00eancia Brasil)<\/strong><\/p>\n","protected":false},"excerpt":{"rendered":"<p>Nesta segunda-feira (19), benefici\u00e1rios do programa Bolsa Fam\u00edlia come\u00e7am a receber os pagamentos de junho com o adicional de R$ 50 para gestantes e fam\u00edlias com crian\u00e7as e adolescentes de 7 a 18 anos. Esse valor se soma aos R$ 150 por crian\u00e7a de zero a 6 anos de idade em fam\u00edlias chefiadas por mulheres. [&hellip;]<\/p>\n","protected":false},"author":4,"featured_media":95632,"comment_status":"open","ping_status":"open","sticky":false,"template":"","format":"standard","meta":{"jetpack_post_was_ever_published":false,"_jetpack_newsletter_access":"","_jetpack_dont_email_post_to_subs":false,"_jetpack_newsletter_tier_id":0,"_jetpack_memberships_contains_paywalled_content":false,"_jetpack_memberships_contains_paid_content":false,"footnotes":"","jetpack_publicize_message":"","jetpack_publicize_feature_enabled":true,"jetpack_social_post_already_shared":true,"jetpack_social_options":{"image_generator_settings":{"template":"highway","default_image_id":0,"font":"","enabled":false},"version":2}},"categories":[2],"tags":[87,89,238,256,7,507,236,5,158,15,149,95],"class_list":["post-95631","post","type-post","status-publish","format-standard","has-post-thumbnail","hentry","category-geral","tag-ari","tag-bolsonaro","tag-brasil","tag-desenvolvimento","tag-economia","tag-fome","tag-governo","tag-jair-bolsonaro","tag-lula","tag-rs","tag-sc","tag-sp"],"aioseo_notices":[],"jetpack_publicize_connections":[],"jetpack_featured_media_url":"https:\/\/www.jornalja.com.br\/geral\/wp-content\/uploads\/sites\/4\/2023\/06\/bolsa-familia-governo-comemora.jpg","jetpack_shortlink":"https:\/\/wp.me\/pbKhrD-oSr","jetpack-related-posts":[{"id":95128,"url":"https:\/\/www.jornalja.com.br\/geral\/lula-relanca-o-bolsa-familia-sob-o-principio-da-seguranca-alimentar\/","url_meta":{"origin":95631,"position":0},"title":"Lula relan\u00e7a o Bolsa Fam\u00edlia sob o princ\u00edpio da Seguran\u00e7a Alimentar","author":"da Reda\u00e7\u00e3o","date":"2 de mar\u00e7o de 2023","format":false,"excerpt":"\u00a0 Por M\u00e1rcia Turcato, de Bras\u00edlia * O programa Bolsa Fam\u00edlia foi relan\u00e7ado nesta quinta-feira (02\/03) pelo presidente Lu\u00eds In\u00e1cio Lula da Silva, no Pal\u00e1cio do Planalto. Uma Medida Provis\u00f3ria recria o na sua vers\u00e3o integral, que transformou o Bolsa Fam\u00edlia no maior programa de transfer\u00eancia de renda e combate\u2026","rel":"","context":"Em &quot;Geral-MAT\u00c9RIA&quot;","block_context":{"text":"Geral-MAT\u00c9RIA","link":"https:\/\/www.jornalja.com.br\/geral\/category\/geral\/"},"img":{"alt_text":"","src":"https:\/\/i0.wp.com\/www.jornalja.com.br\/geral\/wp-content\/uploads\/sites\/4\/2023\/03\/lula-relanca-o-bolsa-familia.jpg?resize=350%2C200&ssl=1","width":350,"height":200,"srcset":"https:\/\/i0.wp.com\/www.jornalja.com.br\/geral\/wp-content\/uploads\/sites\/4\/2023\/03\/lula-relanca-o-bolsa-familia.jpg?resize=350%2C200&ssl=1 1x, https:\/\/i0.wp.com\/www.jornalja.com.br\/geral\/wp-content\/uploads\/sites\/4\/2023\/03\/lula-relanca-o-bolsa-familia.jpg?resize=525%2C300&ssl=1 1.5x, https:\/\/i0.wp.com\/www.jornalja.com.br\/geral\/wp-content\/uploads\/sites\/4\/2023\/03\/lula-relanca-o-bolsa-familia.jpg?resize=700%2C400&ssl=1 2x, https:\/\/i0.wp.com\/www.jornalja.com.br\/geral\/wp-content\/uploads\/sites\/4\/2023\/03\/lula-relanca-o-bolsa-familia.jpg?resize=1050%2C600&ssl=1 3x"},"classes":[]},{"id":90873,"url":"https:\/\/www.jornalja.com.br\/geral\/decreto-que-regulamenta-auxilio-brasil-entrou-em-vigor-antes-da-aprovacao-dos-recursos\/","url_meta":{"origin":95631,"position":1},"title":"Decreto que regulamenta Aux\u00edlio Brasil entrou em vigor antes da aprova\u00e7\u00e3o dos recursos","author":"da Reda\u00e7\u00e3o","date":"10 de novembro de 2021","format":false,"excerpt":"O decreto que regulamenta o Aux\u00edlio Brasil entrou em vigor antes que a C\u00e2mara Federal aprovasse a PEC dos Precat\u00f3rios, que garante os R$ 81,9 bilh\u00f5es para custear o programa e ainda ter\u00e1 que passar pelo Senado. Publicado em edi\u00e7\u00e3o extra do Di\u00e1rio Oficial,\u00a0 noite de segunda feira (8),o\u00a0 decreto\u2026","rel":"","context":"Em &quot;Geral-MAT\u00c9RIA&quot;","block_context":{"text":"Geral-MAT\u00c9RIA","link":"https:\/\/www.jornalja.com.br\/geral\/category\/geral\/"},"img":{"alt_text":"","src":"https:\/\/i0.wp.com\/www.jornalja.com.br\/geral\/wp-content\/uploads\/sites\/4\/2021\/11\/camara-aprova-pec-dos-precatorios.jpg?resize=350%2C200&ssl=1","width":350,"height":200,"srcset":"https:\/\/i0.wp.com\/www.jornalja.com.br\/geral\/wp-content\/uploads\/sites\/4\/2021\/11\/camara-aprova-pec-dos-precatorios.jpg?resize=350%2C200&ssl=1 1x, https:\/\/i0.wp.com\/www.jornalja.com.br\/geral\/wp-content\/uploads\/sites\/4\/2021\/11\/camara-aprova-pec-dos-precatorios.jpg?resize=525%2C300&ssl=1 1.5x, https:\/\/i0.wp.com\/www.jornalja.com.br\/geral\/wp-content\/uploads\/sites\/4\/2021\/11\/camara-aprova-pec-dos-precatorios.jpg?resize=700%2C400&ssl=1 2x"},"classes":[]},{"id":89039,"url":"https:\/\/www.jornalja.com.br\/geral\/guedes-diz-que-vai-cortar-gastos-inesperados-para-aumentar-bolsa-familia-sem-furar-teto\/","url_meta":{"origin":95631,"position":2},"title":"Guedes diz que vai cortar \u201cgastos inesperados\u201d para aumentar Bolsa Familia sem furar teto","author":"da Reda\u00e7\u00e3o","date":"30 de julho de 2021","format":false,"excerpt":"\u201c\u00c9 poss\u00edvel acomodar no Or\u00e7amento um valor mais elevado para o Bolsa Fam\u00edlia\u201d. Foi o que disse o ministro da Economia nesta sexta-feira num evento no Rio de Janeiro. H\u00e1 duas semanas, o presidente Bolsonaro disse que quer aumentar o Bolsa Familia para R$ 300 reais. De olho em 2022,\u2026","rel":"","context":"Em &quot;Geral-MAT\u00c9RIA&quot;","block_context":{"text":"Geral-MAT\u00c9RIA","link":"https:\/\/www.jornalja.com.br\/geral\/category\/geral\/"},"img":{"alt_text":"","src":"https:\/\/i0.wp.com\/www.jornalja.com.br\/geral\/wp-content\/uploads\/sites\/4\/2021\/06\/guedes-populista-anuncia-auxilio-e-bolsa-familia-reforcada.jpg?resize=350%2C200&ssl=1","width":350,"height":200,"srcset":"https:\/\/i0.wp.com\/www.jornalja.com.br\/geral\/wp-content\/uploads\/sites\/4\/2021\/06\/guedes-populista-anuncia-auxilio-e-bolsa-familia-reforcada.jpg?resize=350%2C200&ssl=1 1x, https:\/\/i0.wp.com\/www.jornalja.com.br\/geral\/wp-content\/uploads\/sites\/4\/2021\/06\/guedes-populista-anuncia-auxilio-e-bolsa-familia-reforcada.jpg?resize=525%2C300&ssl=1 1.5x, https:\/\/i0.wp.com\/www.jornalja.com.br\/geral\/wp-content\/uploads\/sites\/4\/2021\/06\/guedes-populista-anuncia-auxilio-e-bolsa-familia-reforcada.jpg?resize=700%2C400&ssl=1 2x, https:\/\/i0.wp.com\/www.jornalja.com.br\/geral\/wp-content\/uploads\/sites\/4\/2021\/06\/guedes-populista-anuncia-auxilio-e-bolsa-familia-reforcada.jpg?resize=1050%2C600&ssl=1 3x"},"classes":[]},{"id":99380,"url":"https:\/\/www.jornalja.com.br\/geral\/os-programas-que-tiraram-o-brasil-do-mapa-da-fome\/","url_meta":{"origin":95631,"position":3},"title":"Os programas que tiraram o Brasil do Mapa da Fome","author":"da Reda\u00e7\u00e3o","date":"29 de julho de 2025","format":false,"excerpt":"O Brasil saiu novamente do Mapa da Fome da ONU, segundo o Relat\u00f3rio sobre o Estado da Seguran\u00e7a Alimentar e Nutri\u00e7\u00e3o no Mundo, da ONU. Significa que, na m\u00e9dia dos \u00faltimos tr\u00eas anos (2022\/2023\/2024), o percentual de brasileiros em risco de subnutri\u00e7\u00e3o, sem acesso ou com alimenta\u00e7\u00e3o insuficiente n\u00e3o ultrapassou\u2026","rel":"","context":"Em &quot;Geral-MAT\u00c9RIA&quot;","block_context":{"text":"Geral-MAT\u00c9RIA","link":"https:\/\/www.jornalja.com.br\/geral\/category\/geral\/"},"img":{"alt_text":"","src":"https:\/\/i0.wp.com\/www.jornalja.com.br\/geral\/wp-content\/uploads\/sites\/4\/2025\/07\/brasil-sai-do-mapa-da-fome-scaled.jpg?resize=350%2C200&ssl=1","width":350,"height":200,"srcset":"https:\/\/i0.wp.com\/www.jornalja.com.br\/geral\/wp-content\/uploads\/sites\/4\/2025\/07\/brasil-sai-do-mapa-da-fome-scaled.jpg?resize=350%2C200&ssl=1 1x, https:\/\/i0.wp.com\/www.jornalja.com.br\/geral\/wp-content\/uploads\/sites\/4\/2025\/07\/brasil-sai-do-mapa-da-fome-scaled.jpg?resize=525%2C300&ssl=1 1.5x, https:\/\/i0.wp.com\/www.jornalja.com.br\/geral\/wp-content\/uploads\/sites\/4\/2025\/07\/brasil-sai-do-mapa-da-fome-scaled.jpg?resize=700%2C400&ssl=1 2x, https:\/\/i0.wp.com\/www.jornalja.com.br\/geral\/wp-content\/uploads\/sites\/4\/2025\/07\/brasil-sai-do-mapa-da-fome-scaled.jpg?resize=1050%2C600&ssl=1 3x, https:\/\/i0.wp.com\/www.jornalja.com.br\/geral\/wp-content\/uploads\/sites\/4\/2025\/07\/brasil-sai-do-mapa-da-fome-scaled.jpg?resize=1400%2C800&ssl=1 4x"},"classes":[]},{"id":89217,"url":"https:\/\/www.jornalja.com.br\/geral\/com-popularidade-em-queda-bolsonaro-abre-pacote-de-bondades\/","url_meta":{"origin":95631,"position":4},"title":"Com popularidade em queda, Bolsonaro abre &#8220;pacote de bondades&#8221;","author":"da Reda\u00e7\u00e3o","date":"9 de agosto de 2021","format":false,"excerpt":"Bolsonaro foi \u00e0 C\u00e2mara Federal na manh\u00e3 desta segunda (9) para entregar \u00a0a Medida Provis\u00f3ria (MP) que cria o novo Bolsa Fam\u00edlia, cujos valores n\u00e3o est\u00e3o definidos no texto. Junto, \u00a0protocolou a Proposta de Emenda Constitucional (PEC) que muda regras para o pagamento dos precat\u00f3rios. O governo pretende adiar o\u2026","rel":"","context":"Em &quot;Geral-MAT\u00c9RIA&quot;","block_context":{"text":"Geral-MAT\u00c9RIA","link":"https:\/\/www.jornalja.com.br\/geral\/category\/geral\/"},"img":{"alt_text":"","src":"https:\/\/i0.wp.com\/www.jornalja.com.br\/geral\/wp-content\/uploads\/sites\/4\/2021\/08\/bolsonaro-entrega-a-lira-mp-que-reformula-o-bolsa-familia-foto-cleia-viana-cd.jpg?resize=350%2C200&ssl=1","width":350,"height":200,"srcset":"https:\/\/i0.wp.com\/www.jornalja.com.br\/geral\/wp-content\/uploads\/sites\/4\/2021\/08\/bolsonaro-entrega-a-lira-mp-que-reformula-o-bolsa-familia-foto-cleia-viana-cd.jpg?resize=350%2C200&ssl=1 1x, https:\/\/i0.wp.com\/www.jornalja.com.br\/geral\/wp-content\/uploads\/sites\/4\/2021\/08\/bolsonaro-entrega-a-lira-mp-que-reformula-o-bolsa-familia-foto-cleia-viana-cd.jpg?resize=525%2C300&ssl=1 1.5x, https:\/\/i0.wp.com\/www.jornalja.com.br\/geral\/wp-content\/uploads\/sites\/4\/2021\/08\/bolsonaro-entrega-a-lira-mp-que-reformula-o-bolsa-familia-foto-cleia-viana-cd.jpg?resize=700%2C400&ssl=1 2x"},"classes":[]},{"id":85720,"url":"https:\/\/www.jornalja.com.br\/geral\/cadastrados-no-bolsa-familia-serao-os-primeiros-a-receber-novo-auxilio-de-r-300\/","url_meta":{"origin":95631,"position":5},"title":"Cadastrados no Bolsa Fam\u00edlia ser\u00e3o os primeiros a receber novo auxilio de R$ 300","author":"da Reda\u00e7\u00e3o","date":"19 de setembro de 2020","format":false,"excerpt":"As regras para a concess\u00e3o do aux\u00edlio emergencial residual de R$ 300 foram publicadas em edi\u00e7\u00e3o extra do Di\u00e1rio Oficial da Uni\u00e3o (DOU) na quarta-feira (16). O\u00a0Decreto\u00a0n\u00ba 10.488 regulamenta a Medida Provis\u00f3ria n\u00ba 1.000, de 2 de setembro de 2020, que concede o aux\u00edlio emergencial residual de R$ 300 ou\u2026","rel":"","context":"Em &quot;Geral-MAT\u00c9RIA&quot;","block_context":{"text":"Geral-MAT\u00c9RIA","link":"https:\/\/www.jornalja.com.br\/geral\/category\/geral\/"},"img":{"alt_text":"","src":"https:\/\/i0.wp.com\/www.jornalja.com.br\/geral\/wp-content\/uploads\/sites\/4\/2020\/09\/previdencia-inss-reabre-atendimento.jpg?resize=350%2C200&ssl=1","width":350,"height":200,"srcset":"https:\/\/i0.wp.com\/www.jornalja.com.br\/geral\/wp-content\/uploads\/sites\/4\/2020\/09\/previdencia-inss-reabre-atendimento.jpg?resize=350%2C200&ssl=1 1x, https:\/\/i0.wp.com\/www.jornalja.com.br\/geral\/wp-content\/uploads\/sites\/4\/2020\/09\/previdencia-inss-reabre-atendimento.jpg?resize=525%2C300&ssl=1 1.5x, https:\/\/i0.wp.com\/www.jornalja.com.br\/geral\/wp-content\/uploads\/sites\/4\/2020\/09\/previdencia-inss-reabre-atendimento.jpg?resize=700%2C400&ssl=1 2x, https:\/\/i0.wp.com\/www.jornalja.com.br\/geral\/wp-content\/uploads\/sites\/4\/2020\/09\/previdencia-inss-reabre-atendimento.jpg?resize=1050%2C600&ssl=1 3x"},"classes":[]}],"jetpack_sharing_enabled":true,"_links":{"self":[{"href":"https:\/\/www.jornalja.com.br\/geral\/wp-json\/wp\/v2\/posts\/95631","targetHints":{"allow":["GET"]}}],"collection":[{"href":"https:\/\/www.jornalja.com.br\/geral\/wp-json\/wp\/v2\/posts"}],"about":[{"href":"https:\/\/www.jornalja.com.br\/geral\/wp-json\/wp\/v2\/types\/post"}],"author":[{"embeddable":true,"href":"https:\/\/www.jornalja.com.br\/geral\/wp-json\/wp\/v2\/users\/4"}],"replies":[{"embeddable":true,"href":"https:\/\/www.jornalja.com.br\/geral\/wp-json\/wp\/v2\/comments?post=95631"}],"version-history":[{"count":1,"href":"https:\/\/www.jornalja.com.br\/geral\/wp-json\/wp\/v2\/posts\/95631\/revisions"}],"predecessor-version":[{"id":95633,"href":"https:\/\/www.jornalja.com.br\/geral\/wp-json\/wp\/v2\/posts\/95631\/revisions\/95633"}],"wp:featuredmedia":[{"embeddable":true,"href":"https:\/\/www.jornalja.com.br\/geral\/wp-json\/wp\/v2\/media\/95632"}],"wp:attachment":[{"href":"https:\/\/www.jornalja.com.br\/geral\/wp-json\/wp\/v2\/media?parent=95631"}],"wp:term":[{"taxonomy":"category","embeddable":true,"href":"https:\/\/www.jornalja.com.br\/geral\/wp-json\/wp\/v2\/categories?post=95631"},{"taxonomy":"post_tag","embeddable":true,"href":"https:\/\/www.jornalja.com.br\/geral\/wp-json\/wp\/v2\/tags?post=95631"}],"curies":[{"name":"wp","href":"https:\/\/api.w.org\/{rel}","templated":true}]}}