{"id":95701,"date":"2023-07-03T17:59:44","date_gmt":"2023-07-03T20:59:44","guid":{"rendered":"https:\/\/www.jornalja.com.br\/geral\/?p=95701"},"modified":"2023-07-06T10:19:17","modified_gmt":"2023-07-06T13:19:17","slug":"ex-faxineira-hoje-deputada-lanca-livro-sobre-mulheres-negras-na-politica","status":"publish","type":"post","link":"https:\/\/www.jornalja.com.br\/geral\/ex-faxineira-hoje-deputada-lanca-livro-sobre-mulheres-negras-na-politica\/","title":{"rendered":"Livro sobre mulheres negras na pol\u00edtica tem lan\u00e7amento em Brasilia"},"content":{"rendered":"<p>&#8220;Mulher Preta na Pol\u00edtica&#8221; \u00e9 o t\u00edtulo do livro que a deputada Ol\u00edvia Santana (PCdoB-BA), lan\u00e7a, no Festival Latinidades, em Bras\u00edlia (DF), neste s\u00e1bado, 8 de julho.<\/p>\n<p>Ex-faxineira que, aos 56 anos, exerce seu segundo mandato na Assembleia da Bahia, ela descreve n\u00e3o s\u00f3 sua experi\u00eancia, mas de outras mulheres negras que buscam participar da pol\u00edtica.<\/p>\n<p>\u201cEu sou a \u00fanica deputada preta da Assembleia Legislativa no estado mais negro do Brasil\u201d, disse a parlamentar em entrevista \u00e0 Ag\u00eancia Brasil. \u201cA popula\u00e7\u00e3o negra \u00e9 maioria neste pa\u00eds e, mesmo assim, a gente n\u00e3o tem a presen\u00e7a refletida adequadamente nos espa\u00e7os de poder\u201d.<\/p>\n<p>O lan\u00e7amento acontece no anexo do Museu Nacional em Bras\u00edlia. O festival conta com o apoio da Empresa Brasil de Comunica\u00e7\u00e3o (EBC).<\/p>\n<p>Segundo a autora, o livro tem elementos de autobiografia, mas tamb\u00e9m inclui experi\u00eancias de outras mulheres negras que se candidataram para o Executivo ou para o Legislativo.<\/p>\n<p>A deputada tem mais de 35 anos de trajet\u00f3ria nas lutas sociais. Elegeu-se pela primeira vez em 2018, com mais de 57 mil votos. Reelegeu-se em 2022, com 92.559 votos.<\/p>\n<p>O livro, da Editora Mal\u00ea,\u00a0 ser\u00e1 lan\u00e7ado tamb\u00e9m no Museu do Amanh\u00e3 (no Rio de Janeiro), no dia 15 de julho, e na Casa Mulher com a Palavra, no Instituto Goethe (em Salvador), em 25 de Julho, Dia Internacional da Mulher Negra Latino-Americana e Caribenha.<\/p>\n<p><strong>De faxineira a deputada<\/strong><br \/>\nA deputada, que \u00e9 professora e pedagoga, trabalhou, antes de chegar ao ensino superior, como faxineira e merendeira de uma escola. Encantada com o que via em uma sala de aula, resolveu estudar para ser docente.<\/p>\n<p>Foi com dificuldades que fez o curso de Pedagogia na Universidade Federal da Bahia, ao mesmo tempo em que trabalhava na faxina. \u201cImaginem o que faz uma universidade na cabe\u00e7a de uma faxineira, favelada e inquieta\u201d, escreveu na introdu\u00e7\u00e3o do livro.<\/p>\n<p><strong>Minoria<\/strong><br \/>\nEla lamenta que dos 63 deputados da Assembleia Legislativa da Bahia, por exemplo, as mulheres continuem sendo minoria. \u201cEm 2018, n\u00f3s \u00e9ramos dez\u00a0mulheres e eu era a \u00fanica mulher preta.<\/p>\n<p>Agora, s\u00f3 oito mulheres foram eleitas, apesar de n\u00e3o ter as mesmas ferramentas que os meus colegas homens tinham para fazer a campanha\u201d.<\/p>\n<p>Mesmo com mandato, ela percebeu momentos em que era preterida. \u201cA gente sabe quando o racismo e o machismo se articulam para deixar a gente de fora, ou para a gente ter menos garantia de emendas parlamentares\u201d.<\/p>\n<p>Al\u00e9m disso, ela identifica que o racismo se apresenta em diferentes faces. A parlamentar recorda, inclusive, epis\u00f3dios em que eleitores estranhavam o fato de ela ser candidata ou parlamentar.<\/p>\n<p>\u201cN\u00f3s somos t\u00e3o poucas nos espa\u00e7os de poder, historicamente associados a homens brancos. Essa constru\u00e7\u00e3o serve tamb\u00e9m como um pared\u00e3o para nos isolar desses espa\u00e7os e formatar um imagin\u00e1rio coletivo\u201d.<\/p>\n<p>Ol\u00edvia Santana foi secret\u00e1ria de Educa\u00e7\u00e3o e Cultura de Salvador, e pelo Estado da Bahia, atuou nas secretarias de Pol\u00edtica para Mulheres e de Trabalho, Emprego, Renda e Esporte.<\/p>\n<p>&nbsp;<\/p>\n","protected":false},"excerpt":{"rendered":"<p>&#8220;Mulher Preta na Pol\u00edtica&#8221; \u00e9 o t\u00edtulo do livro que a deputada Ol\u00edvia Santana (PCdoB-BA), lan\u00e7a, no Festival Latinidades, em Bras\u00edlia (DF), neste s\u00e1bado, 8 de julho. Ex-faxineira que, aos 56 anos, exerce seu segundo mandato na Assembleia da Bahia, ela descreve n\u00e3o s\u00f3 sua experi\u00eancia, mas de outras mulheres negras que buscam participar da [&hellip;]<\/p>\n","protected":false},"author":4,"featured_media":95702,"comment_status":"closed","ping_status":"open","sticky":false,"template":"","format":"standard","meta":{"jetpack_post_was_ever_published":false,"_jetpack_newsletter_access":"","_jetpack_dont_email_post_to_subs":false,"_jetpack_newsletter_tier_id":0,"_jetpack_memberships_contains_paywalled_content":false,"_jetpack_memberships_contains_paid_content":false,"footnotes":"","jetpack_publicize_message":"","jetpack_publicize_feature_enabled":true,"jetpack_social_post_already_shared":true,"jetpack_social_options":{"image_generator_settings":{"template":"highway","default_image_id":0,"font":"","enabled":false},"version":2}},"categories":[2],"tags":[87,238,321,86,339,45,257,83,247,479,308,15,149,95,530],"class_list":["post-95701","post","type-post","status-publish","format-standard","has-post-thumbnail","hentry","category-geral","tag-ari","tag-brasil","tag-campanha","tag-cultura","tag-deputados","tag-educacao","tag-emprego","tag-ensino","tag-politica","tag-red","tag-rio-de-janeiro","tag-rs","tag-sc","tag-sp","tag-stu"],"aioseo_notices":[],"jetpack_publicize_connections":[],"jetpack_featured_media_url":"https:\/\/www.jornalja.com.br\/geral\/wp-content\/uploads\/sites\/4\/2023\/07\/deputada-lanca-livro-sobre-mulheres-negras-na-politica.jpg","jetpack_shortlink":"https:\/\/wp.me\/pbKhrD-oTz","jetpack-related-posts":[{"id":100283,"url":"https:\/\/www.jornalja.com.br\/geral\/marcha-das-mulheres-negra-caravanas-de-todo-o-pais-chegam-para-manifestacao-em-brasilia\/","url_meta":{"origin":95701,"position":0},"title":"Marcha das Mulheres Negras: caravanas de todo o pa\u00eds chegam para manifesta\u00e7\u00e3o em Brasilia","author":"Elmar Bones","date":"25 de novembro de 2025","format":false,"excerpt":"Caravanas de diversas partes do pa\u00eds v\u00e3o ocupar, nesta ter\u00e7a-feira (25),\u00a0 a Esplanada dos Minist\u00e9rios, em Bras\u00edlia,\u00a0para a 2\u00aa Marcha das Mulheres Negras, com o tema \u201cpor Repara\u00e7\u00e3o e Bem Viver.\u201d A expectativa \u00e9 reunir 1 milh\u00e3o de pessoas. Organizada pelo Comit\u00ea Nacional da Marcha das Mulheres Negras, a mobiliza\u00e7\u00e3o\u2026","rel":"","context":"Em &quot;Geral-MAT\u00c9RIA&quot;","block_context":{"text":"Geral-MAT\u00c9RIA","link":"https:\/\/www.jornalja.com.br\/geral\/category\/geral\/"},"img":{"alt_text":"","src":"https:\/\/i0.wp.com\/www.jornalja.com.br\/geral\/wp-content\/uploads\/sites\/4\/2025\/11\/mulheres-negras.png?resize=350%2C200&ssl=1","width":350,"height":200,"srcset":"https:\/\/i0.wp.com\/www.jornalja.com.br\/geral\/wp-content\/uploads\/sites\/4\/2025\/11\/mulheres-negras.png?resize=350%2C200&ssl=1 1x, https:\/\/i0.wp.com\/www.jornalja.com.br\/geral\/wp-content\/uploads\/sites\/4\/2025\/11\/mulheres-negras.png?resize=525%2C300&ssl=1 1.5x, https:\/\/i0.wp.com\/www.jornalja.com.br\/geral\/wp-content\/uploads\/sites\/4\/2025\/11\/mulheres-negras.png?resize=700%2C400&ssl=1 2x"},"classes":[]},{"id":100296,"url":"https:\/\/www.jornalja.com.br\/geral\/500-mil-mulheres-tomam-a-esplanada-dos-ministerios-em-marcha-contra-o-racismo-e-a-desigualdade\/","url_meta":{"origin":95701,"position":1},"title":"500 mil mulheres tomam a Esplanada dos Minist\u00e9rios em marcha contra o racismo e a desigualdade","author":"da Reda\u00e7\u00e3o","date":"26 de novembro de 2025","format":false,"excerpt":"Cerca de 500 mil participaram da 2\u00aa Marcha das Mulheres Negras de 2025, que tomou a Esplanada dos Minist\u00e9rios, em Bras\u00edlia, nesta ter\u00e7a-feira, 25. Foi \"uma grande marcha global\" que reuniu, al\u00e9m de mulheres de todas as regi\u00f5es do Brasil, representante dos pa\u00edses latinoamericanos e caribenhos. Col\u00f4mbia, na\u00e7\u00e3o com uma\u2026","rel":"","context":"Em &quot;Geral-MAT\u00c9RIA&quot;","block_context":{"text":"Geral-MAT\u00c9RIA","link":"https:\/\/www.jornalja.com.br\/geral\/category\/geral\/"},"img":{"alt_text":"","src":"https:\/\/i0.wp.com\/www.jornalja.com.br\/geral\/wp-content\/uploads\/sites\/4\/2025\/11\/marcha-das-mulheres-negras.png?resize=350%2C200&ssl=1","width":350,"height":200,"srcset":"https:\/\/i0.wp.com\/www.jornalja.com.br\/geral\/wp-content\/uploads\/sites\/4\/2025\/11\/marcha-das-mulheres-negras.png?resize=350%2C200&ssl=1 1x, https:\/\/i0.wp.com\/www.jornalja.com.br\/geral\/wp-content\/uploads\/sites\/4\/2025\/11\/marcha-das-mulheres-negras.png?resize=525%2C300&ssl=1 1.5x"},"classes":[]},{"id":95154,"url":"https:\/\/www.jornalja.com.br\/geral\/frente-parlamentar-do-afroempreendedorismo-populacao-negra-movimenta-r-2-trilhoes-por-ano\/","url_meta":{"origin":95701,"position":2},"title":"Frente Parlamentar do Afroempreendedorismo: popula\u00e7\u00e3o negra movimenta R$ 2 trilh\u00f5es por ano","author":"da Reda\u00e7\u00e3o","date":"29 de mar\u00e7o de 2023","format":false,"excerpt":"A Assembleia Legislativa instalou na segunda-feira (27), o a Frente Parlamentar do Afroempreendedorismo, iniciativa da deputada Laura Sito (PT). O evento aconteceu na sala Ad\u00e3o Pretto, t\u00e9rreo do Legislativo ga\u00facho. Participaram da atividade organiza\u00e7\u00f5es ligadas ao Movimento Negro e ao Afroempreendedorismo, como o Conselho Estadual de Participa\u00e7\u00e3o e Desenvolvimento da\u2026","rel":"","context":"Em &quot;Geral-MAT\u00c9RIA&quot;","block_context":{"text":"Geral-MAT\u00c9RIA","link":"https:\/\/www.jornalja.com.br\/geral\/category\/geral\/"},"img":{"alt_text":"","src":"https:\/\/i0.wp.com\/www.jornalja.com.br\/geral\/wp-content\/uploads\/sites\/4\/2023\/03\/negros-empreendedores-na-camara.jpg?resize=350%2C200&ssl=1","width":350,"height":200,"srcset":"https:\/\/i0.wp.com\/www.jornalja.com.br\/geral\/wp-content\/uploads\/sites\/4\/2023\/03\/negros-empreendedores-na-camara.jpg?resize=350%2C200&ssl=1 1x, https:\/\/i0.wp.com\/www.jornalja.com.br\/geral\/wp-content\/uploads\/sites\/4\/2023\/03\/negros-empreendedores-na-camara.jpg?resize=525%2C300&ssl=1 1.5x, https:\/\/i0.wp.com\/www.jornalja.com.br\/geral\/wp-content\/uploads\/sites\/4\/2023\/03\/negros-empreendedores-na-camara.jpg?resize=700%2C400&ssl=1 2x, https:\/\/i0.wp.com\/www.jornalja.com.br\/geral\/wp-content\/uploads\/sites\/4\/2023\/03\/negros-empreendedores-na-camara.jpg?resize=1050%2C600&ssl=1 3x"},"classes":[]},{"id":92054,"url":"https:\/\/www.jornalja.com.br\/geral\/projeto-promove-formacao-e-comunicacao-politica-para-mulheres\/","url_meta":{"origin":95701,"position":3},"title":"Projeto promove forma\u00e7\u00e3o e comunica\u00e7\u00e3o pol\u00edtica para mulheres","author":"Elmar Bones","date":"30 de mar\u00e7o de 2022","format":false,"excerpt":"\u2713 O RS \u00e9 o segundo Estado com menor percentual de mulheres \u00e0 frente de administra\u00e7\u00f5es municipais. Dos 497 munic\u00edpios ga\u00fachos, somente 34 s\u00e3o governados por mulheres, representando apenas 6,8%. \u2713 Al\u00e9m das rodas de conversa ser\u00e3o realizadas oficinas sobre a participa\u00e7\u00e3o e representa\u00e7\u00e3o pol\u00edtica das mulheres, sobre ativismo digital\u2026","rel":"","context":"Em &quot;Geral-MAT\u00c9RIA&quot;","block_context":{"text":"Geral-MAT\u00c9RIA","link":"https:\/\/www.jornalja.com.br\/geral\/category\/geral\/"},"img":{"alt_text":"","src":"","width":0,"height":0},"classes":[]},{"id":98496,"url":"https:\/\/www.jornalja.com.br\/geral\/quase-metade-do-funcionalismo-mulheres-discutem-seus-desafios-na-administracao-publica\/","url_meta":{"origin":95701,"position":4},"title":"Quase metade do funcionalismo, mulheres discutem seus desafios na administra\u00e7\u00e3o p\u00fablica","author":"da Reda\u00e7\u00e3o","date":"18 de mar\u00e7o de 2025","format":false,"excerpt":"A sa\u00fade mental no trabalho, os desafios\u00a0 no movimento sindical, na pol\u00edtica e nos cargos de poder. Estes ser\u00e3o alguns dos temas abordados quarta (19) e quinta-feira (20 no semin\u00e1rio \"Os Desafios do Protagonismo Feminino no Servi\u00e7o P\u00fablico - Sa\u00fade, Pol\u00edtica e Sindicalismo\", que \"reunir\u00e1 servidoras e servidores p\u00fablicos, lideran\u00e7as\u2026","rel":"","context":"Em &quot;Geral-MAT\u00c9RIA&quot;","block_context":{"text":"Geral-MAT\u00c9RIA","link":"https:\/\/www.jornalja.com.br\/geral\/category\/geral\/"},"img":{"alt_text":"","src":"https:\/\/i0.wp.com\/www.jornalja.com.br\/geral\/wp-content\/uploads\/sites\/4\/2025\/03\/mulheres-no-servico-publico-foto-andre-correa-mgi.jpeg?resize=350%2C200&ssl=1","width":350,"height":200,"srcset":"https:\/\/i0.wp.com\/www.jornalja.com.br\/geral\/wp-content\/uploads\/sites\/4\/2025\/03\/mulheres-no-servico-publico-foto-andre-correa-mgi.jpeg?resize=350%2C200&ssl=1 1x, https:\/\/i0.wp.com\/www.jornalja.com.br\/geral\/wp-content\/uploads\/sites\/4\/2025\/03\/mulheres-no-servico-publico-foto-andre-correa-mgi.jpeg?resize=525%2C300&ssl=1 1.5x, https:\/\/i0.wp.com\/www.jornalja.com.br\/geral\/wp-content\/uploads\/sites\/4\/2025\/03\/mulheres-no-servico-publico-foto-andre-correa-mgi.jpeg?resize=700%2C400&ssl=1 2x"},"classes":[]},{"id":86174,"url":"https:\/\/www.jornalja.com.br\/geral\/eleicoes-2020-a-novidade-dos-mandatos-coletivos-ganha-forca-na-disputa-municipal\/","url_meta":{"origin":95701,"position":5},"title":"ELEI\u00c7\u00d5ES 2020: a novidade dos mandatos coletivos ganha for\u00e7a na disputa municipal","author":"da Reda\u00e7\u00e3o","date":"20 de outubro de 2020","format":false,"excerpt":"Numa tentativa de inova\u00e7\u00e3o e busca de mais diversidade ao atual sistema pol\u00edtico, ganha for\u00e7a nesta elei\u00e7\u00e3o a ideia de grupos que tentam se eleger para exercerem mandatos coletivos. Normalmente s\u00e3o formados por ativistas de causas sociais que se re\u00fanem em torno de uma candidatura \u00fanica para ter mais chances\u2026","rel":"","context":"Em &quot;Geral-MAT\u00c9RIA&quot;","block_context":{"text":"Geral-MAT\u00c9RIA","link":"https:\/\/www.jornalja.com.br\/geral\/category\/geral\/"},"img":{"alt_text":"","src":"https:\/\/i0.wp.com\/www.jornalja.com.br\/geral\/wp-content\/uploads\/sites\/4\/2020\/10\/mandadots-coletivos-reproducao.jpg?resize=350%2C200&ssl=1","width":350,"height":200,"srcset":"https:\/\/i0.wp.com\/www.jornalja.com.br\/geral\/wp-content\/uploads\/sites\/4\/2020\/10\/mandadots-coletivos-reproducao.jpg?resize=350%2C200&ssl=1 1x, https:\/\/i0.wp.com\/www.jornalja.com.br\/geral\/wp-content\/uploads\/sites\/4\/2020\/10\/mandadots-coletivos-reproducao.jpg?resize=525%2C300&ssl=1 1.5x"},"classes":[]}],"jetpack_sharing_enabled":true,"_links":{"self":[{"href":"https:\/\/www.jornalja.com.br\/geral\/wp-json\/wp\/v2\/posts\/95701","targetHints":{"allow":["GET"]}}],"collection":[{"href":"https:\/\/www.jornalja.com.br\/geral\/wp-json\/wp\/v2\/posts"}],"about":[{"href":"https:\/\/www.jornalja.com.br\/geral\/wp-json\/wp\/v2\/types\/post"}],"author":[{"embeddable":true,"href":"https:\/\/www.jornalja.com.br\/geral\/wp-json\/wp\/v2\/users\/4"}],"replies":[{"embeddable":true,"href":"https:\/\/www.jornalja.com.br\/geral\/wp-json\/wp\/v2\/comments?post=95701"}],"version-history":[{"count":5,"href":"https:\/\/www.jornalja.com.br\/geral\/wp-json\/wp\/v2\/posts\/95701\/revisions"}],"predecessor-version":[{"id":95728,"href":"https:\/\/www.jornalja.com.br\/geral\/wp-json\/wp\/v2\/posts\/95701\/revisions\/95728"}],"wp:featuredmedia":[{"embeddable":true,"href":"https:\/\/www.jornalja.com.br\/geral\/wp-json\/wp\/v2\/media\/95702"}],"wp:attachment":[{"href":"https:\/\/www.jornalja.com.br\/geral\/wp-json\/wp\/v2\/media?parent=95701"}],"wp:term":[{"taxonomy":"category","embeddable":true,"href":"https:\/\/www.jornalja.com.br\/geral\/wp-json\/wp\/v2\/categories?post=95701"},{"taxonomy":"post_tag","embeddable":true,"href":"https:\/\/www.jornalja.com.br\/geral\/wp-json\/wp\/v2\/tags?post=95701"}],"curies":[{"name":"wp","href":"https:\/\/api.w.org\/{rel}","templated":true}]}}