{"id":96296,"date":"2023-09-22T00:33:53","date_gmt":"2023-09-22T03:33:53","guid":{"rendered":"https:\/\/www.jornalja.com.br\/geral\/?p=96296"},"modified":"2023-09-29T09:50:20","modified_gmt":"2023-09-29T12:50:20","slug":"stf-derruba-marco-temporal-vitoria-dos-povos-indigenas-tem-repercussao-internacional","status":"publish","type":"post","link":"https:\/\/www.jornalja.com.br\/geral\/stf-derruba-marco-temporal-vitoria-dos-povos-indigenas-tem-repercussao-internacional\/","title":{"rendered":"STF derruba Marco Temporal: vit\u00f3ria dos povos ind\u00edgenas tem repercuss\u00e3o internacional"},"content":{"rendered":"<p>Entidades representativas dos povos ind\u00edgenas e organismos internacionais comemoram a decis\u00e3o do Supremo Tribunal Federal (STF) pela <a href=\"https:\/\/agenciabrasil.ebc.com.br\/justica\/noticia\/2023-09\/por-9-votos-2-supremo-invalida-tese-do-marco-temporal\" target=\"_blank\" rel=\"noopener\">inconstitucionalidade da tese do marco temporal<\/a>\u00a0para demarca\u00e7\u00e3o de terras ind\u00edgenas.<\/p>\n<p>Nas redes sociais, o assunto ficou entre os mais comentados na tarde desta quinta-feira (21). Em Bras\u00edlia, lideran\u00e7as ind\u00edgenas e representantes de diversos povos acompanharam a vota\u00e7\u00e3o. \u00a0<img decoding=\"async\" src=\"https:\/\/agenciabrasil.ebc.com.br\/ebc.png?id=1556942&amp;o=node\" \/><img decoding=\"async\" src=\"https:\/\/agenciabrasil.ebc.com.br\/ebc.gif?id=1556942&amp;o=node\" \/><\/p>\n<p>De acordo com a presidente da Funda\u00e7\u00e3o Nacional dos Povos Ind\u00edgenas (Funai), Joenia Wapichana, prevaleceram, na decis\u00e3o, os direitos constitucionais dos povos origin\u00e1rios.<\/p>\n<p>\u201cHoje o dia \u00e9 de comemorar a vit\u00f3ria dos povos ind\u00edgenas contra o marco temporal. N\u00f3s temos muitos desafios pela frente, como outros pontos que foram inclu\u00eddos, mas \u00e9 uma luta a cada dia. Uma vit\u00f3ria a cada dia. N\u00f3s acreditamos na Justi\u00e7a, na Justi\u00e7a do Supremo Tribunal Federal para dar essa seguran\u00e7a jur\u00eddica aos direitos constitucionais dos povos ind\u00edgenas, cumprir o seu dever pela constitucionalidade e dar esperan\u00e7a a esse povo que tem sofrido h\u00e1 muitos anos com intimida\u00e7\u00f5es e press\u00f5es. Hoje se enterra de vez o marco temporal\u201d, diz em nota divulgada pela funda\u00e7\u00e3o.<\/p>\n<p>De acordo com a Funai, a tese do marco temporal ignorava o longo hist\u00f3rico \u201cde esbulho possess\u00f3rio e viol\u00eancia praticada contra os povos ind\u00edgenas, acarretando a expuls\u00e3o de seus territ\u00f3rios, al\u00e9m de violar os direitos ind\u00edgenas previstos na pr\u00f3pria Constitui\u00e7\u00e3o Federal e em tratados internacionais dos quais o Estado brasileiro \u00e9 signat\u00e1rio\u201d.<\/p>\n<p>A Funai destaca ainda que pela Constitui\u00e7\u00e3o, as terras ind\u00edgenas s\u00e3o bens da Uni\u00e3o e de usufruto exclusivo dos povos ind\u00edgenas. Tratam-se de bens inalien\u00e1veis e indispon\u00edveis, ou seja, n\u00e3o podem ser objeto de compra, venda, doa\u00e7\u00e3o ou qualquer outro tipo de neg\u00f3cio, sendo nulos e extintos todos os atos que permitam sua ocupa\u00e7\u00e3o, dom\u00ednio ou posse por n\u00e3o ind\u00edgenas.<\/p>\n<p>O Conselho Indigenista Mission\u00e1rio (Cimi) acompanha os ind\u00edgenas em Bras\u00edlia e em outras regi\u00f5es do pa\u00eds. Na Capital, de acordo com a entidade, cerca de 600 ind\u00edgenas de v\u00e1rias regi\u00f5es do pa\u00eds acompanham a vota\u00e7\u00e3o do lado de fora do STF, por meio de um tel\u00e3o. Al\u00e9m deles, um grupo de 70 lideran\u00e7as ind\u00edgenas assistiram a sess\u00e3o direto do plen\u00e1rio da Corte.<\/p>\n<p>A entidade\u00a0postou v\u00eddeo em\u00a0que ind\u00edgenas celebraram\u00a0com cantos e dan\u00e7as, em tenda montada ao lado da Corte, quando formou-se\u00a0maioria dos ministros contra o marco temporal.<\/p>\n<p>(<strong>Com informa\u00e7\u00f5es da Ag\u00eancia Brasil)<\/strong><\/p>\n","protected":false},"excerpt":{"rendered":"<p>Entidades representativas dos povos ind\u00edgenas e organismos internacionais comemoram a decis\u00e3o do Supremo Tribunal Federal (STF) pela inconstitucionalidade da tese do marco temporal\u00a0para demarca\u00e7\u00e3o de terras ind\u00edgenas. Nas redes sociais, o assunto ficou entre os mais comentados na tarde desta quinta-feira (21). Em Bras\u00edlia, lideran\u00e7as ind\u00edgenas e representantes de diversos povos acompanharam a vota\u00e7\u00e3o. \u00a0 [&hellip;]<\/p>\n","protected":false},"author":5,"featured_media":96297,"comment_status":"closed","ping_status":"open","sticky":false,"template":"","format":"standard","meta":{"jetpack_post_was_ever_published":false,"_jetpack_newsletter_access":"","_jetpack_dont_email_post_to_subs":false,"_jetpack_newsletter_tier_id":0,"_jetpack_memberships_contains_paywalled_content":false,"_jetpack_memberships_contains_paid_content":false,"footnotes":"","jetpack_publicize_message":"","jetpack_publicize_feature_enabled":true,"jetpack_social_post_already_shared":true,"jetpack_social_options":{"image_generator_settings":{"template":"highway","default_image_id":0,"font":"","enabled":false},"version":2}},"categories":[2],"tags":[238,572,573,574,571,474,479,15,361,95,444,509,239],"class_list":["post-96296","post","type-post","status-publish","format-standard","has-post-thumbnail","hentry","category-geral","tag-brasil","tag-cimi","tag-funai","tag-joenia-wapichana","tag-marco-temporal","tag-povos-indigenas","tag-red","tag-rs","tag-seguranca","tag-sp","tag-stf","tag-uniao","tag-violencia"],"aioseo_notices":[],"jetpack_publicize_connections":[],"jetpack_featured_media_url":"https:\/\/www.jornalja.com.br\/geral\/wp-content\/uploads\/sites\/4\/2023\/09\/povos-indigenas.jpg","jetpack_shortlink":"https:\/\/wp.me\/pbKhrD-p3a","jetpack-related-posts":[{"id":95510,"url":"https:\/\/www.jornalja.com.br\/geral\/terras-indigenas-o-marco-temporal-e-insano-e-cruel\/","url_meta":{"origin":96296,"position":0},"title":"Terras ind\u00edgenas: &#8220;O marco temporal \u00e9 insano e cruel\u201d","author":"da Reda\u00e7\u00e3o","date":"31 de maio de 2023","format":false,"excerpt":"Por M\u00e1rcia Turcato, de Bras\u00edlia \u00a0Os deputados federais do Rio Grande do Sul s\u00e3o espelho da atual forma\u00e7\u00e3o da C\u00e2mara Federal. Na ter\u00e7a-feira (30 de maio), entre os 31 deputados ga\u00fachos, 19 votaram a favor do marco temporal. Apenas oito foram contr\u00e1rios e quatro se abstiveram de votar. A op\u00e7\u00e3o\u2026","rel":"","context":"Em &quot;Geral-MAT\u00c9RIA&quot;","block_context":{"text":"Geral-MAT\u00c9RIA","link":"https:\/\/www.jornalja.com.br\/geral\/category\/geral\/"},"img":{"alt_text":"","src":"https:\/\/i0.wp.com\/www.jornalja.com.br\/geral\/wp-content\/uploads\/sites\/4\/2023\/05\/marco-temporal-ministra-sonia-guajajara.jpg?resize=350%2C200&ssl=1","width":350,"height":200},"classes":[]},{"id":95259,"url":"https:\/\/www.jornalja.com.br\/geral\/presidente-lula-oficializa-demarcacao-de-areas-indigenas\/","url_meta":{"origin":96296,"position":1},"title":"Lula retoma demarca\u00e7\u00f5es de \u00e1reas ind\u00edgenas suspensas desde 2018","author":"da Reda\u00e7\u00e3o","date":"28 de abril de 2023","format":false,"excerpt":"M\u00e1rcia Turcato, de Bras\u00edlia O presidente Lula retomou hoje (28) a pol\u00edtica de demarca\u00e7\u00e3o de terras ind\u00edgenas em ato que reuniu cerca de cinco mil ind\u00edgenas de diversas etnias, no Acampamento Terra Livre (ATL), em Bras\u00edlia. A retomada das demarca\u00e7\u00f5es \u00e9 parte de um conjunto de medidas para reconstruir as\u2026","rel":"","context":"Em &quot;Geral-MAT\u00c9RIA&quot;","block_context":{"text":"Geral-MAT\u00c9RIA","link":"https:\/\/www.jornalja.com.br\/geral\/category\/geral\/"},"img":{"alt_text":"","src":"","width":0,"height":0},"classes":[]},{"id":88507,"url":"https:\/\/www.jornalja.com.br\/geral\/o-brasil-e-nosso-indigenas-protestam-na-esquina-democratica\/","url_meta":{"origin":96296,"position":2},"title":"&#8220;O Brasil \u00e9 nosso&#8221;: o protesto dos ind\u00edgenas na Esquina Democr\u00e1tica","author":"Ramiro Sanchez","date":"1 de julho de 2021","format":false,"excerpt":"Tr\u00eas das etnias dos povos origin\u00e1rios do RS protestaram na Esquina Democr\u00e1tica em Porto Alegre. Em todo o Brasil se repetiu o protesto, na quarta-feira, motivado pelo julgamento no Supremo Tribunal Federal (STF) de um recurso do Estado de Santa Catarina contra povo Xokleng e Funai, que ter\u00e1 implica\u00e7\u00e3o\u00a0 nos\u2026","rel":"","context":"Em &quot;Geral-MAT\u00c9RIA&quot;","block_context":{"text":"Geral-MAT\u00c9RIA","link":"https:\/\/www.jornalja.com.br\/geral\/category\/geral\/"},"img":{"alt_text":"","src":"https:\/\/i0.wp.com\/www.jornalja.com.br\/geral\/wp-content\/uploads\/sites\/4\/2021\/07\/20210630-0011-povos-indigenas-protestam-poa-ramiro-furquim-oaf1199.jpg?resize=350%2C200&ssl=1","width":350,"height":200,"srcset":"https:\/\/i0.wp.com\/www.jornalja.com.br\/geral\/wp-content\/uploads\/sites\/4\/2021\/07\/20210630-0011-povos-indigenas-protestam-poa-ramiro-furquim-oaf1199.jpg?resize=350%2C200&ssl=1 1x, https:\/\/i0.wp.com\/www.jornalja.com.br\/geral\/wp-content\/uploads\/sites\/4\/2021\/07\/20210630-0011-povos-indigenas-protestam-poa-ramiro-furquim-oaf1199.jpg?resize=525%2C300&ssl=1 1.5x, https:\/\/i0.wp.com\/www.jornalja.com.br\/geral\/wp-content\/uploads\/sites\/4\/2021\/07\/20210630-0011-povos-indigenas-protestam-poa-ramiro-furquim-oaf1199.jpg?resize=700%2C400&ssl=1 2x, https:\/\/i0.wp.com\/www.jornalja.com.br\/geral\/wp-content\/uploads\/sites\/4\/2021\/07\/20210630-0011-povos-indigenas-protestam-poa-ramiro-furquim-oaf1199.jpg?resize=1050%2C600&ssl=1 3x, https:\/\/i0.wp.com\/www.jornalja.com.br\/geral\/wp-content\/uploads\/sites\/4\/2021\/07\/20210630-0011-povos-indigenas-protestam-poa-ramiro-furquim-oaf1199.jpg?resize=1400%2C800&ssl=1 4x"},"classes":[]},{"id":88356,"url":"https:\/\/www.jornalja.com.br\/geral\/terras-indigenas-protesto-em-brasilia-contra-o-marco-temporal-de-1988\/","url_meta":{"origin":96296,"position":3},"title":"Terras ind\u00edgenas: protesto em Bras\u00edlia contra o &#8220;marco temporal&#8221; de 1988","author":"da Reda\u00e7\u00e3o","date":"18 de junho de 2021","format":false,"excerpt":"MARCIA TURCATO, especial para o J\u00c1 O risco de perder territ\u00f3rio fez com que cerca de 500 ind\u00edgenas de diversas etnias viajassem at\u00e9 Bras\u00edlia para lutar por seus direitos. Eles tamb\u00e9m protestam contra projetos de lei que permitem o garimpo em \u00e1reas ind\u00edgenas. \"Reduzir o territ\u00f3rio ind\u00edgena foi uma promessa\u2026","rel":"","context":"Em &quot;Geral-MAT\u00c9RIA&quot;","block_context":{"text":"Geral-MAT\u00c9RIA","link":"https:\/\/www.jornalja.com.br\/geral\/category\/geral\/"},"img":{"alt_text":"","src":"https:\/\/i0.wp.com\/www.jornalja.com.br\/geral\/wp-content\/uploads\/sites\/4\/2021\/06\/indigenas-grupo-2.jpg?resize=350%2C200&ssl=1","width":350,"height":200,"srcset":"https:\/\/i0.wp.com\/www.jornalja.com.br\/geral\/wp-content\/uploads\/sites\/4\/2021\/06\/indigenas-grupo-2.jpg?resize=350%2C200&ssl=1 1x, https:\/\/i0.wp.com\/www.jornalja.com.br\/geral\/wp-content\/uploads\/sites\/4\/2021\/06\/indigenas-grupo-2.jpg?resize=525%2C300&ssl=1 1.5x, https:\/\/i0.wp.com\/www.jornalja.com.br\/geral\/wp-content\/uploads\/sites\/4\/2021\/06\/indigenas-grupo-2.jpg?resize=700%2C400&ssl=1 2x, https:\/\/i0.wp.com\/www.jornalja.com.br\/geral\/wp-content\/uploads\/sites\/4\/2021\/06\/indigenas-grupo-2.jpg?resize=1050%2C600&ssl=1 3x"},"classes":[]},{"id":92569,"url":"https:\/\/www.jornalja.com.br\/geral\/campanha-para-eleger-politicos-que-defendam-a-amazonia-e-dos-povos-tradicionais\/","url_meta":{"origin":96296,"position":4},"title":"Elei\u00e7\u00e3o 2022: Campanha para eleger pol\u00edticos comprometidos com Amaz\u00f4nia e povos ind\u00edgenas","author":"da Reda\u00e7\u00e3o","date":"11 de maio de 2022","format":false,"excerpt":"Por M\u00e1rcia Turcato, de Bras\u00edlia A campanha #EuVotoPelaAmazonia foi lan\u00e7ada em Bras\u00edlia, pela Rede Eclesial Pan-Amaz\u00f4nica (Repam-Brasil), organismo da Confer\u00eancia Nacional dos Bispos do Brasil (CNBB). O objetivo da iniciativa \u00e9 ajudar a sociedade a refletir sobre a import\u00e2ncia de eleger pol\u00edticos e governos comprometidos com a ecologia integral, a\u2026","rel":"","context":"Em &quot;Geral-MAT\u00c9RIA&quot;","block_context":{"text":"Geral-MAT\u00c9RIA","link":"https:\/\/www.jornalja.com.br\/geral\/category\/geral\/"},"img":{"alt_text":"","src":"https:\/\/i0.wp.com\/www.jornalja.com.br\/geral\/wp-content\/uploads\/sites\/4\/2022\/05\/amazonia-campanha.png?resize=350%2C200&ssl=1","width":350,"height":200,"srcset":"https:\/\/i0.wp.com\/www.jornalja.com.br\/geral\/wp-content\/uploads\/sites\/4\/2022\/05\/amazonia-campanha.png?resize=350%2C200&ssl=1 1x, https:\/\/i0.wp.com\/www.jornalja.com.br\/geral\/wp-content\/uploads\/sites\/4\/2022\/05\/amazonia-campanha.png?resize=525%2C300&ssl=1 1.5x, https:\/\/i0.wp.com\/www.jornalja.com.br\/geral\/wp-content\/uploads\/sites\/4\/2022\/05\/amazonia-campanha.png?resize=700%2C400&ssl=1 2x"},"classes":[]},{"id":95023,"url":"https:\/\/www.jornalja.com.br\/geral\/yanomamis-stj-manteve-decisao-de-genocidio-ao-julgar-massacre-em-2000\/","url_meta":{"origin":96296,"position":5},"title":"Yanomamis: STJ manteve decis\u00e3o de genoc\u00eddio ao julgar massacre em 2000","author":"da Reda\u00e7\u00e3o","date":"31 de janeiro de 2023","format":false,"excerpt":"Por M\u00e1rcia Turcato*, de Bras\u00edlia O que acontece no territ\u00f3rio Yanomami \u00e9 a instala\u00e7\u00e3o do crime organizado com a coniv\u00eancia das institui\u00e7\u00f5es p\u00fablicas e suporte empresarial\u00a0 transnacional. H\u00e1 tamb\u00e9m o crime ambiental e a viol\u00eancia contra os ind\u00edgenas, resultado das atividades predat\u00f3rias do garimpo ilegal que atua em parceria com\u2026","rel":"","context":"Em &quot;Geral-MAT\u00c9RIA&quot;","block_context":{"text":"Geral-MAT\u00c9RIA","link":"https:\/\/www.jornalja.com.br\/geral\/category\/geral\/"},"img":{"alt_text":"","src":"https:\/\/i0.wp.com\/www.jornalja.com.br\/geral\/wp-content\/uploads\/sites\/4\/2023\/01\/yanomamis-criancas.png?resize=350%2C200&ssl=1","width":350,"height":200,"srcset":"https:\/\/i0.wp.com\/www.jornalja.com.br\/geral\/wp-content\/uploads\/sites\/4\/2023\/01\/yanomamis-criancas.png?resize=350%2C200&ssl=1 1x, https:\/\/i0.wp.com\/www.jornalja.com.br\/geral\/wp-content\/uploads\/sites\/4\/2023\/01\/yanomamis-criancas.png?resize=525%2C300&ssl=1 1.5x"},"classes":[]}],"jetpack_sharing_enabled":true,"_links":{"self":[{"href":"https:\/\/www.jornalja.com.br\/geral\/wp-json\/wp\/v2\/posts\/96296","targetHints":{"allow":["GET"]}}],"collection":[{"href":"https:\/\/www.jornalja.com.br\/geral\/wp-json\/wp\/v2\/posts"}],"about":[{"href":"https:\/\/www.jornalja.com.br\/geral\/wp-json\/wp\/v2\/types\/post"}],"author":[{"embeddable":true,"href":"https:\/\/www.jornalja.com.br\/geral\/wp-json\/wp\/v2\/users\/5"}],"replies":[{"embeddable":true,"href":"https:\/\/www.jornalja.com.br\/geral\/wp-json\/wp\/v2\/comments?post=96296"}],"version-history":[{"count":5,"href":"https:\/\/www.jornalja.com.br\/geral\/wp-json\/wp\/v2\/posts\/96296\/revisions"}],"predecessor-version":[{"id":96305,"href":"https:\/\/www.jornalja.com.br\/geral\/wp-json\/wp\/v2\/posts\/96296\/revisions\/96305"}],"wp:featuredmedia":[{"embeddable":true,"href":"https:\/\/www.jornalja.com.br\/geral\/wp-json\/wp\/v2\/media\/96297"}],"wp:attachment":[{"href":"https:\/\/www.jornalja.com.br\/geral\/wp-json\/wp\/v2\/media?parent=96296"}],"wp:term":[{"taxonomy":"category","embeddable":true,"href":"https:\/\/www.jornalja.com.br\/geral\/wp-json\/wp\/v2\/categories?post=96296"},{"taxonomy":"post_tag","embeddable":true,"href":"https:\/\/www.jornalja.com.br\/geral\/wp-json\/wp\/v2\/tags?post=96296"}],"curies":[{"name":"wp","href":"https:\/\/api.w.org\/{rel}","templated":true}]}}