{"id":96455,"date":"2023-10-03T19:29:37","date_gmt":"2023-10-03T22:29:37","guid":{"rendered":"https:\/\/www.jornalja.com.br\/geral\/?p=96455"},"modified":"2023-10-03T19:29:37","modified_gmt":"2023-10-03T22:29:37","slug":"ari-lanca-65o-premio-ari-banrisul-de-jornalismo-o-mais-antigo-do-pais","status":"publish","type":"post","link":"https:\/\/www.jornalja.com.br\/geral\/ari-lanca-65o-premio-ari-banrisul-de-jornalismo-o-mais-antigo-do-pais\/","title":{"rendered":"ARI lan\u00e7a 65\u00ba Pr\u00eamio ARI\/Banrisul de Jornalismo, o mais antigo do pa\u00eds"},"content":{"rendered":"<p>A Associa\u00e7\u00e3o Rio-grandense de Imprensa (ARI) lan\u00e7ou nesta manh\u00e3 de ter\u00e7a-feira o 65\u00ba Pr\u00eamio ARI\/BANRISUL de Jornalismo.<\/p>\n<p>Em uma solenidade concorrida, com representantes dos governos estadual e municipal, e das entidades de classe da comunica\u00e7\u00e3o, o presidente da ARI, Jos\u00e9 Nunes, saudou a parceria permanente do Banrisul no pr\u00eamio mais longevo do Brasil e informou que a edi\u00e7\u00e3o traz novidades, \u201cNeste ano, o pr\u00eamio rompe as fronteiras e d\u00e1 a oportunidade para que profissionais de outros estados possam participar&#8221;.<\/p>\n<p><strong>Confira as demais novidades:<\/strong><\/p>\n<p>*Categoria \u2018REPORTAGEM NACIONAL\u2019: Tem como eixo tem\u00e1tico \u2018sustentabilidade, tecnologia e inova\u00e7\u00e3o\u2019 e passa a receber trabalhos veiculados nacionalmente em qualquer formato por jornalistas brasileiros associados da ARI e\/ou inscritos no pr\u00eamio.<\/p>\n<p>*Categoria \u201cREPORTAGEM EM TEXTO\u201d: Uma nova categoria foi adicionada para reconhecer reportagens e not\u00edcias publicadas em formato de texto, enfatizando a import\u00e2ncia do jornalismo escrito independentemente do suporte\/plataforma de comunica\u00e7\u00e3o.<\/p>\n<p>*Categorias de Document\u00e1rios: Foram inclu\u00eddas as categorias \u201cDOCUMENT\u00c1RIO EM \u00c1UDIO\u201d e \u201cDOCUMENT\u00c1RIO EM V\u00cdDEO\u201d, abrindo espa\u00e7o para produ\u00e7\u00f5es audiovisuais jornal\u00edsticas n\u00e3o-ficcionais.<\/p>\n<p>*Categoria \u201cREPORTAGEM ESPECIAL DE SA\u00daDE\u201d: Uma categoria especial foi criada para destacar reportagens relacionadas \u00e0 sa\u00fade, refletindo a relev\u00e2ncia desse tema e o impacto social.<\/p>\n<p>*Categoria \u201cPROJETO ESPECIAL EM JORNALISMO\u201d para Universit\u00e1rios: Estudantes de jornalismo agora t\u00eam a oportunidade de competir com projetos especiais de pesquisa e inova\u00e7\u00e3o jornal\u00edstica, fomentando o olhar para o futuro da profiss\u00e3o.<\/p>\n<p>*Crit\u00e9rios de Desempate: O regulamento de 2023 detalha os dois crit\u00e9rios de desempate: \u201cRelev\u00e2ncia do tema abordado\u201d e \u201cQualidade do texto\/imagem\/est\u00e9tica\u201d, tornando o processo ainda mais transparente e justo.<\/p>\n<p><a href=\"https:\/\/premioaridejornalismo.com\/inscricoes\/\">**Leia o regulamento e veja detalhadamente o processo e condi\u00e7\u00f5es de inscri\u00e7\u00e3o.**<\/a><\/p>\n<p>&nbsp;<\/p>\n<p>&nbsp;<\/p>\n","protected":false},"excerpt":{"rendered":"<p>A Associa\u00e7\u00e3o Rio-grandense de Imprensa (ARI) lan\u00e7ou nesta manh\u00e3 de ter\u00e7a-feira o 65\u00ba Pr\u00eamio ARI\/BANRISUL de Jornalismo. Em uma solenidade concorrida, com representantes dos governos estadual e municipal, e das entidades de classe da comunica\u00e7\u00e3o, o presidente da ARI, Jos\u00e9 Nunes, saudou a parceria permanente do Banrisul no pr\u00eamio mais longevo do Brasil e informou [&hellip;]<\/p>\n","protected":false},"author":2,"featured_media":96456,"comment_status":"closed","ping_status":"open","sticky":false,"template":"","format":"standard","meta":{"jetpack_post_was_ever_published":false,"_jetpack_newsletter_access":"","_jetpack_dont_email_post_to_subs":false,"_jetpack_newsletter_tier_id":0,"_jetpack_memberships_contains_paywalled_content":false,"_jetpack_memberships_contains_paid_content":false,"footnotes":"","jetpack_publicize_message":"","jetpack_publicize_feature_enabled":true,"jetpack_social_post_already_shared":true,"jetpack_social_options":{"image_generator_settings":{"template":"highway","default_image_id":0,"font":"","enabled":false},"version":2}},"categories":[28],"tags":[87,456,238,324,500,507,236,4,524,6,460,488,15,38,149,95,530,20,271,27],"class_list":["post-96455","post","type-post","status-publish","format-standard","has-post-thumbnail","hentry","category-geral-notas","tag-ari","tag-banrisul","tag-brasil","tag-estudantes","tag-etica","tag-fome","tag-governo","tag-imprensa","tag-jornalismo","tag-jornalistas","tag-ovid","tag-projeto","tag-rs","tag-saude","tag-sc","tag-sp","tag-stu","tag-sus","tag-sustentabilidade","tag-veja"],"aioseo_notices":[],"jetpack_publicize_connections":[],"jetpack_featured_media_url":"https:\/\/www.jornalja.com.br\/geral\/wp-content\/uploads\/sites\/4\/2023\/10\/img-20230925-wa0025-1536x1536-1.jpg","jetpack_shortlink":"https:\/\/wp.me\/pbKhrD-p5J","jetpack-related-posts":[{"id":100094,"url":"https:\/\/www.jornalja.com.br\/geral\/evento-na-ari-marca-os-50-anos-da-morte-de-vladimir-herzog\/","url_meta":{"origin":96455,"position":0},"title":"Evento na ARI marca os 50 anos da morte de Vladimir Herzog","author":"da Reda\u00e7\u00e3o","date":"26 de outubro de 2025","format":false,"excerpt":"Na manh\u00e3 deste s\u00e1bado (25), data que marca os 50 anos da morte do jornalista Vladimir Herzog, o Sal\u00e3o Nobre da Associa\u00e7\u00e3o Riograndense de Imprensa (ARI) esteve praticamente lotado para o painel \u201c50 Anos por Vlado\u201d, iniciativa do Movimento de Justi\u00e7a e Direitos Humanos, com apoio da ARI, do Sindicato\u2026","rel":"","context":"Em &quot;Geral-MAT\u00c9RIA&quot;","block_context":{"text":"Geral-MAT\u00c9RIA","link":"https:\/\/www.jornalja.com.br\/geral\/category\/geral\/"},"img":{"alt_text":"","src":"https:\/\/i0.wp.com\/www.jornalja.com.br\/geral\/wp-content\/uploads\/sites\/4\/2025\/10\/herzog.jpg?resize=350%2C200&ssl=1","width":350,"height":200,"srcset":"https:\/\/i0.wp.com\/www.jornalja.com.br\/geral\/wp-content\/uploads\/sites\/4\/2025\/10\/herzog.jpg?resize=350%2C200&ssl=1 1x, https:\/\/i0.wp.com\/www.jornalja.com.br\/geral\/wp-content\/uploads\/sites\/4\/2025\/10\/herzog.jpg?resize=525%2C300&ssl=1 1.5x, https:\/\/i0.wp.com\/www.jornalja.com.br\/geral\/wp-content\/uploads\/sites\/4\/2025\/10\/herzog.jpg?resize=700%2C400&ssl=1 2x, https:\/\/i0.wp.com\/www.jornalja.com.br\/geral\/wp-content\/uploads\/sites\/4\/2025\/10\/herzog.jpg?resize=1050%2C600&ssl=1 3x, https:\/\/i0.wp.com\/www.jornalja.com.br\/geral\/wp-content\/uploads\/sites\/4\/2025\/10\/herzog.jpg?resize=1400%2C800&ssl=1 4x"},"classes":[]},{"id":93206,"url":"https:\/\/www.jornalja.com.br\/geral\/ari-prepara-segunda-edicao-do-premio-assessoria-de-imprensa\/","url_meta":{"origin":96455,"position":1},"title":"ARI prepara segunda edi\u00e7\u00e3o do Pr\u00eamio Assessoria de Imprensa","author":"da Reda\u00e7\u00e3o","date":"18 de julho de 2022","format":false,"excerpt":"O 2\u00ba Premio ARI de Assessoria de Imprensa j\u00e1 tem data, 10 de seembro, e vai contemplar duas categorias: Gest\u00e3o de Comunica\u00e7\u00e3o e Relacionamento com a Imprensa e Profissional do Ano, de reconhecimento do desempenho individual de profissionais da \u00e1rea. Promotora do mais antigo certame de comunica\u00e7\u00e3o, o Pr\u00eamio ARI\u2026","rel":"","context":"Em &quot;Geral-MAT\u00c9RIA&quot;","block_context":{"text":"Geral-MAT\u00c9RIA","link":"https:\/\/www.jornalja.com.br\/geral\/category\/geral\/"},"img":{"alt_text":"","src":"https:\/\/i0.wp.com\/www.jornalja.com.br\/geral\/wp-content\/uploads\/sites\/4\/2022\/07\/premio-ari-de-assessoria.jpg?resize=350%2C200&ssl=1","width":350,"height":200,"srcset":"https:\/\/i0.wp.com\/www.jornalja.com.br\/geral\/wp-content\/uploads\/sites\/4\/2022\/07\/premio-ari-de-assessoria.jpg?resize=350%2C200&ssl=1 1x, https:\/\/i0.wp.com\/www.jornalja.com.br\/geral\/wp-content\/uploads\/sites\/4\/2022\/07\/premio-ari-de-assessoria.jpg?resize=525%2C300&ssl=1 1.5x"},"classes":[]},{"id":101058,"url":"https:\/\/www.jornalja.com.br\/geral\/jornalista-batista-filho-palestra-em-ato-pelos-62-anos-do-golpe-militar\/","url_meta":{"origin":96455,"position":2},"title":"Jornalista Batista Filho palestra em ato pelos 62 anos do Golpe Militar","author":"da Reda\u00e7\u00e3o","date":"8 de abril de 2026","format":false,"excerpt":"O jornalista Jo\u00e3o Batista Filho, de 86 anos, ser\u00e1 o palestrante do \u201cAto de Rep\u00fadio pelos 62 Anos da Ditadura Militar\u201d, que ocorre nesta quarta-feira (8), \u00e0s 19h, no Audit\u00f3rio Ana Terra da C\u00e2mara Municipal de Porto Alegre. A atividade \u00e9 promovida pela Associa\u00e7\u00e3o dos Ex-Presos e Perseguidos Pol\u00edticos do\u2026","rel":"","context":"Em &quot;Geral-MAT\u00c9RIA&quot;","block_context":{"text":"Geral-MAT\u00c9RIA","link":"https:\/\/www.jornalja.com.br\/geral\/category\/geral\/"},"img":{"alt_text":"","src":"https:\/\/i0.wp.com\/www.jornalja.com.br\/geral\/wp-content\/uploads\/sites\/4\/2026\/04\/sem-titulo-1.jpg?resize=350%2C200&ssl=1","width":350,"height":200,"srcset":"https:\/\/i0.wp.com\/www.jornalja.com.br\/geral\/wp-content\/uploads\/sites\/4\/2026\/04\/sem-titulo-1.jpg?resize=350%2C200&ssl=1 1x, https:\/\/i0.wp.com\/www.jornalja.com.br\/geral\/wp-content\/uploads\/sites\/4\/2026\/04\/sem-titulo-1.jpg?resize=525%2C300&ssl=1 1.5x, https:\/\/i0.wp.com\/www.jornalja.com.br\/geral\/wp-content\/uploads\/sites\/4\/2026\/04\/sem-titulo-1.jpg?resize=700%2C400&ssl=1 2x, https:\/\/i0.wp.com\/www.jornalja.com.br\/geral\/wp-content\/uploads\/sites\/4\/2026\/04\/sem-titulo-1.jpg?resize=1050%2C600&ssl=1 3x"},"classes":[]},{"id":81164,"url":"https:\/\/www.jornalja.com.br\/geral\/banrisul-vai-fechar-agencias-e-investir-em-tecnologia-em-busca-de-eficiencia\/","url_meta":{"origin":96455,"position":3},"title":"Banrisul vai fechar ag\u00eancias e investir em tecnologia em busca de efici\u00eancia","author":"da Reda\u00e7\u00e3o","date":"12 de fevereiro de 2020","format":false,"excerpt":"O Banrisul registrou um lucro l\u00edquido recorde de R$ 1,34 bilh\u00e3o em no ano passado, conforme o balan\u00e7o divulgado nesta ter\u00e7a-feira. Representa um crescimento de 28,2% na compara\u00e7\u00e3o com o lucro registrado no balan\u00e7o anterior. A orienta\u00e7\u00e3o, adotada ainda no governo Sartori, de concentrar os esfor\u00e7os nas opera\u00e7\u00f5es dentro do\u2026","rel":"","context":"Em &quot;Geral-MAT\u00c9RIA&quot;","block_context":{"text":"Geral-MAT\u00c9RIA","link":"https:\/\/www.jornalja.com.br\/geral\/category\/geral\/"},"img":{"alt_text":"","src":"https:\/\/i0.wp.com\/www.jornalja.com.br\/geral\/wp-content\/uploads\/sites\/4\/2020\/02\/Claudio-Coutinho.jpg?resize=350%2C200&ssl=1","width":350,"height":200,"srcset":"https:\/\/i0.wp.com\/www.jornalja.com.br\/geral\/wp-content\/uploads\/sites\/4\/2020\/02\/Claudio-Coutinho.jpg?resize=350%2C200&ssl=1 1x, https:\/\/i0.wp.com\/www.jornalja.com.br\/geral\/wp-content\/uploads\/sites\/4\/2020\/02\/Claudio-Coutinho.jpg?resize=525%2C300&ssl=1 1.5x"},"classes":[]},{"id":77978,"url":"https:\/\/www.jornalja.com.br\/geral\/premio-mais-antigo-do-jornalismo-recebe-inscricoes-ate-19-de-novembro\/","url_meta":{"origin":96455,"position":4},"title":"Pr\u00eamio mais antigo do jornalismo recebe inscri\u00e7\u00f5es at\u00e9 19 de novembro","author":"Elmar Bones","date":"1 de outubro de 2019","format":false,"excerpt":"Est\u00e3o abertas as inscri\u00e7\u00f5es para o 61\u00b0 Premio ARI de Jornalismo, o mais antigo certame jornal\u00edstico do pa\u00eds, criado em 1958 . Onze categorias de trabalhos jornal\u00edsticos s\u00e3o considerdas no pr\u00eamio, que \u00e9 o mais disputado entre os jornalistas profissionais do Rio Grande do Sul. Os trabalhos ser\u00e3o recebidos at\u00e9\u2026","rel":"","context":"Em &quot;Geral-MAT\u00c9RIA&quot;","block_context":{"text":"Geral-MAT\u00c9RIA","link":"https:\/\/www.jornalja.com.br\/geral\/category\/geral\/"},"img":{"alt_text":"","src":"","width":0,"height":0},"classes":[]},{"id":88874,"url":"https:\/\/www.jornalja.com.br\/geral\/de-drone-a-retroescavadeira-banrisul-lanca-programa-para-financiar-prefeituras\/","url_meta":{"origin":96455,"position":5},"title":"De drone a retroescavadeira: Banrisul lan\u00e7a programa para financiar prefeituras","author":"da Reda\u00e7\u00e3o","date":"19 de julho de 2021","format":false,"excerpt":"O Banrisul lan\u00e7ou, nesta segunda-feira (19\/7), o Programa de Financiamento Especial para o Setor P\u00fablico, que oferecer\u00e1 recursos\u00a0 para as prefeituras ga\u00fachas financiarem investimentos em bens de capital. O programa possibilita o financiamento de ve\u00edculos, como autom\u00f3vel, \u00f4nibus, caminh\u00e3o, ambul\u00e2ncia e utilit\u00e1rios; equipamentos para obras e manuten\u00e7\u00e3o, como trator, escavadeira,\u2026","rel":"","context":"Em &quot;Geral-NOTAS&quot;","block_context":{"text":"Geral-NOTAS","link":"https:\/\/www.jornalja.com.br\/geral\/category\/geral-notas\/"},"img":{"alt_text":"","src":"","width":0,"height":0},"classes":[]}],"jetpack_sharing_enabled":true,"_links":{"self":[{"href":"https:\/\/www.jornalja.com.br\/geral\/wp-json\/wp\/v2\/posts\/96455","targetHints":{"allow":["GET"]}}],"collection":[{"href":"https:\/\/www.jornalja.com.br\/geral\/wp-json\/wp\/v2\/posts"}],"about":[{"href":"https:\/\/www.jornalja.com.br\/geral\/wp-json\/wp\/v2\/types\/post"}],"author":[{"embeddable":true,"href":"https:\/\/www.jornalja.com.br\/geral\/wp-json\/wp\/v2\/users\/2"}],"replies":[{"embeddable":true,"href":"https:\/\/www.jornalja.com.br\/geral\/wp-json\/wp\/v2\/comments?post=96455"}],"version-history":[{"count":1,"href":"https:\/\/www.jornalja.com.br\/geral\/wp-json\/wp\/v2\/posts\/96455\/revisions"}],"predecessor-version":[{"id":96457,"href":"https:\/\/www.jornalja.com.br\/geral\/wp-json\/wp\/v2\/posts\/96455\/revisions\/96457"}],"wp:featuredmedia":[{"embeddable":true,"href":"https:\/\/www.jornalja.com.br\/geral\/wp-json\/wp\/v2\/media\/96456"}],"wp:attachment":[{"href":"https:\/\/www.jornalja.com.br\/geral\/wp-json\/wp\/v2\/media?parent=96455"}],"wp:term":[{"taxonomy":"category","embeddable":true,"href":"https:\/\/www.jornalja.com.br\/geral\/wp-json\/wp\/v2\/categories?post=96455"},{"taxonomy":"post_tag","embeddable":true,"href":"https:\/\/www.jornalja.com.br\/geral\/wp-json\/wp\/v2\/tags?post=96455"}],"curies":[{"name":"wp","href":"https:\/\/api.w.org\/{rel}","templated":true}]}}