{"id":96487,"date":"2023-10-15T13:06:52","date_gmt":"2023-10-15T16:06:52","guid":{"rendered":"https:\/\/www.jornalja.com.br\/geral\/?p=96487"},"modified":"2023-10-15T16:25:02","modified_gmt":"2023-10-15T19:25:02","slug":"produtores-de-milho-e-trigo-na-italia-reagem-a-nova-politica-agricola","status":"publish","type":"post","link":"https:\/\/www.jornalja.com.br\/geral\/produtores-de-milho-e-trigo-na-italia-reagem-a-nova-politica-agricola\/","title":{"rendered":"Produtores de milho e trigo na It\u00e1lia reagem \u00e0 nova pol\u00edtica agr\u00edcola"},"content":{"rendered":"<p>Um pol\u00eamica mobiliza os produtores de milho e trigo na It\u00e1lia.\u00a0 O motivo \u00e9 uma decis\u00e3o baseada na Nova Pol\u00edtica Agr\u00edcola definida pela Uni\u00e3o Europeia, em 2021, e que come\u00e7ou a valer em 2023: a\u00a0 partir do ano que vem, nas duas regi\u00f5es da It\u00e1lia que mais produzem milho (o Vale do P\u00f3) e trigo (Tavoliere delle Puglia) os produtores ter\u00e3o que deixar de lado a chamada &#8220;monosucess\u00e3o&#8221;, que \u00e9 manter o mesmo cultivo ano a ano. Essa pr\u00e1tica, segundo a nova pol\u00edtica agr\u00edcola, amea\u00e7a a biodiversidade e esgota o solo.<\/p>\n<p>A partir de 2024, portanto, a cada dois anos, a terra tem que ser deixada em repouso ou ocupada com outra cultura regenerativa. N\u00e3o h\u00e1 uma proibi\u00e7\u00e3o determinante, mas os produtores que n\u00e3o seguirem a regra perdem os subs\u00eddios que recebem. Eles est\u00e3o inconformados, segundo reportagem do Corriere della Sera deste domingo, 15\/09.<\/p>\n<p>&nbsp;<\/p>\n<p>&nbsp;<\/p>\n","protected":false},"excerpt":{"rendered":"<p>Um pol\u00eamica mobiliza os produtores de milho e trigo na It\u00e1lia.\u00a0 O motivo \u00e9 uma decis\u00e3o baseada na Nova Pol\u00edtica Agr\u00edcola definida pela Uni\u00e3o Europeia, em 2021, e que come\u00e7ou a valer em 2023: a\u00a0 partir do ano que vem, nas duas regi\u00f5es da It\u00e1lia que mais produzem milho (o Vale do P\u00f3) e trigo [&hellip;]<\/p>\n","protected":false},"author":4,"featured_media":0,"comment_status":"closed","ping_status":"open","sticky":false,"template":"","format":"standard","meta":{"jetpack_post_was_ever_published":false,"_jetpack_newsletter_access":"","_jetpack_dont_email_post_to_subs":false,"_jetpack_newsletter_tier_id":0,"_jetpack_memberships_contains_paywalled_content":false,"_jetpack_memberships_contains_paid_content":false,"footnotes":"","jetpack_publicize_message":"","jetpack_publicize_feature_enabled":true,"jetpack_social_post_already_shared":true,"jetpack_social_options":{"image_generator_settings":{"template":"highway","default_image_id":0,"font":"","enabled":false},"version":2}},"categories":[28],"tags":[86,265,247,15,95,509],"class_list":["post-96487","post","type-post","status-publish","format-standard","hentry","category-geral-notas","tag-cultura","tag-diversidade","tag-politica","tag-rs","tag-sp","tag-uniao"],"aioseo_notices":[],"jetpack_publicize_connections":[],"jetpack_featured_media_url":"","jetpack_shortlink":"https:\/\/wp.me\/pbKhrD-p6f","jetpack-related-posts":[{"id":98164,"url":"https:\/\/www.jornalja.com.br\/geral\/governo-federal-compra-trigo-gaucho-para-garantir-preco-minimo-ao-produtor\/","url_meta":{"origin":96487,"position":0},"title":"Governo federal compra trigo ga\u00facho para garantir pre\u00e7o minimo ao produtor","author":"da Reda\u00e7\u00e3o","date":"7 de novembro de 2024","format":false,"excerpt":"Produtores de trigo do Rio Grande do Sul poder\u00e3o vender ao Governo Federal at\u00e9 200 mil toneladas do gr\u00e3o da safra 2024\/2025, por meio do mecanismo de Aquisi\u00e7\u00e3o do Governo Federal (AGF), previsto na Pol\u00edtica de Garantia de Pre\u00e7os M\u00ednimos (PGPM). A compra\u00a0 ser\u00e1 realizada pela Companhia Nacional de Abastecimento\u2026","rel":"","context":"Em &quot;Geral-MAT\u00c9RIA&quot;","block_context":{"text":"Geral-MAT\u00c9RIA","link":"https:\/\/www.jornalja.com.br\/geral\/category\/geral\/"},"img":{"alt_text":"","src":"https:\/\/i0.wp.com\/www.jornalja.com.br\/geral\/wp-content\/uploads\/sites\/4\/2024\/11\/conab-compra-trigo-foto-catiana-de-medeiros-conab-scaled.jpg?resize=350%2C200&ssl=1","width":350,"height":200,"srcset":"https:\/\/i0.wp.com\/www.jornalja.com.br\/geral\/wp-content\/uploads\/sites\/4\/2024\/11\/conab-compra-trigo-foto-catiana-de-medeiros-conab-scaled.jpg?resize=350%2C200&ssl=1 1x, https:\/\/i0.wp.com\/www.jornalja.com.br\/geral\/wp-content\/uploads\/sites\/4\/2024\/11\/conab-compra-trigo-foto-catiana-de-medeiros-conab-scaled.jpg?resize=525%2C300&ssl=1 1.5x, https:\/\/i0.wp.com\/www.jornalja.com.br\/geral\/wp-content\/uploads\/sites\/4\/2024\/11\/conab-compra-trigo-foto-catiana-de-medeiros-conab-scaled.jpg?resize=700%2C400&ssl=1 2x, https:\/\/i0.wp.com\/www.jornalja.com.br\/geral\/wp-content\/uploads\/sites\/4\/2024\/11\/conab-compra-trigo-foto-catiana-de-medeiros-conab-scaled.jpg?resize=1050%2C600&ssl=1 3x, https:\/\/i0.wp.com\/www.jornalja.com.br\/geral\/wp-content\/uploads\/sites\/4\/2024\/11\/conab-compra-trigo-foto-catiana-de-medeiros-conab-scaled.jpg?resize=1400%2C800&ssl=1 4x"},"classes":[]},{"id":99195,"url":"https:\/\/www.jornalja.com.br\/geral\/quebra-de-27-na-soja-derruba-a-safra-de-graos-do-rio-grande-do-sul\/","url_meta":{"origin":96487,"position":1},"title":"Quebra de 27% na soja derruba a safra de gr\u00e3os do Rio Grande do Sul","author":"da Reda\u00e7\u00e3o","date":"16 de junho de 2025","format":false,"excerpt":"O Brasil deve alcan\u00e7ar mais um recorde na produ\u00e7\u00e3o de gr\u00e3os - soja, milho, arroz, trigo, feij\u00e3o - com um total de 336 milh\u00f5es de toneladas na safra 2024\/2025, crescimento de 13% em rela\u00e7\u00e3o \u00e0 colheita passada. No Rio Grande do Sul projeta-se uma queda de 9% na produ\u00e7\u00e3o de\u2026","rel":"","context":"Em &quot;Geral-MAT\u00c9RIA&quot;","block_context":{"text":"Geral-MAT\u00c9RIA","link":"https:\/\/www.jornalja.com.br\/geral\/category\/geral\/"},"img":{"alt_text":"","src":"https:\/\/i0.wp.com\/www.jornalja.com.br\/geral\/wp-content\/uploads\/sites\/4\/2025\/06\/soja-colheita.jpeg?resize=350%2C200&ssl=1","width":350,"height":200,"srcset":"https:\/\/i0.wp.com\/www.jornalja.com.br\/geral\/wp-content\/uploads\/sites\/4\/2025\/06\/soja-colheita.jpeg?resize=350%2C200&ssl=1 1x, https:\/\/i0.wp.com\/www.jornalja.com.br\/geral\/wp-content\/uploads\/sites\/4\/2025\/06\/soja-colheita.jpeg?resize=525%2C300&ssl=1 1.5x, https:\/\/i0.wp.com\/www.jornalja.com.br\/geral\/wp-content\/uploads\/sites\/4\/2025\/06\/soja-colheita.jpeg?resize=700%2C400&ssl=1 2x"},"classes":[]},{"id":98249,"url":"https:\/\/www.jornalja.com.br\/geral\/com-3-do-territorio-rio-grande-do-sul-vai-produzir-12-da-safra-nacional-de-graos\/","url_meta":{"origin":96487,"position":2},"title":"Com 3% do territ\u00f3rio, Rio Grande do Sul vai produzir 12% da safra nacional de gr\u00e3os","author":"da Reda\u00e7\u00e3o","date":"13 de dezembro de 2024","format":false,"excerpt":"Com pouco mais de 3% do territ\u00f3rio brasileiro, o Rio Grande do Sul vai contribuir com\u00a0 mais de 12% da produ\u00e7\u00e3o gr\u00e3os no pa\u00eds na safra 2024\/2025, segundo os n\u00fameros divulgados pela Conab, nesta quinta-feira, 12. A produ\u00e7\u00e3o nacional de gr\u00e3os \u00e9 estimada em 322,4 milh\u00f5es de toneladas. O Rio\u2026","rel":"","context":"Em &quot;Geral-MAT\u00c9RIA&quot;","block_context":{"text":"Geral-MAT\u00c9RIA","link":"https:\/\/www.jornalja.com.br\/geral\/category\/geral\/"},"img":{"alt_text":"","src":"https:\/\/i0.wp.com\/www.jornalja.com.br\/geral\/wp-content\/uploads\/sites\/4\/2024\/12\/safra-de-graos-foto-paulo-kurtz-embrapa-1-scaled.jpg?resize=350%2C200&ssl=1","width":350,"height":200,"srcset":"https:\/\/i0.wp.com\/www.jornalja.com.br\/geral\/wp-content\/uploads\/sites\/4\/2024\/12\/safra-de-graos-foto-paulo-kurtz-embrapa-1-scaled.jpg?resize=350%2C200&ssl=1 1x, https:\/\/i0.wp.com\/www.jornalja.com.br\/geral\/wp-content\/uploads\/sites\/4\/2024\/12\/safra-de-graos-foto-paulo-kurtz-embrapa-1-scaled.jpg?resize=525%2C300&ssl=1 1.5x, https:\/\/i0.wp.com\/www.jornalja.com.br\/geral\/wp-content\/uploads\/sites\/4\/2024\/12\/safra-de-graos-foto-paulo-kurtz-embrapa-1-scaled.jpg?resize=700%2C400&ssl=1 2x, https:\/\/i0.wp.com\/www.jornalja.com.br\/geral\/wp-content\/uploads\/sites\/4\/2024\/12\/safra-de-graos-foto-paulo-kurtz-embrapa-1-scaled.jpg?resize=1050%2C600&ssl=1 3x, https:\/\/i0.wp.com\/www.jornalja.com.br\/geral\/wp-content\/uploads\/sites\/4\/2024\/12\/safra-de-graos-foto-paulo-kurtz-embrapa-1-scaled.jpg?resize=1400%2C800&ssl=1 4x"},"classes":[]},{"id":98198,"url":"https:\/\/www.jornalja.com.br\/geral\/rio-grande-do-sul-tem-safra-recorde-mas-ainda-e-o-terceiro-produtor-de-graos-no-pais\/","url_meta":{"origin":96487,"position":3},"title":"Rio Grande do Sul tem safra recorde, mas ainda \u00e9 o terceiro produtor de gr\u00e3os no pa\u00eds","author":"da Reda\u00e7\u00e3o","date":"15 de novembro de 2024","format":false,"excerpt":"O Rio Grande do Sul segue com a previs\u00e3o de produzir o maior volume de gr\u00e3os da sua hist\u00f3ria, de acordo com o 2\u00ba levantamento da Companhia Nacional de Abastecimento (Conab), para a safra 2024\/2025, O total estimado \u00e9 de 38,35 milh\u00f5es de toneladas, um aumento de 3,3% em rela\u00e7\u00e3o\u2026","rel":"","context":"Em &quot;Geral-MAT\u00c9RIA&quot;","block_context":{"text":"Geral-MAT\u00c9RIA","link":"https:\/\/www.jornalja.com.br\/geral\/category\/geral\/"},"img":{"alt_text":"","src":"","width":0,"height":0},"classes":[]},{"id":96005,"url":"https:\/\/www.jornalja.com.br\/geral\/safra-de-graos-no-brasil-feijao-cresce-26-arroz-cai-milho-e-soja-batem-recorde\/","url_meta":{"origin":96487,"position":4},"title":"Safra de gr\u00e3os no Brasil: feij\u00e3o cresce 2,6%, arroz cai, milho e soja batem recorde","author":"da Reda\u00e7\u00e3o","date":"10 de agosto de 2023","format":false,"excerpt":"O governo Lula divulgou nesta quinta-feira a estimativa para a produ\u00e7\u00e3o de gr\u00e3os - soja, milho, trigo, arroz, feij\u00e3o - na safra 2022\/23. O total chega a 320,1 milh\u00f5es de toneladas, crescimento\u00a0 de 17,4%, ou seja: 47,4 milh\u00f5es de toneladas a mais que o volume colhido no ciclo passado. Os\u2026","rel":"","context":"Em &quot;Geral-MAT\u00c9RIA&quot;","block_context":{"text":"Geral-MAT\u00c9RIA","link":"https:\/\/www.jornalja.com.br\/geral\/category\/geral\/"},"img":{"alt_text":"","src":"https:\/\/i0.wp.com\/www.jornalja.com.br\/geral\/wp-content\/uploads\/sites\/4\/2022\/06\/supersafra.jpg?resize=350%2C200&ssl=1","width":350,"height":200,"srcset":"https:\/\/i0.wp.com\/www.jornalja.com.br\/geral\/wp-content\/uploads\/sites\/4\/2022\/06\/supersafra.jpg?resize=350%2C200&ssl=1 1x, https:\/\/i0.wp.com\/www.jornalja.com.br\/geral\/wp-content\/uploads\/sites\/4\/2022\/06\/supersafra.jpg?resize=525%2C300&ssl=1 1.5x, https:\/\/i0.wp.com\/www.jornalja.com.br\/geral\/wp-content\/uploads\/sites\/4\/2022\/06\/supersafra.jpg?resize=700%2C400&ssl=1 2x, https:\/\/i0.wp.com\/www.jornalja.com.br\/geral\/wp-content\/uploads\/sites\/4\/2022\/06\/supersafra.jpg?resize=1050%2C600&ssl=1 3x"},"classes":[]},{"id":93327,"url":"https:\/\/www.jornalja.com.br\/geral\/cooperativa-mais-antiga-do-parana-cresce-22-em-2022\/","url_meta":{"origin":96487,"position":5},"title":"Cooperativa mais antiga do Paran\u00e1 cresce 22% em 2022","author":"da Reda\u00e7\u00e3o","date":"5 de agosto de 2022","format":false,"excerpt":"Em 01 de agosto, a Fr\u00edsia Cooperativa Agroindustrial completa 97 anos de hist\u00f3ria. Tudo come\u00e7ou em 1925, quando sete produtores fundaram a Sociedade Cooperativa Hollandeza de Latic\u00ednios. A ideia original, do que viria a ser a primeira cooperativa de produ\u00e7\u00e3o do Paran\u00e1 e a segunda do Brasil, era facilitar a\u2026","rel":"","context":"Em &quot;Geral-NOTAS&quot;","block_context":{"text":"Geral-NOTAS","link":"https:\/\/www.jornalja.com.br\/geral\/category\/geral-notas\/"},"img":{"alt_text":"","src":"","width":0,"height":0},"classes":[]}],"jetpack_sharing_enabled":true,"_links":{"self":[{"href":"https:\/\/www.jornalja.com.br\/geral\/wp-json\/wp\/v2\/posts\/96487","targetHints":{"allow":["GET"]}}],"collection":[{"href":"https:\/\/www.jornalja.com.br\/geral\/wp-json\/wp\/v2\/posts"}],"about":[{"href":"https:\/\/www.jornalja.com.br\/geral\/wp-json\/wp\/v2\/types\/post"}],"author":[{"embeddable":true,"href":"https:\/\/www.jornalja.com.br\/geral\/wp-json\/wp\/v2\/users\/4"}],"replies":[{"embeddable":true,"href":"https:\/\/www.jornalja.com.br\/geral\/wp-json\/wp\/v2\/comments?post=96487"}],"version-history":[{"count":3,"href":"https:\/\/www.jornalja.com.br\/geral\/wp-json\/wp\/v2\/posts\/96487\/revisions"}],"predecessor-version":[{"id":96492,"href":"https:\/\/www.jornalja.com.br\/geral\/wp-json\/wp\/v2\/posts\/96487\/revisions\/96492"}],"wp:attachment":[{"href":"https:\/\/www.jornalja.com.br\/geral\/wp-json\/wp\/v2\/media?parent=96487"}],"wp:term":[{"taxonomy":"category","embeddable":true,"href":"https:\/\/www.jornalja.com.br\/geral\/wp-json\/wp\/v2\/categories?post=96487"},{"taxonomy":"post_tag","embeddable":true,"href":"https:\/\/www.jornalja.com.br\/geral\/wp-json\/wp\/v2\/tags?post=96487"}],"curies":[{"name":"wp","href":"https:\/\/api.w.org\/{rel}","templated":true}]}}