{"id":96791,"date":"2023-12-27T23:24:38","date_gmt":"2023-12-28T02:24:38","guid":{"rendered":"https:\/\/www.jornalja.com.br\/geral\/?p=96791"},"modified":"2024-03-01T15:16:21","modified_gmt":"2024-03-01T18:16:21","slug":"dengue-no-brasil-recorde-de-1-079-mortes-em-2023-e-falta-de-vacina-no-sus","status":"publish","type":"post","link":"https:\/\/www.jornalja.com.br\/geral\/dengue-no-brasil-recorde-de-1-079-mortes-em-2023-e-falta-de-vacina-no-sus\/","title":{"rendered":"Dengue: novo recorde anual de mortes leva SUS a incorporar vacina"},"content":{"rendered":"<p>A dengue matou 1.079 pessoas no Brasil em 2023. Foi o recorde de mortes registradas num ano pelo Sistema de Informa\u00e7\u00e3o de Agravos de Notifica\u00e7\u00e3o.<\/p>\n<p>O n\u00famero mais alto at\u00e9 agora, de 1.053 mortes, foi\u00a0 em 2022.\u00a0 Antes, o maior n\u00famero de mortes, 986,\u00a0 havia ocorrido em 2015.<\/p>\n<p>Os dados foram divulgados pelo Minist\u00e9rio da Sa\u00fade nesta quarta-feira, 27.<\/p>\n<p>Questionado sobre o recorde, o Minist\u00e9rio da Sa\u00fade informou que, com a previs\u00e3o de aumento de casos, cerca de 11,7 mil profissionais de sa\u00fade foram capacitados em 2023 para manejo cl\u00ednico, vigil\u00e2ncia e controle de\u00a0arboviroses, que s\u00e3o infec\u00e7\u00f5es causadas por v\u00edrus transmitidos, principalmente, por mosquitos.<\/p>\n<p>\u201cO Minist\u00e9rio da Sa\u00fade vai investir R$ 256 milh\u00f5es no fortalecimento da vigil\u00e2ncia das arboviroses. O momento \u00e9 de intensificar os esfor\u00e7os e as medidas de preven\u00e7\u00e3o por parte de todos para reduzir a transmiss\u00e3o das doen\u00e7as. Para evitar o agravamento dos casos, a popula\u00e7\u00e3o deve buscar o servi\u00e7o de sa\u00fade mais pr\u00f3ximo ao apresentar os primeiros sintomas\u201d, diz a nota.<\/p>\n<p>Ainda segundo a pasta, foi incorporada, no \u00faltimo dia 21, a vacina contra dengue no Sistema \u00danico de Sa\u00fade (SUS). No entanto, n\u00e3o ser\u00e1 utilizada em larga escala em um primeiro momento, j\u00e1 que o laborat\u00f3rio fabricante, Takeda, afirmou que tem uma capacidade restrita de fornecimento de doses. A vacina\u00e7\u00e3o\u00a0ser\u00e1 focada em p\u00fablico e regi\u00f5es priorit\u00e1rias, com defini\u00e7\u00e3o de estrat\u00e9gias de utiliza\u00e7\u00e3o das doses dispon\u00edveis prevista para ocorrer nas primeiras semanas de janeiro.<\/p>\n<p><em>(Com informa\u00e7\u00f5es da Ag\u00eancia Brasil)<\/em><\/p>\n","protected":false},"excerpt":{"rendered":"<p>A dengue matou 1.079 pessoas no Brasil em 2023. Foi o recorde de mortes registradas num ano pelo Sistema de Informa\u00e7\u00e3o de Agravos de Notifica\u00e7\u00e3o. O n\u00famero mais alto at\u00e9 agora, de 1.053 mortes, foi\u00a0 em 2022.\u00a0 Antes, o maior n\u00famero de mortes, 986,\u00a0 havia ocorrido em 2015. Os dados foram divulgados pelo Minist\u00e9rio da [&hellip;]<\/p>\n","protected":false},"author":4,"featured_media":96798,"comment_status":"closed","ping_status":"open","sticky":false,"template":"","format":"standard","meta":{"jetpack_post_was_ever_published":false,"_jetpack_newsletter_access":"","_jetpack_dont_email_post_to_subs":false,"_jetpack_newsletter_tier_id":0,"_jetpack_memberships_contains_paywalled_content":false,"_jetpack_memberships_contains_paid_content":false,"footnotes":"","jetpack_publicize_message":"","jetpack_publicize_feature_enabled":true,"jetpack_social_post_already_shared":true,"jetpack_social_options":{"image_generator_settings":{"template":"highway","default_image_id":0,"font":"","enabled":false},"version":2}},"categories":[2],"tags":[238,581,479,38,149,95,20],"class_list":["post-96791","post","type-post","status-publish","format-standard","has-post-thumbnail","hentry","category-geral","tag-brasil","tag-dengue","tag-red","tag-saude","tag-sc","tag-sp","tag-sus"],"aioseo_notices":[],"jetpack_publicize_connections":[],"jetpack_featured_media_url":"https:\/\/www.jornalja.com.br\/geral\/wp-content\/uploads\/sites\/4\/2023\/12\/dengue-larvasdo-mosquito-1.png","jetpack_shortlink":"https:\/\/wp.me\/pbKhrD-pb9","jetpack-related-posts":[{"id":96647,"url":"https:\/\/www.jornalja.com.br\/geral\/dengue-aumenta-175-e-ganha-potencial-epidemico-em-varios-estados\/","url_meta":{"origin":96791,"position":0},"title":"Dengue aumenta 17,5 % e ganha &#8220;potencial epid\u00eamico&#8221; em v\u00e1rios Estados","author":"da Reda\u00e7\u00e3o","date":"8 de dezembro de 2023","format":false,"excerpt":"Os casos de dengue no Brasil aumentaram 17,5% em 2023 em rela\u00e7\u00e3o ao ano passado, segundo dados divulgados nesta sexta-feira (8) pelo Minist\u00e9rio da Sa\u00fade. As ocorr\u00eancias passaram de 1,3 milh\u00e3o em 2022 para 1,6 milh\u00e3o este ano. J\u00e1 a taxa de letalidade ficou em 0,07% nos dois anos, somando\u2026","rel":"","context":"Em &quot;Geral-MAT\u00c9RIA&quot;","block_context":{"text":"Geral-MAT\u00c9RIA","link":"https:\/\/www.jornalja.com.br\/geral\/category\/geral\/"},"img":{"alt_text":"","src":"https:\/\/i0.wp.com\/www.jornalja.com.br\/geral\/wp-content\/uploads\/sites\/4\/2023\/12\/dengue-larvasdo-mosquito.png?resize=350%2C200&ssl=1","width":350,"height":200,"srcset":"https:\/\/i0.wp.com\/www.jornalja.com.br\/geral\/wp-content\/uploads\/sites\/4\/2023\/12\/dengue-larvasdo-mosquito.png?resize=350%2C200&ssl=1 1x, https:\/\/i0.wp.com\/www.jornalja.com.br\/geral\/wp-content\/uploads\/sites\/4\/2023\/12\/dengue-larvasdo-mosquito.png?resize=525%2C300&ssl=1 1.5x, https:\/\/i0.wp.com\/www.jornalja.com.br\/geral\/wp-content\/uploads\/sites\/4\/2023\/12\/dengue-larvasdo-mosquito.png?resize=700%2C400&ssl=1 2x"},"classes":[]},{"id":92148,"url":"https:\/\/www.jornalja.com.br\/geral\/surto-da-dengue-em-porto-alegre-alta-infestacao-ja-e-registrada-em-34-bairros\/","url_meta":{"origin":96791,"position":1},"title":"Surto de dengue em Porto Alegre: &#8220;alta infesta\u00e7\u00e3o&#8221; j\u00e1 \u00e9 registrada em 34 bairros","author":"da Reda\u00e7\u00e3o","date":"6 de abril de 2022","format":false,"excerpt":"A detec\u00e7\u00e3o de mosquitos em armadilhas espalhadas na cidade mostra que 34 bairros de Porto Alegre apresentam alta infesta\u00e7\u00e3o de Aedes aegypti, transmissor da dengue, sendo que seis est\u00e3o em situa\u00e7\u00e3o de alerta e cinco com infesta\u00e7\u00e3o moderada de mosquitos detectados. A informa\u00e7\u00e3o consta no boletim epidemiol\u00f3gico semanal arboviroses,\u00a0 divulgado\u2026","rel":"","context":"Em &quot;Geral-MAT\u00c9RIA&quot;","block_context":{"text":"Geral-MAT\u00c9RIA","link":"https:\/\/www.jornalja.com.br\/geral\/category\/geral\/"},"img":{"alt_text":"","src":"https:\/\/i0.wp.com\/www.jornalja.com.br\/geral\/wp-content\/uploads\/sites\/4\/2022\/04\/dengue-em-porto-alegre.jpg?resize=350%2C200&ssl=1","width":350,"height":200},"classes":[]},{"id":98575,"url":"https:\/\/www.jornalja.com.br\/geral\/dengue-em-porto-alegre-1-900-casos-este-ano-e-tres-variantes-do-mosquito-identificadas\/","url_meta":{"origin":96791,"position":2},"title":"Dengue em Porto Alegre: 1.900 casos este ano, um \u00f3bito e tr\u00eas variantes do mosquito identificadas","author":"da Reda\u00e7\u00e3o","date":"27 de mar\u00e7o de 2025","format":false,"excerpt":"Porto Alegre tem 1.892 casos confirmados de dengue, com um \u00f3bito registrado em 2025 (at\u00e9 22 de mar\u00e7o), segundo o \u00faltimo boletim epidemiol\u00f3gico da Secreteria Municipal da Sa\u00fade. Tem tamb\u00e9m um caso (importado, com infec\u00e7\u00e3o fora da Capital) no mesmo per\u00edodo. Ambas as doen\u00e7as se enquadram na categoria das \"arboviroses\".\u2026","rel":"","context":"Em &quot;Geral-MAT\u00c9RIA&quot;","block_context":{"text":"Geral-MAT\u00c9RIA","link":"https:\/\/www.jornalja.com.br\/geral\/category\/geral\/"},"img":{"alt_text":"","src":"https:\/\/i0.wp.com\/www.jornalja.com.br\/geral\/wp-content\/uploads\/sites\/4\/2022\/04\/dengue-atualizada.jpg?resize=350%2C200&ssl=1","width":350,"height":200},"classes":[]},{"id":97549,"url":"https:\/\/www.jornalja.com.br\/geral\/dengue-chega-aos-10-mil-casos-em-porto-alegre-ja-sao-nove-mortes\/","url_meta":{"origin":96791,"position":3},"title":"Dengue chega aos 10 mil casos em Porto Alegre. J\u00e1 s\u00e3o nove mortes","author":"da Reda\u00e7\u00e3o","date":"16 de julho de 2024","format":false,"excerpt":"Porto Alegre tem 9.888 casos confirmados de dengue em 2024 at\u00e9 13 de julho. Do total, 9.188 foram contra\u00eddos na cidade (aut\u00f3ctones), 392 s\u00e3o importados (infec\u00e7\u00e3o fora da cidade) e 308 t\u00eam local de infec\u00e7\u00e3o indeterminado. O total de ocorr\u00eancias suspeitas notificadas \u00e0 Equipe de Vigil\u00e2ncia de Doen\u00e7as Transmiss\u00edveis da\u2026","rel":"","context":"Em &quot;Geral-MAT\u00c9RIA&quot;","block_context":{"text":"Geral-MAT\u00c9RIA","link":"https:\/\/www.jornalja.com.br\/geral\/category\/geral\/"},"img":{"alt_text":"","src":"https:\/\/i0.wp.com\/www.jornalja.com.br\/geral\/wp-content\/uploads\/sites\/4\/2022\/04\/dengue-em-porto-alegre.jpg?resize=350%2C200&ssl=1","width":350,"height":200},"classes":[]},{"id":97023,"url":"https:\/\/www.jornalja.com.br\/geral\/mosquito-da-dengue-infesta-39-bairros-em-porto-alegre-no-pais-75-dos-municipios-registram-surtos\/","url_meta":{"origin":96791,"position":4},"title":"Mosquito da dengue infesta 39 bairros em Porto Alegre; no pa\u00eds, 75% dos munic\u00edpios registram surtos","author":"Elmar Bones","date":"5 de fevereiro de 2024","format":false,"excerpt":"A dengue vem pipocando no notici\u00e1rio, mas ainda n\u00e3o foi dada a devida aten\u00e7\u00e3o para a dimens\u00e3o e gravidade do problema. Estamos diante de uma situa\u00e7\u00e3o que h\u00e1 anos vem se acumulando e vai se tornando um tremendo desafio ao Sistema de Sa\u00fade P\u00fablica. Em Porto Alegre, dos 46 bairros\u2026","rel":"","context":"Em &quot;Geral-MAT\u00c9RIA&quot;","block_context":{"text":"Geral-MAT\u00c9RIA","link":"https:\/\/www.jornalja.com.br\/geral\/category\/geral\/"},"img":{"alt_text":"","src":"https:\/\/i0.wp.com\/www.jornalja.com.br\/geral\/wp-content\/uploads\/sites\/4\/2024\/02\/dengue-1.png?resize=350%2C200&ssl=1","width":350,"height":200,"srcset":"https:\/\/i0.wp.com\/www.jornalja.com.br\/geral\/wp-content\/uploads\/sites\/4\/2024\/02\/dengue-1.png?resize=350%2C200&ssl=1 1x, https:\/\/i0.wp.com\/www.jornalja.com.br\/geral\/wp-content\/uploads\/sites\/4\/2024\/02\/dengue-1.png?resize=525%2C300&ssl=1 1.5x"},"classes":[]},{"id":97038,"url":"https:\/\/www.jornalja.com.br\/geral\/dengue-ministra-pede-apoio-da-populacao-e-promete-esforco-nacional-para-ampliar-producao-da-vacina\/","url_meta":{"origin":96791,"position":5},"title":"Dengue: Ministra pede apoio da popula\u00e7\u00e3o e promete &#8220;esfor\u00e7o nacional&#8221; para ampliar produ\u00e7\u00e3o da vacina\u00a0","author":"Elmar Bones","date":"7 de fevereiro de 2024","format":false,"excerpt":"Em pronunciamento \u00e0 na\u00e7\u00e3o na noite desta ter\u00e7a-feira (6), a ministra da Sa\u00fade, N\u00edsia Trindade, fez um apelo \u00e0 popula\u00e7\u00e3o para evitar a prolifera\u00e7\u00e3o de criadouros do mosquito transmissor da dengue dentro de casa. Segundo a ministra, 75% dos focos est\u00e3o localizados nas resid\u00eancias. \u00a0\u201cPrecisamos redobrar os cuidados com as\u2026","rel":"","context":"Em &quot;Geral-MAT\u00c9RIA&quot;","block_context":{"text":"Geral-MAT\u00c9RIA","link":"https:\/\/www.jornalja.com.br\/geral\/category\/geral\/"},"img":{"alt_text":"","src":"","width":0,"height":0},"classes":[]}],"jetpack_sharing_enabled":true,"_links":{"self":[{"href":"https:\/\/www.jornalja.com.br\/geral\/wp-json\/wp\/v2\/posts\/96791","targetHints":{"allow":["GET"]}}],"collection":[{"href":"https:\/\/www.jornalja.com.br\/geral\/wp-json\/wp\/v2\/posts"}],"about":[{"href":"https:\/\/www.jornalja.com.br\/geral\/wp-json\/wp\/v2\/types\/post"}],"author":[{"embeddable":true,"href":"https:\/\/www.jornalja.com.br\/geral\/wp-json\/wp\/v2\/users\/4"}],"replies":[{"embeddable":true,"href":"https:\/\/www.jornalja.com.br\/geral\/wp-json\/wp\/v2\/comments?post=96791"}],"version-history":[{"count":4,"href":"https:\/\/www.jornalja.com.br\/geral\/wp-json\/wp\/v2\/posts\/96791\/revisions"}],"predecessor-version":[{"id":96804,"href":"https:\/\/www.jornalja.com.br\/geral\/wp-json\/wp\/v2\/posts\/96791\/revisions\/96804"}],"wp:featuredmedia":[{"embeddable":true,"href":"https:\/\/www.jornalja.com.br\/geral\/wp-json\/wp\/v2\/media\/96798"}],"wp:attachment":[{"href":"https:\/\/www.jornalja.com.br\/geral\/wp-json\/wp\/v2\/media?parent=96791"}],"wp:term":[{"taxonomy":"category","embeddable":true,"href":"https:\/\/www.jornalja.com.br\/geral\/wp-json\/wp\/v2\/categories?post=96791"},{"taxonomy":"post_tag","embeddable":true,"href":"https:\/\/www.jornalja.com.br\/geral\/wp-json\/wp\/v2\/tags?post=96791"}],"curies":[{"name":"wp","href":"https:\/\/api.w.org\/{rel}","templated":true}]}}