{"id":97047,"date":"2024-02-08T18:30:53","date_gmt":"2024-02-08T21:30:53","guid":{"rendered":"https:\/\/www.jornalja.com.br\/geral\/?p=97047"},"modified":"2024-03-01T15:10:02","modified_gmt":"2024-03-01T18:10:02","slug":"movimento-aponta-falta-de-informacoes-e-de-garantias-no-leilao-do-cais-maua","status":"publish","type":"post","link":"https:\/\/www.jornalja.com.br\/geral\/movimento-aponta-falta-de-informacoes-e-de-garantias-no-leilao-do-cais-maua\/","title":{"rendered":"Movimento aponta falta de informa\u00e7\u00f5es e de garantias no leil\u00e3o do Cais Mau\u00e1"},"content":{"rendered":"<p>Os movimentos comunit\u00e1rios e ambientalistas que participam ativamente do processo de concess\u00e3o do cais principal de Porto Alegre (Cais Mau\u00e1) lan\u00e7aram, nesta quinta-feira, uma &#8220;nota \u00e0 sociedade ga\u00facha&#8221;, criticando a falta de transpar\u00eancia, as concess\u00f5es excessivas para o investidor privado, a falta de garantias e alertando para os riscos ao patrim\u00f4nio p\u00fablico.\u00a0 Leia a \u00edntegra:<\/p>\n<p><strong>Sobre o leil\u00e3o do Cais do Porto de Porto Alegre<\/strong><\/p>\n<p>Dia 6 de fevereiro de 2024, assistimos ao leil\u00e3o do Cais do Porto de Porto Alegre, arrematado por lance m\u00ednimo, sem concorr\u00eancia. Trata-se do terceiro leil\u00e3o do mesmo objeto, depois que o Cons\u00f3rcio Cais Mau\u00e1 do Brasil teve seu contrato rescindido em 2019.<\/p>\n<p>Este leil\u00e3o foi antecedido por um anterior, deserto, e pelo adiamento de outro, possibilitando \u201cadequar\u201d o edital para ser mais atrativo para o mercado, segundo explica\u00e7\u00f5es do Governo do Estado do RS. Parece que n\u00e3o funcionou.<\/p>\n<p>Tr\u00eas pontos em particular nos preocupam: 1) o fato de que nenhuma das empresas \u00e9 reconhecida; 2) nenhuma delas apresenta expertise no assunto; e 3) pouco, ou nada, se sabe sobre o \u201cCNPJ proponente\u201d, como saiu na imprensa. Tampouco se tem informa\u00e7\u00f5es acerca do &#8220;projeto n\u00e3o convencional&#8221;, conforme declara\u00e7\u00e3o do representante do cons\u00f3rcio vencedor.<\/p>\n<p>O resultado do leil\u00e3o, com lance m\u00ednimo de \u00fanico concorrente, implica na diminui\u00e7\u00e3o significativa dos fundos para as contas de ajuste e de encargos, que seriam mecanismos de seguran\u00e7a financeira para o contrato e de apoio \u00e0s atividades culturais e de economia criativa. Al\u00e9m disso, n\u00e3o se tem publicizadas as garantias que ser\u00e3o dadas pelo cons\u00f3rcio vencedor para que o bem p\u00fablico n\u00e3o seja solapado como ocorreu\u00a0 anteriormente.<\/p>\n<p>Seguramente h\u00e1 outras maneiras de realizar os destinos daquela \u00e1rea nobre, bem melhores do que sua entrega a investidores privados. Lastimamos que o governo do estado n\u00e3o tenha dado ouvidos \u00e0 sociedade em todo este processo.<\/p>\n<p>Propomos a retomada do di\u00e1logo entre poder p\u00fablico e sociedade, visando a viabiliza\u00e7\u00e3o ao menos dos armaz\u00e9ns A e B e do P\u00f3rtico p\u00fablicos e com ocupa\u00e7\u00e3o por atividades culturais, atrav\u00e9s da elabora\u00e7\u00e3o de proposta de cogest\u00e3o entre Estado e Sociedade Civil para o controle do cumprimento do contrato pelo hipot\u00e9tico futuro concession\u00e1rio e para o uso dos espa\u00e7os sob gest\u00e3o p\u00fablica.<\/p>\n<p>Entendemos que a restaura\u00e7\u00e3o e adapta\u00e7\u00e3o de nosso patrim\u00f4nio para uso p\u00fablico e cultural, como definido pelo edital, devem ser encaminhados independentemente das etapas de implanta\u00e7\u00e3o da privatiza\u00e7\u00e3o, pois est\u00e3o \u00e0 merc\u00ea ainda de decis\u00f5es judiciais e de hipot\u00e9tica capta\u00e7\u00e3o de recursos. Isso j\u00e1 ocorreu e conhecemos o resultado: Cais do Porto abandonado e patrim\u00f4nio deteriorando-se h\u00e1 mais de uma d\u00e9cada.<\/p>\n<p>Os coletivos que assinam essa manifesta\u00e7\u00e3o se colocam \u00e0 disposi\u00e7\u00e3o do Governo do Estado para a constru\u00e7\u00e3o de instrumentos que permitam o restauro e adapta\u00e7\u00e3o do patrim\u00f4nio nacional que s\u00e3o os armaz\u00e9ns A e B e P\u00f3rtico, para ocupa\u00e7\u00e3o imediata, atrav\u00e9s da utiliza\u00e7\u00e3o de linhas de financiamento do BNDES destinadas a economia da cultura e outras fontes, com apoio t\u00e9cnico do IPHAN e UFRGS.<\/p>\n<p>No momento em que reiteramos nosso programa e nossa disposi\u00e7\u00e3o ao di\u00e1logo e \u00e0 coopera\u00e7\u00e3o, reafirmamos nossa postura l\u00facida e cr\u00edtica diante de todos os processos que envolvem o Cais.<\/p>\n<p>Queremos os Armaz\u00e9ns e P\u00f3rtico do Porto de Porto Alegre devolvidos \u00e0 popula\u00e7\u00e3o do RS como equipamentos p\u00fablicos culturais j\u00e1!<\/p>\n<p>&nbsp;<\/p>\n<p><strong>Coletivo Cais Cultural J\u00e1\u00a0<\/strong><\/p>\n<p><strong>Projeto de Extens\u00e3o UFRGS: Ocupa\u00e7\u00e3o Cultural dos Armaz\u00e9ns do Cais de Porto Alegre<\/strong><\/p>\n<p><strong>Projeto de Extens\u00e3o Pr\u00e1ticas do Patrim\u00f4nio Insurgente_UFRGS<\/strong><\/p>\n<p><strong>Associa\u00e7\u00e3o de Amigos do Cais &#8211; AMACAIS<\/strong><\/p>\n<p><strong>Porto Alegre, 8 de fevereiro de 2024<\/strong><\/p>\n","protected":false},"excerpt":{"rendered":"<p>Os movimentos comunit\u00e1rios e ambientalistas que participam ativamente do processo de concess\u00e3o do cais principal de Porto Alegre (Cais Mau\u00e1) lan\u00e7aram, nesta quinta-feira, uma &#8220;nota \u00e0 sociedade ga\u00facha&#8221;, criticando a falta de transpar\u00eancia, as concess\u00f5es excessivas para o investidor privado, a falta de garantias e alertando para os riscos ao patrim\u00f4nio p\u00fablico.\u00a0 Leia a \u00edntegra: [&hellip;]<\/p>\n","protected":false},"author":4,"featured_media":97048,"comment_status":"closed","ping_status":"open","sticky":false,"template":"","format":"standard","meta":{"jetpack_post_was_ever_published":false,"_jetpack_newsletter_access":"","_jetpack_dont_email_post_to_subs":false,"_jetpack_newsletter_tier_id":0,"_jetpack_memberships_contains_paywalled_content":false,"_jetpack_memberships_contains_paid_content":false,"footnotes":"","jetpack_publicize_message":"","jetpack_publicize_feature_enabled":true,"jetpack_social_post_already_shared":true,"jetpack_social_options":{"image_generator_settings":{"template":"highway","default_image_id":0,"font":"","enabled":false},"version":2}},"categories":[2],"tags":[113,238,108,86,7,500,236,283,560,4,554,373,356,132,335,488,161,15,149,361,95,530,162],"class_list":["post-97047","post","type-post","status-publish","format-standard","has-post-thumbnail","hentry","category-geral","tag-amacais","tag-brasil","tag-cais-maua","tag-cultura","tag-economia","tag-etica","tag-governo","tag-governo-do-estado","tag-iab","tag-imprensa","tag-iphan","tag-leilao","tag-mel","tag-porto-alegre","tag-privatizacao","tag-projeto","tag-pt","tag-rs","tag-sc","tag-seguranca","tag-sp","tag-stu","tag-ufrgs"],"aioseo_notices":[],"jetpack_publicize_connections":[],"jetpack_featured_media_url":"https:\/\/www.jornalja.com.br\/geral\/wp-content\/uploads\/sites\/4\/2024\/02\/cais-maua-portico-com-logo.jpg","jetpack_shortlink":"https:\/\/wp.me\/pbKhrD-pfh","jetpack-related-posts":[{"id":100898,"url":"https:\/\/www.jornalja.com.br\/geral\/porto-alegre-grupo-de-santa-catarina-arremata-por-r-10-mil-o-que-resta-do-porto\/","url_meta":{"origin":97047,"position":0},"title":"Porto Alegre: grupo de Santa Catarina arremata por R$ 10 mil o que resta do porto","author":"Elmar Bones","date":"1 de mar\u00e7o de 2026","format":false,"excerpt":"O Cais Navegantes, o \u00faltimo dos terminais portu\u00e1rios de Porto Alegre capaz de receber embarca\u00e7\u00f5es de grande porte, foi arrematado em leil\u00e3o na Bolsa de Valores de S\u00e3o Paulo, nesta sexta-feira, 27 de fevereiro de 2026. Com um lance de R$ 10 mil, o\u00a0Cons\u00f3rcio Portos do Sul, de Santa Catarina,\u2026","rel":"","context":"Em &quot;Geral-MAT\u00c9RIA&quot;","block_context":{"text":"Geral-MAT\u00c9RIA","link":"https:\/\/www.jornalja.com.br\/geral\/category\/geral\/"},"img":{"alt_text":"","src":"https:\/\/i0.wp.com\/www.jornalja.com.br\/geral\/wp-content\/uploads\/sites\/4\/2026\/03\/porto-porto-alegre.jpeg?resize=350%2C200&ssl=1","width":350,"height":200,"srcset":"https:\/\/i0.wp.com\/www.jornalja.com.br\/geral\/wp-content\/uploads\/sites\/4\/2026\/03\/porto-porto-alegre.jpeg?resize=350%2C200&ssl=1 1x, https:\/\/i0.wp.com\/www.jornalja.com.br\/geral\/wp-content\/uploads\/sites\/4\/2026\/03\/porto-porto-alegre.jpeg?resize=525%2C300&ssl=1 1.5x, https:\/\/i0.wp.com\/www.jornalja.com.br\/geral\/wp-content\/uploads\/sites\/4\/2026\/03\/porto-porto-alegre.jpeg?resize=700%2C400&ssl=1 2x"},"classes":[]},{"id":100773,"url":"https:\/\/www.jornalja.com.br\/geral\/cais-maua-dois-anos-depois-da-concessao-e-incerto-futuro-do-projeto\/","url_meta":{"origin":97047,"position":1},"title":"Cais Mau\u00e1: dois anos depois da concess\u00e3o, \u00e9 incerto futuro do projeto","author":"Elmar Bones","date":"18 de fevereiro de 2026","format":false,"excerpt":"Dois anos depois da concess\u00e3o do Cais Mau\u00e1 a um cons\u00f3rcio privado, \u00e9 incerto o futuro do projeto para devolver \u00e0 popula\u00e7\u00e3o aquela \u00e1rea simb\u00f3lica de Porto Alegre, abandonada h\u00e1 mais de 30 anos. Come\u00e7a que o contrato que formaliza a concess\u00e3o ainda n\u00e3o foi assinado. Em entrevista ao Jornal\u2026","rel":"","context":"Em &quot;Geral-MAT\u00c9RIA&quot;","block_context":{"text":"Geral-MAT\u00c9RIA","link":"https:\/\/www.jornalja.com.br\/geral\/category\/geral\/"},"img":{"alt_text":"","src":"https:\/\/i0.wp.com\/www.jornalja.com.br\/geral\/wp-content\/uploads\/sites\/4\/2026\/02\/cais-armazens2-scaled-1.jpeg?resize=350%2C200&ssl=1","width":350,"height":200,"srcset":"https:\/\/i0.wp.com\/www.jornalja.com.br\/geral\/wp-content\/uploads\/sites\/4\/2026\/02\/cais-armazens2-scaled-1.jpeg?resize=350%2C200&ssl=1 1x, https:\/\/i0.wp.com\/www.jornalja.com.br\/geral\/wp-content\/uploads\/sites\/4\/2026\/02\/cais-armazens2-scaled-1.jpeg?resize=525%2C300&ssl=1 1.5x, https:\/\/i0.wp.com\/www.jornalja.com.br\/geral\/wp-content\/uploads\/sites\/4\/2026\/02\/cais-armazens2-scaled-1.jpeg?resize=700%2C400&ssl=1 2x"},"classes":[]},{"id":100941,"url":"https:\/\/www.jornalja.com.br\/geral\/concessao-do-cais-maua-trava-de-novo\/","url_meta":{"origin":97047,"position":2},"title":"Concess\u00e3o do Cais Mau\u00e1 trava, de novo","author":"da Reda\u00e7\u00e3o","date":"12 de mar\u00e7o de 2026","format":false,"excerpt":"A concess\u00e3o do Cais Mau\u00e1 vive um novo impasse. O cons\u00f3rcio\u00a0Pulsa RS, vencedor da licita\u00e7\u00e3o, solicitou ao governo ga\u00facho a prorroga\u00e7\u00e3o do prazo para a assinatura final do contrato, prevista para quarta-feira, 11 de mar\u00e7o. Com isso, o grupo fica dispensado, por ora, do pagamento de mais de R$ 11\u2026","rel":"","context":"Em &quot;Geral-MAT\u00c9RIA&quot;","block_context":{"text":"Geral-MAT\u00c9RIA","link":"https:\/\/www.jornalja.com.br\/geral\/category\/geral\/"},"img":{"alt_text":"","src":"https:\/\/i0.wp.com\/www.jornalja.com.br\/geral\/wp-content\/uploads\/sites\/4\/2026\/02\/cais-armazens2-scaled-1.jpeg?resize=350%2C200&ssl=1","width":350,"height":200,"srcset":"https:\/\/i0.wp.com\/www.jornalja.com.br\/geral\/wp-content\/uploads\/sites\/4\/2026\/02\/cais-armazens2-scaled-1.jpeg?resize=350%2C200&ssl=1 1x, https:\/\/i0.wp.com\/www.jornalja.com.br\/geral\/wp-content\/uploads\/sites\/4\/2026\/02\/cais-armazens2-scaled-1.jpeg?resize=525%2C300&ssl=1 1.5x, https:\/\/i0.wp.com\/www.jornalja.com.br\/geral\/wp-content\/uploads\/sites\/4\/2026\/02\/cais-armazens2-scaled-1.jpeg?resize=700%2C400&ssl=1 2x"},"classes":[]},{"id":100606,"url":"https:\/\/www.jornalja.com.br\/geral\/financeira-ligada-ao-master-administrou-fundo-do-cais-maua-de-onde-sumiram-r-130-milhoes\/","url_meta":{"origin":97047,"position":3},"title":"Financeira ligada ao Master administrou Fundo do Cais Mau\u00e1 de onde sumiram R$ 130 milh\u00f5es","author":"Elmar Bones","date":"17 de janeiro de 2026","format":false,"excerpt":"A REAG Investimentos, que teve sua liquida\u00e7\u00e3o decretada pelo Banco Central esta semana, deixou um rastro de milh\u00f5es no Rio Grande do Sul. Em mar\u00e7o de 2018, ela assumiu a gest\u00e3o do Fundo de Investimentos em Participa\u00e7\u00f5es do Cais Mau\u00e1, o principal cais de Porto Alegre, desativado e, desde 2010,\u2026","rel":"","context":"Em &quot;Geral-MAT\u00c9RIA&quot;","block_context":{"text":"Geral-MAT\u00c9RIA","link":"https:\/\/www.jornalja.com.br\/geral\/category\/geral\/"},"img":{"alt_text":"","src":"https:\/\/i0.wp.com\/www.jornalja.com.br\/geral\/wp-content\/uploads\/sites\/4\/2026\/01\/cais-maua-portico-com-logo.jpg?resize=350%2C200&ssl=1","width":350,"height":200,"srcset":"https:\/\/i0.wp.com\/www.jornalja.com.br\/geral\/wp-content\/uploads\/sites\/4\/2026\/01\/cais-maua-portico-com-logo.jpg?resize=350%2C200&ssl=1 1x, https:\/\/i0.wp.com\/www.jornalja.com.br\/geral\/wp-content\/uploads\/sites\/4\/2026\/01\/cais-maua-portico-com-logo.jpg?resize=525%2C300&ssl=1 1.5x, https:\/\/i0.wp.com\/www.jornalja.com.br\/geral\/wp-content\/uploads\/sites\/4\/2026\/01\/cais-maua-portico-com-logo.jpg?resize=700%2C400&ssl=1 2x, https:\/\/i0.wp.com\/www.jornalja.com.br\/geral\/wp-content\/uploads\/sites\/4\/2026\/01\/cais-maua-portico-com-logo.jpg?resize=1050%2C600&ssl=1 3x"},"classes":[]},{"id":100707,"url":"https:\/\/www.jornalja.com.br\/geral\/caso-master-cais-maua-foi-laboratorio-do-esquema-que-lesou-100-fundos-de-previdencia\/","url_meta":{"origin":97047,"position":4},"title":"Caso Master: Cais Mau\u00e1 foi laborat\u00f3rio do esquema que lesou 100 fundos de previd\u00eancia","author":"Elmar Bones","date":"9 de fevereiro de 2026","format":false,"excerpt":"As investiga\u00e7\u00f5es da\u00a0Pol\u00edcia Federal\u00a0que levaram \u00e0 pris\u00e3o do empres\u00e1rio Jo\u00e3o Carlos Mansur, indicam que o\u00a0Fundo Cais Mau\u00e1\u00a0foi um ensaio do esquema fraudulento que carreou R$ 17 bilh\u00f5es dos fundos de previd\u00eancia para os pap\u00e9is podres do banco Master. Segundo a Pol\u00edcia Federal, mais de 100 fundos colocaram dinheiro em carteiras\u2026","rel":"","context":"Em &quot;Geral-MAT\u00c9RIA&quot;","block_context":{"text":"Geral-MAT\u00c9RIA","link":"https:\/\/www.jornalja.com.br\/geral\/category\/geral\/"},"img":{"alt_text":"","src":"https:\/\/i0.wp.com\/www.jornalja.com.br\/geral\/wp-content\/uploads\/sites\/4\/2026\/01\/cais-maua-portico-com-logo.jpg?resize=350%2C200&ssl=1","width":350,"height":200,"srcset":"https:\/\/i0.wp.com\/www.jornalja.com.br\/geral\/wp-content\/uploads\/sites\/4\/2026\/01\/cais-maua-portico-com-logo.jpg?resize=350%2C200&ssl=1 1x, https:\/\/i0.wp.com\/www.jornalja.com.br\/geral\/wp-content\/uploads\/sites\/4\/2026\/01\/cais-maua-portico-com-logo.jpg?resize=525%2C300&ssl=1 1.5x, https:\/\/i0.wp.com\/www.jornalja.com.br\/geral\/wp-content\/uploads\/sites\/4\/2026\/01\/cais-maua-portico-com-logo.jpg?resize=700%2C400&ssl=1 2x, https:\/\/i0.wp.com\/www.jornalja.com.br\/geral\/wp-content\/uploads\/sites\/4\/2026\/01\/cais-maua-portico-com-logo.jpg?resize=1050%2C600&ssl=1 3x"},"classes":[]},{"id":96693,"url":"https:\/\/www.jornalja.com.br\/geral\/cheias-do-guaiba-inundaram-o-projeto-cais-maua\/","url_meta":{"origin":97047,"position":5},"title":"Cheias do Gua\u00edba inundaram o projeto Cais Mau\u00e1  \u00a0","author":"Elmar Bones","date":"18 de dezembro de 2023","format":false,"excerpt":"O governo do Estado adiou pela terceira vez o leil\u00e3o de concess\u00e3o do Cais Mau\u00e1, remarcando para 6 de fevereiro. O notici\u00e1rio oficial informa que \u00a0\"o adiamento ocorreu a pedido de interessados na concorr\u00eancia\u201d. Al\u00e9m dos supostos \u201cinteressados\u201d, que seriam tr\u00eas, o secret\u00e1rio Pedro Capeluppi\u00a0 disse que \u201cv\u00e1rios pedidos de\u2026","rel":"","context":"Em &quot;Geral-MAT\u00c9RIA&quot;","block_context":{"text":"Geral-MAT\u00c9RIA","link":"https:\/\/www.jornalja.com.br\/geral\/category\/geral\/"},"img":{"alt_text":"","src":"https:\/\/i0.wp.com\/www.jornalja.com.br\/geral\/wp-content\/uploads\/sites\/4\/2023\/12\/cais-maua-torres.png?resize=350%2C200&ssl=1","width":350,"height":200,"srcset":"https:\/\/i0.wp.com\/www.jornalja.com.br\/geral\/wp-content\/uploads\/sites\/4\/2023\/12\/cais-maua-torres.png?resize=350%2C200&ssl=1 1x, https:\/\/i0.wp.com\/www.jornalja.com.br\/geral\/wp-content\/uploads\/sites\/4\/2023\/12\/cais-maua-torres.png?resize=525%2C300&ssl=1 1.5x"},"classes":[]}],"jetpack_sharing_enabled":true,"_links":{"self":[{"href":"https:\/\/www.jornalja.com.br\/geral\/wp-json\/wp\/v2\/posts\/97047","targetHints":{"allow":["GET"]}}],"collection":[{"href":"https:\/\/www.jornalja.com.br\/geral\/wp-json\/wp\/v2\/posts"}],"about":[{"href":"https:\/\/www.jornalja.com.br\/geral\/wp-json\/wp\/v2\/types\/post"}],"author":[{"embeddable":true,"href":"https:\/\/www.jornalja.com.br\/geral\/wp-json\/wp\/v2\/users\/4"}],"replies":[{"embeddable":true,"href":"https:\/\/www.jornalja.com.br\/geral\/wp-json\/wp\/v2\/comments?post=97047"}],"version-history":[{"count":2,"href":"https:\/\/www.jornalja.com.br\/geral\/wp-json\/wp\/v2\/posts\/97047\/revisions"}],"predecessor-version":[{"id":97052,"href":"https:\/\/www.jornalja.com.br\/geral\/wp-json\/wp\/v2\/posts\/97047\/revisions\/97052"}],"wp:featuredmedia":[{"embeddable":true,"href":"https:\/\/www.jornalja.com.br\/geral\/wp-json\/wp\/v2\/media\/97048"}],"wp:attachment":[{"href":"https:\/\/www.jornalja.com.br\/geral\/wp-json\/wp\/v2\/media?parent=97047"}],"wp:term":[{"taxonomy":"category","embeddable":true,"href":"https:\/\/www.jornalja.com.br\/geral\/wp-json\/wp\/v2\/categories?post=97047"},{"taxonomy":"post_tag","embeddable":true,"href":"https:\/\/www.jornalja.com.br\/geral\/wp-json\/wp\/v2\/tags?post=97047"}],"curies":[{"name":"wp","href":"https:\/\/api.w.org\/{rel}","templated":true}]}}