{"id":97087,"date":"2024-03-18T09:58:47","date_gmt":"2024-03-18T12:58:47","guid":{"rendered":"https:\/\/www.jornalja.com.br\/geral\/?p=97087"},"modified":"2024-03-25T16:15:44","modified_gmt":"2024-03-25T19:15:44","slug":"lula-sobre-queda-na-aprovacao-nao-entreguei-o-que-prometi","status":"publish","type":"post","link":"https:\/\/www.jornalja.com.br\/geral\/lula-sobre-queda-na-aprovacao-nao-entreguei-o-que-prometi\/","title":{"rendered":"Lula sobre queda na popularidade: &#8220;N\u00e3o entreguei o que prometi&#8221;"},"content":{"rendered":"<p>Em seu discurso na Fiergs, sexta- feira, 15, Lula disse que a explica\u00e7\u00e3o para a queda na aprova\u00e7\u00e3o e aumento da rejei\u00e7\u00e3o e seu governo, apontada nas ultimas\u00a0 pesquisas, \u00e9 simplesl: &#8220;\u00c9 porque eu t\u00f4 aqu\u00e9m do que o povo esperava que eu tivesse. Eu n\u00e3o t\u00f4 cumprindo aquilo que eu prometi, e eu tenho consci\u00eancia que eu n\u00e3o t\u00f4 cumprindo&#8221;. E prometeu: &#8220;Este ano a gente come\u00e7a a colher o que plantou.<\/p>\n<p><strong>Leia a \u00edntegra do discurso do presidente:<\/strong><\/p>\n<p>&#8220;Eu vou, primeiro, pedir desculpas aos companheiros da mesa de n\u00e3o ler uma nominata aqui porque ningu\u00e9m aqui \u00e9 candidato e, portanto, eu n\u00e3o tenho que ler a nominata&#8221;.<\/p>\n<p>(<strong>Observa\u00e7\u00e3o:<\/strong> havia pelo menos dois candidatos presentes,\u00a0 a deputada Maria do Ros\u00e1rio, candidata do PT \u00e0 prefeitura de Porto Alegre e o o prefeito Sebasti\u00e3o Melo, candidat\u00edssimo \u00e0 reelei\u00e7\u00e3o)<\/p>\n<p>Lula agradeceu &#8220;ao presidente da Federa\u00e7\u00e3o das Ind\u00fastrias do Rio Grande do Sul a gentileza de ter cedido esse espa\u00e7o aqui para que a gente pudesse fazer uma esp\u00e9cie de presta\u00e7\u00e3o de contas&#8221;.<\/p>\n<p>&#8220;Isso aqui, na verdade, \u00e9 uma entrevista coletiva que a gente quer fazer para que o Governo Federal preste contas das coisas que ele est\u00e1 fazendo&#8221;.<\/p>\n<p><strong>(Observa\u00e7\u00e3o:<\/strong> depois da fala de Lula os ministros ficaram \u00e0 disposi\u00e7\u00e3o da imprensa, mas o notici\u00e1rio demonstra que houve pouco interesse na presta\u00e7\u00e3o de contas).<\/p>\n<p>&#8220;E por que que n\u00f3s decidimos assim? Porque o Brasil costuma ter alguns tipos de pol\u00edticos diferenciados. Tem um tipo de pol\u00edtico que gosta de fazer algumas obras apenas no \u00faltimo ano de mandato. Ele passa o ano inteiro fazendo caixa, o ano inteiro fazendo caixa e, quando chega no final do ano, no \u00faltimo ano, ele ent\u00e3o resolve desovar o caixa para ver se ganha as elei\u00e7\u00f5es. Tem outro tipo de pol\u00edtico que costuma, perto das elei\u00e7\u00f5es, colocar guia, sarjeta, poste, como se fosse melhorar as coisas, e quando termina as elei\u00e7\u00f5es retira. Tem um outro tipo de pol\u00edtico que, quando n\u00e3o faz nada, ele inventa briga, ele mente, ele provoca, ele monta uma f\u00e1brica de fake news para n\u00e3o ter que ser justificado por cobran\u00e7a de nenhuma obra&#8221;.<\/p>\n<p>&#8221; Quando voc\u00ea chega no estado, governador, e eu fa\u00e7o isso sempre, e eu pergunto assim: eu gostaria que quem tivesse no plen\u00e1rio mostrasse uma obra que foi feita no governo passado. Uma, uma obra. N\u00e3o precisa duas, uma s\u00f3. N\u00e3o tem, efetivamente, quase nada que foi feito&#8221;.<\/p>\n<p>Observa\u00e7ao: Depois de comparar a ina\u00e7\u00e3o do governo Bolsonaro com j\u00e1 fez em 15 meses de mandato<\/p>\n<p>&#8220;Na \u00e1rea do transporte, n\u00f3s, somente em 2023, fizemos s\u00f3 num ano mais do que foi feito em quatro anos do governo passado na \u00e1rea de transporte, na quest\u00e3o de rodovia e ferrovia. Isso numa demonstra\u00e7\u00e3o de que voc\u00ea n\u00e3o tem o que mostrar, voc\u00ea n\u00e3o tem o que fazer, ent\u00e3o voc\u00ea arruma briga. Todo dia voc\u00ea briga com algu\u00e9m, todo dia voc\u00ea xinga algu\u00e9m, todo dia voc\u00ea provoca a imprensa, todo dia voc\u00ea arruma briga com os governadores. Voc\u00ea viveu isso, o governador, o Rui Costa viveu isso, o Camilo viveu isso, o Waldez viveu isso. Quem foi governador comeu o p\u00e3o que o diabo amassou. Porque, para n\u00e3o passar recursos, ele arrumava briga&#8221;.<\/p>\n<p>Bem, e tem um outro tipo de governo que gosta de mostrar o que faz.<\/p>\n<p>Eu esqueci que eu n\u00e3o queria fazer a maior nominata, mas eu n\u00e3o posso deixar de\u00a0 citar meus companheiros Tarso Genro e Ol\u00edvio Dutra, a quem eu agrade\u00e7o a presen\u00e7a de voc\u00eas aqui. E dizer para voc\u00eas que, quando eu terminei o governo em 2010, a Dilma era chefe da Casa Civil e a Miriam Belchior trabalhava com a Dilma, que hoje trabalha com o Rui Costa, e eu pedi para que a gente registrasse em cart\u00f3rio tudo que a gente tinha feito, de 1\u00ba de janeiro de 2003 ao dia 31 de dezembro de 2010. Quem quiser saber o que foi feito nos meus governos, de 2003 a 2010, est\u00e1 registrado em cart\u00f3rio e foi pedido para distribuir pelo menos um volume para cada universidade brasileira saber cada coisa que tinha sido conclu\u00edda.<\/p>\n<p>E n\u00f3s prest\u00e1vamos conta a cada tr\u00eas meses numa entrevista coletiva e, muitas vezes, a imprensa com muito pouco interesse de tudo que estava feito: \u201cComo \u00e9 que t\u00e1 a obra, por que que est\u00e1 paralisada, por que que andou, porque que n\u00e3o andou?\u201d Ou seja, porque normalmente n\u00e3o \u00e9 culpa de ningu\u00e9m individualmente, mas \u00e9 uma coisa do DNA, a imprensa tem um tes\u00e3o maior pela coisa ruim do que pela coisa boa. Porque a coisa boa \u00e9 obriga\u00e7\u00e3o fazer, a coisa ruim n\u00e3o \u00e9. Ent\u00e3o, vamos dar destaque na coisa ruim.<\/p>\n<p>O governador falou que sempre termina pedindo alguma coisa. Isso \u00e9 bom quando agradece e depois pede. Duro \u00e9 quando nem agradece e j\u00e1 pede. Ent\u00e3o, a ideia aqui. Depois dessa exposi\u00e7\u00e3o que foi feita, os ministros que falaram v\u00e3o ficar aqui, a imprensa vai ter o direito de fazer as perguntas que quiserem fazer e os ministros v\u00e3o responder as perguntas. Essa \u00e9 a finalidade desse ato aqui. \u00c9 uma presta\u00e7\u00e3o de conta para os estados. Por qu\u00ea? Porque o Tarso Genro era a pessoa que mais falava em republicanidade. \u201cTem que ser republicano, tem que ser republicano\u201d. E, \u00e0s vezes, ser republicano tem um pre\u00e7o.<\/p>\n<p>Eu vou lhe dar dois exemplos. O PAC Sele\u00e7\u00f5es, ele d\u00e1 um pre\u00e7o pra n\u00f3s. Porque, habitualmente, o Governo Federal atende os seus amigos. Aos advers\u00e1rios, aos inimigos, nada. Sempre foi assim no Brasil. Sempre foi assim. E quando a gente resolve mudar, a gente tem um pre\u00e7o.<\/p>\n<p>&#8220;N\u00f3s estamos anunciando 100 novos Institutos Federais. N\u00f3s temos que fazer uma sele\u00e7\u00e3o para saber aonde a gente vai aplicar esses institutos. Qual \u00e9 o crit\u00e9rio adotado? O crit\u00e9rio adotado \u00e9 fazer o mapeamento em cada estado para saber qual \u00e9 a zona do estado que est\u00e1 com defici\u00eancia naquele tipo de escola&#8221;.<\/p>\n<p>E por isso n\u00f3s fizemos uma sele\u00e7\u00e3o em fun\u00e7\u00e3o da necessidade de preencher os vazios educacionais. Ora, quando voc\u00ea faz isso, voc\u00ea pode fazer com que uma escola caia numa cidade de um cara que \u00e9 teu inimigo, um cara que fala mal de voc\u00ea todo dia. E \u00e0s vezes um cara que fala bem de voc\u00ea est\u00e1 um pouco ali a 50 km e ele fica puto na vida. P\u00f4, como \u00e9 que esse Lula vai fazer na cidade do cara que fala mal dele e eu que falo bem n\u00e3o vou ter? \u00c9 um crit\u00e9rio que a gente adota de republicanismo que \u00e0s vezes nos causa preju\u00edzo.<\/p>\n<p>Mas que n\u00f3s temos que ter uma forma coerente de fazer um processo de sele\u00e7\u00e3o at\u00e9 pra ver se a gente muda o comportamento pol\u00edtico nesse pa\u00eds. Eu, governador, fui presidente oito anos e \u00e0s vezes tinha governador que as ambul\u00e2ncias do SAMU, as ambul\u00e2ncias do SAMU era do jeito que \u00e9 hoje, mas tinha governador que pintava de verde pra n\u00e3o colocar nada no Governo Federal. Tinha governador que eu ia no estado, no trajeto do aeroporto at\u00e9 onde eu ia inaugurar a obra, tinha placa \u201cGoverno Federal, Governo Estadual, Governo Federal, Governo Estadual\u201d. Quando eu virava as costas, tirava tudo do Governo Federal, ficava s\u00f3 Governo Estadual. Eu acho que essa n\u00e3o \u00e9 uma forma honesta da gente, de forma civilizada, manter uma rela\u00e7\u00e3o entre os entes federados.<\/p>\n<p>O correto \u00e9 que a gente seja o mais verdadeiro poss\u00edvel. Ent\u00e3o, a gente quer construir parceria, a gente n\u00e3o tem interesse de fazer todas as obras sozinho, muitas vezes a gente passa as obras para que o governo do estado administre, a prefeitura. Essa \u00e9 uma forma republicana da gente mudar e dar uma certa civilidade \u00e0 administra\u00e7\u00e3o p\u00fablica brasileira, sobretudo no momento em que a pol\u00edtica no mundo inteiro est\u00e1 tomada pelo \u00f3dio. A pol\u00edtica est\u00e1 tomada por um \u00f3dio que, certamente, a maioria de voc\u00eas que fazem pol\u00edtica aqui nunca tinha vivido isso.<\/p>\n<p>O Ol\u00edvio Dutra e eu talvez sejamos os mais idosos aqui, os mais experientes. Mas a gente n\u00e3o estava acostumado a fazer pol\u00edtica assim. A gente tinha advers\u00e1rio, a gente brigava, eles falavam mal da gente, a gente falava mal deles, mas depois que terminavam os atos, a gente at\u00e9 se encontrava e quem sabe, se fosse aqui no Sul, tomava um chimarr\u00e3o junto, colocando a boca na mesma cuia, sem nenhum problema. Ou seja, a gente vai ver um jogo Internacional e Gr\u00eamio, n\u00e3o importa quem ganhe, \u00e9 plenamente poss\u00edvel que um gremista e um internacional sentem numa mesa para tomar um chope e discutir. Isso acabou no Brasil, acabou nos Estados Unidos. T\u00e1 acabando em Portugal, acabou na Espanha, acabou em outros pa\u00edses. E t\u00e1 acabando em muitos outros pa\u00edses, Tarso Genro.<\/p>\n<p>A democracia est\u00e1 correndo risco, possivelmente, porque n\u00f3s mudamos de comportamento. A esquerda e os setores progressistas antes criticavam o sistema, na hora que ele ganha as elei\u00e7\u00f5es eles passam a fazer parte do sistema e a direita que fica fora vira contra o sistema. Quem \u00e9 contra o sistema hoje que critica tudo \u00e9 o Milei, na Argentina. At\u00e9 o Banco Central ele quer fechar, quer cortar tudo com serrote. \u00c9 aqui o Bolsonaro, que eu n\u00e3o queria falar o nome dele, mas \u00e9 a nega\u00e7\u00e3o. At\u00e9 hoje ele n\u00e3o reconhece a derrota dele, at\u00e9 hoje n\u00e3o reconhece a derrota. Outro dia ele falou: \u201ceu n\u00e3o sei como perdi\u201d. Ele n\u00e3o sabe como perdeu porque ele gastou quase R$ 300 bilh\u00f5es e achava que n\u00e3o ia perder, e perdeu.<\/p>\n<p>Ent\u00e3o, quando eu, aos meus 78 anos de idade, jovem, bonito, olho para o mundo, eu vejo a democracia correndo risco, e eu vejo qual \u00e9 a resposta que a gente pode dar para a democracia. Eu fiz uma op\u00e7\u00e3o. Quando voc\u00ea ganha as elei\u00e7\u00f5es, voc\u00ea n\u00e3o tem tempo de ficar brigando, ficar todo dia falando mal do advers\u00e1rio, todo dia xingando. N\u00e3o, eu tenho que governar. E o mandato tem prazo de validade. Tem hora da entrada, que nem produto aliment\u00edcio. Tem hora da entrada e a hora da sa\u00edda. Eu tenho um compromisso de recuperar esse pa\u00eds economicamente. \u00c9 dar civilidade \u00e0queles que n\u00e3o t\u00eam civilidade hoje. \u00c9 recuperar o humanismo entre os seres humanos. E \u00e9 fazer com que as pessoas que foram esquecidas historicamente tenham, outra vez, vez e voz nesse pa\u00eds.<\/p>\n<p>\u00c9 muito? N\u00e3o! \u00c9 o m\u00ednimo necess\u00e1rio que a gente tem que fazer. \u00c9 a coisa mais simples e normal que n\u00f3s temos que fazer. \u00c9 respeitar o engajamento pol\u00edtico das mulheres. Essa quest\u00e3o de g\u00eanero n\u00e3o \u00e9 uma coisa trivial. N\u00f3s acabamos de aprovar uma lei de sal\u00e1rio igual, de trabalho igual, sal\u00e1rio igual. Tem muita gente entrando na justi\u00e7a para n\u00e3o aceitar a lei, porque a mulher ainda \u00e9 tratada como se fosse cidad\u00e3 de segunda classe. E n\u00f3s precisamos mudar. N\u00f3s vimos o que aconteceu com o Vini Jr. no jogo contra o Atl\u00e9tico de Madrid.<\/p>\n<p>Ou seja, esses fan\u00e1ticos, esses doentes, eles t\u00eam que perceber que quando eles v\u00eaem uma pessoa negra, n\u00e3o \u00e9 uma pessoa negra, \u00e9 um ser humano que est\u00e1 ali, independente da cor da pessoa. Independente se \u00e9 branco, se \u00e9 verde ou se \u00e9 amarelo, \u00e9 um ser humano e que a gente n\u00e3o tem que ficar colocando em quest\u00e3o as op\u00e7\u00f5es das pessoas para qualquer coisa, as escolhas das pessoas. Esse \u00e9 o desafio, meus companheiros e minhas companheiras, que a gente tem que fazer hoje \u00e9 lutar para recuperar o valor das institui\u00e7\u00f5es que s\u00e3o o garante da democracia. E eu s\u00f3 cheguei \u00e0 Presid\u00eancia da Rep\u00fablica por conta de uma coisa chamada democracia, porque sen\u00e3o um metal\u00fargico jamais seria presidente da oitava economia do mundo.<\/p>\n<p>Ent\u00e3o se a gente n\u00e3o valorizar isso, o que que a gente vai valorizar? Ent\u00e3o eu tenho que cumprir uma tarefa. Eu fico muito feliz porque o Alckmin \u00e9 uma esp\u00e9cie de alimento de expectativa positiva no meu lado. Por qu\u00ea? Porque ele s\u00f3 me d\u00e1 boa not\u00edcia. Ele e o F\u00e1varo, ultimamente, s\u00f3 me d\u00e3o boa not\u00edcia. Eu n\u00e3o sei se voc\u00eas sabem, o F\u00e1varo todo dia me liga: \u201cPresidente, mais um mercado. Presidente, mais um mercado. Presidente\u201d. Ol\u00edvio Dutra, n\u00f3s, do dia 1\u00ba de janeiro at\u00e9 hoje, n\u00f3s abrimos 98 novos mercados para os produtos brasileiros no exterior. Esta semana, o F\u00e1varo me ligou duas vezes. Primeiro, 10 horas da noite. \u201cPresidente, aconteceu uma coisa fenomenal. Nunca aconteceu na hist\u00f3ria do Brasil. Nunca antes.\u201d \u201cO que foi, F\u00e1varo?\u201d \u201cPresidente, a China abriu de uma vez s\u00f3 o reconhecimento para importar carne de 38 frigor\u00edficos brasileiros.\u201d<\/p>\n<p>No dia seguinte, ele me liga. \u201cPresidente, outra boa not\u00edcia. As Filipinas. Presidente, as Filipinas\u201d. E eu: \u201cO que tem as Filipinas, F\u00e1varo? As Filipinas, presidente, acabou de anunciar, abriu mercado para todos os frigor\u00edficos de frango e de porco nesse pa\u00eds, porque eles est\u00e3o com peste su\u00edna nas Filipinas e querem comprar carne no Brasil\u201d. Ent\u00e3o a gente est\u00e1 numa fase, a gente est\u00e1 numa fase de muita, mas de muita possibilidade da gente virar uma economia desenvolvida. E isso \u00e9 o que me incomoda. O que que me incomoda? \u00c9 que a gente tem pouco tempo, por isso a gente tem que trabalhar demais.<\/p>\n<p>Esses dias voc\u00eas viram que saiu uma pesquisa e a imprensa ficou incomodada. \u201cMas o Lula perdeu popularidade\u201d. A imprensa me perguntou: \u201co Lula perdeu popularidade\u201d. Eu falei: \u201cTudo bem. \u00c9 porque eu t\u00f4 aqu\u00e9m do que o povo esperava que eu tivesse.\u201d Eu n\u00e3o t\u00f4 cumprindo aquilo que eu prometi, e eu tenho consci\u00eancia que eu n\u00e3o t\u00f4 cumprindo. Porque quando eu planto um p\u00e9 de jabuticaba, eu n\u00e3o chupo a jabuticaba no dia seguinte. Eu tenho que esperar ela crescer, eu tenho que esperar ela aflorar, eu tenho que esperar brotar pra eu poder.<\/p>\n<p>E \u00e9 esse ano que a gente come\u00e7a a colher o que a gente plantou o ano inteiro, \u00e9 esse ano que a gente vai come\u00e7ar a colher tudo que n\u00f3s prometemos fazer a esse povo. E voc\u00eas pensam que eu parei de prometer? No lan\u00e7amento dos 100 institutos eu lembrei do T\u00falio Maravilha que queria marcar mil gols, lembrei do Pel\u00e9 que marcou mil e cento, duzentos e n\u00e3o sei quantos, e lembrei do Rom\u00e1rio que queria marcar mil gols. Eu falei pro Camilo: \u201cpois eu vou assumir o compromisso de fazer mil Institutos Federais nesse pa\u00eds\u201d. Quando eu cheguei na presid\u00eancia, o Brasil tinha 140 Institutos Federais. O primeiro deles feito em 1909 pelo presidente Nilo Pe\u00e7anha em Campo de Goytacazes, no Rio de Janeiro.<\/p>\n<p>De 1909 at\u00e9 2003 foram feitos nesse pa\u00eds 140 Institutos Federais. Pois bem, companheiro Tarso, de n\u00f3s pra c\u00e1, com o an\u00fancio desse 100, estamos chegando a 782 Institutos Federais, e por isso que a gente vai chegar aos mil, porque quem saiu de 140 e chegou a 800, para chegar a mil, faltam s\u00f3 duzentos. E o que que \u00e9 200 institutos para um pa\u00eds de 200 milh\u00f5es de habitantes, que est\u00e1 vendendo tudo para a China, que est\u00e1 vendendo tudo para todos os pa\u00edses.<\/p>\n<p>E esse \u00e9 o Brasil que eu quero construir. Esses n\u00fameros que o Alckmin citou aqui, que o Pimenta citou, sabe, n\u00e3o valem muito que s\u00e3o do meu governo. Mas o dado concreto \u00e9 o seguinte, gente, h\u00e1 uma expectativa com rela\u00e7\u00e3o ao Brasil. Eu vinha dizendo para o governador, eu recebi s\u00f3 numa semana a diretora-geral do FMI, que diferentemente do tempo que eles vinham frequentar para visitar o Malan, eles vinham com duas pessoas para fiscalizar a contabilidade brasileira. Era uma vergonha. Um pa\u00eds do tamanho do Brasil receber todo ano a miss\u00e3o do FMI, que descia no aeroporto do Gale\u00e3o, no Rio de Janeiro, e ia para Bras\u00edlia para fiscalizar as contas do governo.<\/p>\n<p>Eu tive um embaixador em Londres que me disse o seguinte: \u201cPresidente Lula, eu sentia vergonha. Eu vinha com o nosso ministro da Fazenda conversar com o FMI, os caras n\u00e3o recebiam. N\u00e3o recebia, mesmo estando na sala, mandava dizer que n\u00e3o estava. \u00c0s vezes o ministro da Fazenda do Brasil ficava dois dias e voltava para o Brasil sem conversar com o presidente do FMI\u201d. E de repente eu recebo a diretora-geral do FMI na minha sala, toda sorridente: \u201cComo vai, presidente Lula?\u201d<\/p>\n<p>Ent\u00e3o, a\u00ed ela vai embora e eu recebo o presidente do Banco Asi\u00e1tico, que \u00e9 um banco que tem mais dinheiro, com juros mais baratos do que o Banco Mundial. A\u00ed ele vai embora e eu recebo a presidenta do CitiBank Mundial, a mulher, todos muito simp\u00e1ticos, dizendo: \u201cPresidente, o que est\u00e1 acontecendo no Brasil? Porque a expectativa de investimento estrangeiro no Brasil \u00e9 muito grande, presidente. Essa quest\u00e3o da transi\u00e7\u00e3o energ\u00e9tica, essa quest\u00e3o clim\u00e1tica, essa quest\u00e3o do biodiesel verde est\u00e1 levando o mundo a uma loucura. Ningu\u00e9m consegue competir com o Brasil nessa \u00e1rea de energia renov\u00e1vel. Ningu\u00e9m consegue competir. Ningu\u00e9m.\u201d<\/p>\n<p>Ent\u00e3o, n\u00f3s temos uma oportunidade t\u00e3o excepcional, t\u00e3o excepcional para a ind\u00fastria, para a agricultura. Quem \u00e9 que pode produzir mais agricultura de baixo carbono do que n\u00f3s? Quem \u00e9 que tem a floresta que n\u00f3s temos para cuidar e n\u00f3s temos que transformar essa floresta numa coisa de investimento e parar com a imbecilidade do desmatamento? Uma \u00e1rvore em p\u00e9 vale mais do que qualquer outra coisa se a gente souber utilizar o debate mundial. Ent\u00e3o, esse pa\u00eds est\u00e1 para ser constru\u00eddo. Da\u00ed porque esse investimento no P\u00e9-de-Meia. Tem muita gente que faz cr\u00edtica: \u201cNossa, esse Lula fica dando Bolsa Fam\u00edlia, fica dando bolsa n\u00e3o sei das quantas, agora vai dar bolsa estudante\u201d. Vamos dar.<\/p>\n<p>Porque eu prefiro dar uma bolsa para o menino de 16 anos, de 15 anos, de 14 anos estudar do que eu ter que gastar mais do que a bolsa para tir\u00e1-lo do narcotr\u00e1fico, para tir\u00e1-lo da droga, para tir\u00e1-lo do crime organizado. Ent\u00e3o, \u00e9 por isso que eu vejo, at\u00e9 pedi desculpa outro dia. Queria que voc\u00eas soubessem que outro dia eu pedi desculpas ao Brizola. Eu queria dizer para voc\u00eas, porque quando o Brizola criou o CIEP no Rio de Janeiro, muitos educadores, inclusive do PT, eram contra o CIEP. Muitos. E a gente nunca adotou o CIEP. Agora, virou unanimidade discutir a necessidade da escola do tempo integral, n\u00e3o apenas pela qualidade do ensino, mas pela seguran\u00e7a da fam\u00edlia. Pela tranquilidade da m\u00e3e, pela seguran\u00e7a da crian\u00e7a.<\/p>\n<p>Ent\u00e3o, se a gente tivesse come\u00e7ado a fazer, l\u00e1 pra mil novecentos e pouco, quem sabe a gente j\u00e1 tivesse o Brasil inteiro com a Escola de Tempo Integral. Ent\u00e3o como pedir desculpa \u00e9 uma coisa muito nobre, \u00e9 uma coisa que s\u00f3 gente grande tem coragem de pedir desculpas, eu pe\u00e7o desculpa ao Brizola e ao Darcy Ribeiro, pela gente n\u00e3o ter implantado a Escola de Tempo Integral h\u00e1 20 anos atr\u00e1s, h\u00e1 30 anos atr\u00e1s. Voc\u00eas estavam certos e a gente estava equivocado. Ent\u00e3o eu quero que voc\u00eas saibam disso.<\/p>\n<p>Outro dia eu pedi desculpa ao Get\u00falio. \u00d4 gente, eu nasci no movimento sindical contra o Get\u00falio. Aqui o Tarso era advogado trabalhista se lembra. Porque eu sou contra a Carta del Lavoro de Mussolini, eu sou contra a estrutura sindical brasileira e pau no Get\u00falio. A\u00ed voc\u00ea vai crescendo, vai ficando com o cabelo grisalho, vai tendo acesso a novas literaturas, vai conhecendo mais as pessoas, e eu falo: \u201cPuta merda, quem \u00e9 que teve a ousadia de em 1939 criar o sal\u00e1rio m\u00ednimo nesse pa\u00eds quando a gente vivia num trabalho de regime escravo? Quem \u00e9 que, em 1943, teve a coragem de criar a Consolida\u00e7\u00e3o das Leis do Trabalho que at\u00e9 hoje em S\u00e3o Paulo n\u00e3o tem uma viela com o nome do Get\u00falio?\u201d<\/p>\n<p>Qual \u00e9 o \u00f3dio que se ficou do Get\u00falio Vargas por conta da rela\u00e7\u00e3o dele com os trabalhadores? E quem \u00e9 que teve a coragem de criar a Petrobras quando a elite brasileira dizia que a gente n\u00e3o deveria criar? Eu estou dizendo isso porque n\u00f3s precisamos aprender, de vez em quando, com muito pouca humildade, a reconhecer que teve muita gente antes de n\u00f3s que fez coisas. Eu nasci na pol\u00edtica brigando com o meu amigo Brizola. Eu lembro que o Brizola n\u00e3o me perdoava porque eu ganhei dele em Carazinho. Eu ganhei as elei\u00e7\u00f5es. Eu falei: \u201cBrizola, n\u00e3o \u00e9 tenho culpa, cara. Eu nem conhe\u00e7o Carazinho, mas o povo votou em mim\u201d. Eu lembro das diverg\u00eancias quando o Brizola me chamava de sapo barbudo, mas eu lembro que uma pessoa como o Brizola faz falta nos tempos de hoje para a pol\u00edtica brasileira.<\/p>\n<p>Quanta falta, gente, fazem pessoas que fazem hist\u00f3ria. Como est\u00e1 med\u00edocre a pol\u00edtica nos dias de hoje. Eu tive o prazer de ser presidente em 2008, quando a Am\u00e9rica do Sul tinha 10 presidentes progressistas. Eu tive o prazer de ser presidente quando a Fran\u00e7a era governada pelo Chirac, que era um conservador. A Inglaterra pelo Tony Blair. Eu tive a honra de conhecer o Prodi, tive a honra de conhecer o Schr\u00f6der na Alemanha. Ora, eram pessoas que tinham estatura pol\u00edtica, que davam uma certa dimens\u00e3o \u00e0 arte chamada pol\u00edtica. E n\u00e3o era t\u00e3o med\u00edocre como \u00e9 hoje.<\/p>\n<p>O que \u00e9 que est\u00e1 reduzida a Am\u00e9rica do Sul hoje? Se eu quisesse fazer uma reuni\u00e3o de governo progressista n\u00e3o tem, a n\u00e3o ser o Arce, da Bol\u00edvia, a n\u00e3o ser o companheiro da Col\u00f4mbia e o Boric, no Chile. Acabou o progressismo. Quem \u00e9 progressista hoje no mundo? Eu fiz reuni\u00e3o com o Tony Blair, com o Bill Clinton, sabe, tudo, at\u00e9 na \u00c1frica do Sul. Ent\u00e3o, companheiros, eu t\u00f4 querendo chamar a aten\u00e7\u00e3o de voc\u00eas de que, em todas as lutas que a gente tem que fazer daqui pra frente, \u00e9 importante a gente lembrar que o que corre risco no mundo \u00e9 a democracia, e corre risco pelo fascismo, corre risco pelo nazismo, pela extrema direita raivosa, ignorante, bruta, que ofende as pessoas, que n\u00e3o acredita nas pessoas.<\/p>\n<p>E n\u00f3s, n\u00f3s temos obriga\u00e7\u00e3o de dizer isso para nossa juventude, que muitas vezes \u00e9 muito imediatista, muitas vezes \u00e9 mais f\u00e1cil a gente ser contra do que a gente pensar. Porque uma bobagem voc\u00ea n\u00e3o tem que pensar, voc\u00ea n\u00e3o tem que raciocinar, voc\u00ea fala. Agora, numa proposta pol\u00edtica, voc\u00ea tem que pensar, elaborar, para convencer as pessoas de que a coisa \u00e9 boa. \u00c9 mais f\u00e1cil negar. Num mundo em que ainda tem 735 milh\u00f5es de pessoas passando fome, e nesse mesmo mundo que tem 735 milh\u00f5es de pessoas passando fome, o mundo rico gastou US$ 2 trilh\u00f5es, 220 bilh\u00f5es em armas no ano passado, as pessoas t\u00eam o direito de negar as coisas, \u00e9 mais f\u00e1cil negar, \u00e9 mais f\u00e1cil dizer que todos os pol\u00edticos s\u00e3o ladr\u00f5es, todo pol\u00edtico n\u00e3o presta, as institui\u00e7\u00f5es n\u00e3o funcionam, a Suprema Corte atrapalha a democracia, a Justi\u00e7a n\u00e3o sei das quantas, os sindicatos n\u00e3o valem nada. Nada vale nada. O que vale \u00e9 o besteirol que voc\u00ea fala.<\/p>\n<p>Ent\u00e3o, voc\u00eas percebem que a nossa responsabilidade aumentou. A gente n\u00e3o tem apenas que brigar contra um governador, contra um presidente. A gente tem que brigar contra um pensamento perverso, malvado, um pensamento que odeia. Eu estive recentemente, ainda nos \u00faltimos quatro meses, eu tive uma reuni\u00e3o com toda a Uni\u00e3o Europeia. Depois, eu sa\u00ed da Uni\u00e3o Europeia, tive uma reuni\u00e3o no G20, na \u00cdndia. Depois, eu tive uma reuni\u00e3o com toda a Uni\u00e3o Africana, 54 pa\u00edses. Depois, eu tive uma reuni\u00e3o com o CARICOM, 15 pa\u00edses, de todos os pa\u00edses do Caribe. Depois, eu fui em S\u00e3o Vicente e Granadinas, tive uma reuni\u00e3o com todos os pa\u00edses da Am\u00e9rica Latina. O pensamento \u00e9 um s\u00f3. A democracia est\u00e1 correndo risco.<\/p>\n<p>Agora, para que a gente salve a democracia, n\u00f3s temos que convencer o povo e temos que convencer os democratas de que n\u00e3o \u00e9 poss\u00edvel defender a democracia com fome. N\u00e3o \u00e9 poss\u00edvel defender a democracia com racismo, n\u00e3o \u00e9 f\u00e1cil defender a democracia com a desigualdade estampada no mundo que tem hoje. \u00c9 desigualdade na sa\u00fade, desigualdade na educa\u00e7\u00e3o, desigualdade no transporte, desigualdade de g\u00eanero, desigualdade de ra\u00e7a, desigualdade de tudo. N\u00f3s precisamos voltar a ser humanistas, n\u00f3s n\u00e3o queremos ser algoritmos, n\u00f3s queremos pensar, n\u00f3s queremos amar, n\u00f3s queremos ter fraternidade e solidariedade com as pessoas. Eu n\u00e3o sou n\u00famero, eu n\u00e3o sou objeto, eu tenho sentimento.<\/p>\n<p>\u00c9 isso que n\u00f3s vamos passar pro nosso povo no dia de hoje. N\u00f3s nem chegamos a utilizar a nossa intelig\u00eancia toda, a nossa intelig\u00eancia j\u00e1 est\u00e1 sendo substitu\u00edda por intelig\u00eancia artificial. Puta merda. Eu nem consegui utilizar aquela intelig\u00eancia que Deus me deu, j\u00e1 inventaram uma coisa mais esperta que eu, que n\u00e3o precisa ser honesta, sabe, \u00e9 s\u00f3 um malandro fazer as coisas maldades, fazer eu falar o que eu n\u00e3o t\u00f4 falando, fazer eu pensar o que eu n\u00e3o t\u00f4 pensando. \u00c9 esse mundo que est\u00e1 em risco, e \u00e9 por isso que eu quero dizer pra voc\u00eas que n\u00f3s temos a obriga\u00e7\u00e3o de fazer esse pa\u00eds dar certo, n\u00f3s temos a obriga\u00e7\u00e3o, a obriga\u00e7\u00e3o de terminar o mandato, a gente concluindo tudo que \u00e9 nosso compromisso, a gente cuidando das nossas crian\u00e7as.<\/p>\n<p>N\u00e3o \u00e9 poss\u00edvel uma crian\u00e7a no quarto ano escolar n\u00e3o ser alfabetizada ainda, n\u00e3o \u00e9 poss\u00edvel. N\u00e3o \u00e9 poss\u00edvel 500 mil alunos do ensino m\u00e9dio desistirem da escola porque t\u00eam que trabalhar. O que que n\u00f3s estamos fazendo nesse pa\u00eds? Se a gente n\u00e3o cuida dos velhos, n\u00e3o cuida das crian\u00e7as, n\u00e3o cuida das mulheres, n\u00e3o cuida dos negros, o que que a gente t\u00e1 fazendo nesse pa\u00eds? Ent\u00e3o, companheiros, isso aqui \u00e9 um desabafo de algu\u00e9m que j\u00e1 passou por todas as experi\u00eancias que um pol\u00edtico pode ter passado, e que nunca vi nada t\u00e3o grotesco como o que a gente t\u00e1 vivendo nesse instante, aonde a verdade n\u00e3o vale nada e a mentira vale tudo. Aonde a ofensa vale mais do que o bom tratamento que a gente tem por seres humanos. Ent\u00e3o, n\u00f3s precisamos ter consci\u00eancia disso.<\/p>\n<p>\u00c9 por isso que n\u00f3s estamos vindo aqui, para que cada mulher e cada homem, cada mulher e cada um desse estado, que \u00e9 um estado que tem hist\u00f3ria, \u00e9 um estado que tem gente de muita import\u00e2ncia para a hist\u00f3ria brasileira, na pol\u00edtica brasileira, no movimento sindical brasileiro, no movimento social brasileiro, nas v\u00e1rias batalhas que voc\u00eas tiveram aqui. Ent\u00e3o eu vim aqui para que cada pessoa saiba, cada coisa que a gente est\u00e1 fazendo, cada centavo que a gente est\u00e1 colocando, n\u00e3o \u00e9 nenhum favor, n\u00e3o \u00e9 nenhum benef\u00edcio, \u00e9 obriga\u00e7\u00e3o. N\u00f3s estamos devolvendo ao povo do Rio Grande do Sul um pouco daquilo que a gente arrecada do trabalho do povo do Rio Grande do Sul e por isso n\u00f3s estamos determinados a sentar com os governadores, renegociar as d\u00edvidas dos estados para que a gente conceda a todo mundo o direito de respirar.<\/p>\n<p>Eu aqui, governador, nesse estado eu vou terminar dizendo o seguinte. Nesse estado, eu j\u00e1 ouvi Pedro Simon falar da d\u00edvida do estado, eu j\u00e1 ouvi o governador que esteve almo\u00e7ando conosco mais antigo. N\u00e3o o Rigotto, n\u00e3o, nem a Yeda Crusius, todos esses eu conhe\u00e7o. Um mais velho. Jair Soares. tamb\u00e9m falava da d\u00edvida. Pedro Simon falava da d\u00edvida. O Pedro Simon foi falar da d\u00edvida que os estados contra\u00edram com a Uni\u00e3o de Get\u00falio Vargas. Queria que eu pagasse. Eu falei: \u201cP\u00f4, cara, eu nem cheguei voc\u00ea j\u00e1 quer que eu pague a d\u00edvida do Get\u00falio Vargas, vai devagar comigo\u201d.<\/p>\n<p>Ent\u00e3o, o Tarso Genro falava da d\u00edvida, o Ol\u00edvio Dutra falava da d\u00edvida, todo mundo, e voc\u00ea fala da d\u00edvida. Ent\u00e3o alguma coisa t\u00e1 errada. Se todo mundo fala a mesma coisa, alguma coisa est\u00e1 errada. Ent\u00e3o, eu queria dizer pra voc\u00ea, governador, n\u00e3o ser\u00e1 nenhum favor, ser\u00e1 obriga\u00e7\u00e3o do Governo Federal sentar e tentar encontrar uma solu\u00e7\u00e3o porque, pra mim, a boa governan\u00e7a passa pelos prefeitos ter um pouco de dinheiro pra fazer as coisas na sua cidade, passa pelo governador ter um pouco de recurso para fazer as coisas e passa pela cumplicidade, a boa cumplicidade entre os entes federados para que esse pa\u00eds deixe de ser um pa\u00eds pobre e se transforme num pa\u00eds rico.<\/p>\n<p>Por isso, companheiros, muito obrigado pelo carinho. E a imprensa se prepare para fazer as perguntas porque os ministros ficar\u00e3o sentados aqui para responder \u00e0s perguntas de voc\u00eas.<\/p>\n<p>Um abra\u00e7o e obrigado, companheiros.<\/p>\n","protected":false},"excerpt":{"rendered":"<p>Em seu discurso na Fiergs, sexta- feira, 15, Lula disse que a explica\u00e7\u00e3o para a queda na aprova\u00e7\u00e3o e aumento da rejei\u00e7\u00e3o e seu governo, apontada nas ultimas\u00a0 pesquisas, \u00e9 simplesl: &#8220;\u00c9 porque eu t\u00f4 aqu\u00e9m do que o povo esperava que eu tivesse. Eu n\u00e3o t\u00f4 cumprindo aquilo que eu prometi, e eu tenho [&hellip;]<\/p>\n","protected":false},"author":4,"featured_media":97129,"comment_status":"closed","ping_status":"open","sticky":false,"template":"","format":"standard","meta":{"jetpack_post_was_ever_published":false,"_jetpack_newsletter_access":"","_jetpack_dont_email_post_to_subs":false,"_jetpack_newsletter_tier_id":0,"_jetpack_memberships_contains_paywalled_content":false,"_jetpack_memberships_contains_paid_content":false,"footnotes":"","jetpack_publicize_message":"","jetpack_publicize_feature_enabled":true,"jetpack_social_post_already_shared":true,"jetpack_social_options":{"image_generator_settings":{"template":"highway","default_image_id":0,"font":"","enabled":false},"version":2}},"categories":[2],"tags":[260,87,89,238,408,418,86,478,229,430,138,461,7,45,200,261,212,83,500,440,51,507,236,294,283,312,560,4,158,356,489,270,120,13,493,247,276,132,300,267,152,161,479,308,14,30,15,186,38,149,539,361,95,530,509],"class_list":["post-97087","post","type-post","status-publish","format-standard","has-post-thumbnail","hentry","category-geral","tag-argentina","tag-ari","tag-bolsonaro","tag-brasil","tag-brizola","tag-china","tag-cultura","tag-democracia","tag-desigualdade","tag-dilma","tag-divida","tag-dividas","tag-economia","tag-educacao","tag-efeitos","tag-eleicoes","tag-energia","tag-ensino","tag-etica","tag-fake-news","tag-fazenda","tag-fome","tag-governo","tag-governo-bolsonaro","tag-governo-do-estado","tag-governo-estadual","tag-iab","tag-imprensa","tag-lula","tag-mel","tag-melo","tag-moda","tag-obras","tag-pedro-simon","tag-petrobras","tag-politica","tag-politicos","tag-porto-alegre","tag-prefeitura","tag-prefeitura-de-porto-alegre","tag-prejuizo","tag-pt","tag-red","tag-rio-de-janeiro","tag-rio-grande-do-sul","tag-rj","tag-rs","tag-sao-paulo","tag-saude","tag-sc","tag-sebastiao-melo","tag-seguranca","tag-sp","tag-stu","tag-uniao"],"aioseo_notices":[],"jetpack_publicize_connections":[],"jetpack_featured_media_url":"https:\/\/www.jornalja.com.br\/geral\/wp-content\/uploads\/sites\/4\/2024\/03\/lula-novopac-rs-1080x674-2.jpeg","jetpack_shortlink":"https:\/\/wp.me\/pbKhrD-pfV","jetpack-related-posts":[{"id":101078,"url":"https:\/\/www.jornalja.com.br\/geral\/como-foi-costurado-o-acordo-que-fez-o-pt-apoiar-juliana-brizola\/","url_meta":{"origin":97087,"position":0},"title":"Como foi costurado o acordo que fez o PT apoiar Juliana Brizola","author":"da Reda\u00e7\u00e3o","date":"17 de abril de 2026","format":false,"excerpt":"O PDT foi o partido que mais perdeu representantes na \u201cjanela partid\u00e1ria\u201d que fechou em 3 de abril. Tinha tr\u00eas senadores, ficou com dois. Tinha 17 deputados federais, caiu para 11. Perdeu tamb\u00e9m 9 dos 43 deputados estaduais que elegeu em 2022. No \u00e2mbito municipal, o PDT tem prefeitos em\u2026","rel":"","context":"Em &quot;Geral-MAT\u00c9RIA&quot;","block_context":{"text":"Geral-MAT\u00c9RIA","link":"https:\/\/www.jornalja.com.br\/geral\/category\/geral\/"},"img":{"alt_text":"","src":"https:\/\/www.jornalja.com.br\/geral\/wp-content\/uploads\/sites\/4\/2026\/04\/pdt-lupi-juliana-e-lula.avif","width":350,"height":200,"srcset":"https:\/\/www.jornalja.com.br\/geral\/wp-content\/uploads\/sites\/4\/2026\/04\/pdt-lupi-juliana-e-lula.avif 1x, https:\/\/www.jornalja.com.br\/geral\/wp-content\/uploads\/sites\/4\/2026\/04\/pdt-lupi-juliana-e-lula.avif 1.5x, https:\/\/www.jornalja.com.br\/geral\/wp-content\/uploads\/sites\/4\/2026\/04\/pdt-lupi-juliana-e-lula.avif 2x"},"classes":[]},{"id":100243,"url":"https:\/\/www.jornalja.com.br\/geral\/governo-federal-financia-compra-de-100-onibus-eletricos-para-porto-alegre\/","url_meta":{"origin":97087,"position":1},"title":"Governo federal financia compra de 100 \u00f4nibus el\u00e9tricos para Porto Alegre","author":"Elmar Bones","date":"18 de novembro de 2025","format":false,"excerpt":"O Banco Nacional de Desenvolvimento Econ\u00f4mico vai financiar a compra de 100 \u00f4nibus el\u00e9tricos para o transporte coletivo de Porto Alegre. A C\u00e2mara Municipal autorizou nesta segunda-feira o prefeito Sebasti\u00e3o Melo a contratar o financiamento no valor de R$ 447 milh\u00f5es com o banco estatal. O financiamento integra o programa\u2026","rel":"","context":"Em &quot;Geral-MAT\u00c9RIA&quot;","block_context":{"text":"Geral-MAT\u00c9RIA","link":"https:\/\/www.jornalja.com.br\/geral\/category\/geral\/"},"img":{"alt_text":"","src":"","width":0,"height":0},"classes":[]},{"id":100532,"url":"https:\/\/www.jornalja.com.br\/geral\/veto-a-dosimetria-manifestacoess-contra-anistia-a-golpistas-pesaram-na-decisao-de-lula\/","url_meta":{"origin":97087,"position":2},"title":"Veto \u00e0 dosimetria: manifesta\u00e7\u00f5es contra anistia a golpistas pesaram na decis\u00e3o de Lula","author":"Elmar Bones","date":"9 de janeiro de 2026","format":false,"excerpt":"Tr\u00eas anos depois do ataque golpista \u00e0 democracia em 2023, o dia 08 de janeiro \u00e9 marcado por manifesta\u00e7\u00f5es populares em todo o pa\u00eds em defesa da soberania do Brasil e que tamb\u00e9m exigiram o cumprimento da pena dos condenados pela tentativa de golpe de Estado, tentativa de aboli\u00e7\u00e3o violenta\u2026","rel":"","context":"Em &quot;Geral-MAT\u00c9RIA&quot;","block_context":{"text":"Geral-MAT\u00c9RIA","link":"https:\/\/www.jornalja.com.br\/geral\/category\/geral\/"},"img":{"alt_text":"","src":"https:\/\/i0.wp.com\/www.jornalja.com.br\/geral\/wp-content\/uploads\/sites\/4\/2026\/01\/dosimetria-fora-bozo.png?resize=350%2C200&ssl=1","width":350,"height":200,"srcset":"https:\/\/i0.wp.com\/www.jornalja.com.br\/geral\/wp-content\/uploads\/sites\/4\/2026\/01\/dosimetria-fora-bozo.png?resize=350%2C200&ssl=1 1x, https:\/\/i0.wp.com\/www.jornalja.com.br\/geral\/wp-content\/uploads\/sites\/4\/2026\/01\/dosimetria-fora-bozo.png?resize=525%2C300&ssl=1 1.5x"},"classes":[]},{"id":101083,"url":"https:\/\/www.jornalja.com.br\/geral\/porto-alegre-tem-85-mil-pessoas-em-204-areas-de-risco-aponta-levantamento\/","url_meta":{"origin":97087,"position":3},"title":"Porto Alegre tem 8,5 mil pessoas em 204 \u00e1reas de risco, aponta levantamento","author":"da Reda\u00e7\u00e3o","date":"10 de abril de 2026","format":false,"excerpt":"Cerca de 8,5 mil pessoas vivem em \u00e1reas de risco em Porto Alegre, distribu\u00eddas em 204 setores considerados priorit\u00e1rios, segundo dados do Plano Municipal de Redu\u00e7\u00e3o de Riscos (PMRR), apresentado nesta sexta-feira (10), em audi\u00eancia p\u00fablica na Cinemateca Capit\u00f3lio, no Centro Hist\u00f3rico da capital ga\u00facha. O estudo identifica 8.591 moradores\u2026","rel":"","context":"Em &quot;Geral-MAT\u00c9RIA&quot;","block_context":{"text":"Geral-MAT\u00c9RIA","link":"https:\/\/www.jornalja.com.br\/geral\/category\/geral\/"},"img":{"alt_text":"","src":"https:\/\/i0.wp.com\/www.jornalja.com.br\/geral\/wp-content\/uploads\/sites\/4\/2026\/04\/270223-vinny-vanoni-003-1.jpg?resize=350%2C200&ssl=1","width":350,"height":200,"srcset":"https:\/\/i0.wp.com\/www.jornalja.com.br\/geral\/wp-content\/uploads\/sites\/4\/2026\/04\/270223-vinny-vanoni-003-1.jpg?resize=350%2C200&ssl=1 1x, https:\/\/i0.wp.com\/www.jornalja.com.br\/geral\/wp-content\/uploads\/sites\/4\/2026\/04\/270223-vinny-vanoni-003-1.jpg?resize=525%2C300&ssl=1 1.5x, https:\/\/i0.wp.com\/www.jornalja.com.br\/geral\/wp-content\/uploads\/sites\/4\/2026\/04\/270223-vinny-vanoni-003-1.jpg?resize=700%2C400&ssl=1 2x"},"classes":[]},{"id":100444,"url":"https:\/\/www.jornalja.com.br\/geral\/ano-comeca-com-lula-e-dilma-na-retomada-do-polo-naval-de-rio-gramde\/","url_meta":{"origin":97087,"position":4},"title":"Ano come\u00e7a com Lula e Dilma na retomada do Polo Naval de Rio Grande","author":"da Reda\u00e7\u00e3o","date":"23 de dezembro de 2025","format":false,"excerpt":"Um ano depois da assinatura do primeiro contrato que marca a retomada do Polo Naval, em Rio Grande, o presidente Lula volta \u00e0 cidade neste 7 de janeiro,\u00a0 dando partida \u00e0 constru\u00e7\u00e3o de quatro navios\u00a0 encomendados pela Transpetro. Da primeira vez, em fevereiro de 2025, ele trouxe o vice-presidente Geraldo\u00a0\u2026","rel":"","context":"Em &quot;Geral-MAT\u00c9RIA&quot;","block_context":{"text":"Geral-MAT\u00c9RIA","link":"https:\/\/www.jornalja.com.br\/geral\/category\/geral\/"},"img":{"alt_text":"","src":"https:\/\/i0.wp.com\/www.jornalja.com.br\/geral\/wp-content\/uploads\/sites\/4\/2025\/12\/polo-naval-no-auge-construcao-de-plataformas.png?resize=350%2C200&ssl=1","width":350,"height":200},"classes":[]},{"id":100158,"url":"https:\/\/www.jornalja.com.br\/geral\/eleicoes-2026-direita-sai-na-frente-e-levanta-a-bandeira-da-seguranca\/","url_meta":{"origin":97087,"position":5},"title":"Elei\u00e7\u00f5es 2026: Direita sai na frente com a bandeira da seguran\u00e7a","author":"Elmar Bones","date":"4 de novembro de 2025","format":false,"excerpt":"A opera\u00e7\u00e3o que matou 121 no Rio, h\u00e1 uma semana, foi mais do que uma a\u00e7\u00e3o de seguran\u00e7a p\u00fablica, foi um lance pol\u00edtico, de longo alcance. Com ela a extrema direita retomou o protagonisno na disputa pelo poder, que estar\u00e1 em jogo nas elei\u00e7\u00f5es presidenciais do ano que vem. \"Bandido\u2026","rel":"","context":"Em &quot;Geral-MAT\u00c9RIA&quot;","block_context":{"text":"Geral-MAT\u00c9RIA","link":"https:\/\/www.jornalja.com.br\/geral\/category\/geral\/"},"img":{"alt_text":"","src":"https:\/\/i0.wp.com\/www.jornalja.com.br\/geral\/wp-content\/uploads\/sites\/4\/2025\/10\/rio-guerra-ao-trafico.png?resize=350%2C200&ssl=1","width":350,"height":200,"srcset":"https:\/\/i0.wp.com\/www.jornalja.com.br\/geral\/wp-content\/uploads\/sites\/4\/2025\/10\/rio-guerra-ao-trafico.png?resize=350%2C200&ssl=1 1x, https:\/\/i0.wp.com\/www.jornalja.com.br\/geral\/wp-content\/uploads\/sites\/4\/2025\/10\/rio-guerra-ao-trafico.png?resize=525%2C300&ssl=1 1.5x"},"classes":[]}],"jetpack_sharing_enabled":true,"_links":{"self":[{"href":"https:\/\/www.jornalja.com.br\/geral\/wp-json\/wp\/v2\/posts\/97087","targetHints":{"allow":["GET"]}}],"collection":[{"href":"https:\/\/www.jornalja.com.br\/geral\/wp-json\/wp\/v2\/posts"}],"about":[{"href":"https:\/\/www.jornalja.com.br\/geral\/wp-json\/wp\/v2\/types\/post"}],"author":[{"embeddable":true,"href":"https:\/\/www.jornalja.com.br\/geral\/wp-json\/wp\/v2\/users\/4"}],"replies":[{"embeddable":true,"href":"https:\/\/www.jornalja.com.br\/geral\/wp-json\/wp\/v2\/comments?post=97087"}],"version-history":[{"count":5,"href":"https:\/\/www.jornalja.com.br\/geral\/wp-json\/wp\/v2\/posts\/97087\/revisions"}],"predecessor-version":[{"id":97132,"href":"https:\/\/www.jornalja.com.br\/geral\/wp-json\/wp\/v2\/posts\/97087\/revisions\/97132"}],"wp:featuredmedia":[{"embeddable":true,"href":"https:\/\/www.jornalja.com.br\/geral\/wp-json\/wp\/v2\/media\/97129"}],"wp:attachment":[{"href":"https:\/\/www.jornalja.com.br\/geral\/wp-json\/wp\/v2\/media?parent=97087"}],"wp:term":[{"taxonomy":"category","embeddable":true,"href":"https:\/\/www.jornalja.com.br\/geral\/wp-json\/wp\/v2\/categories?post=97087"},{"taxonomy":"post_tag","embeddable":true,"href":"https:\/\/www.jornalja.com.br\/geral\/wp-json\/wp\/v2\/tags?post=97087"}],"curies":[{"name":"wp","href":"https:\/\/api.w.org\/{rel}","templated":true}]}}