{"id":97198,"date":"2024-04-22T07:37:35","date_gmt":"2024-04-22T10:37:35","guid":{"rendered":"https:\/\/www.jornalja.com.br\/geral\/?p=97198"},"modified":"2024-06-16T13:57:31","modified_gmt":"2024-06-16T16:57:31","slug":"aos-80-anos-hospital-de-pronto-socorro-enfrenta-superlotacao-e-falta-de-investimentos","status":"publish","type":"post","link":"https:\/\/www.jornalja.com.br\/geral\/aos-80-anos-hospital-de-pronto-socorro-enfrenta-superlotacao-e-falta-de-investimentos\/","title":{"rendered":"Aos 80 anos, Hospital de Pronto Socorro enfrenta superlota\u00e7\u00e3o e falta de investimentos"},"content":{"rendered":"<p>Duas tendas de lona branca foram instaladas no terreno onde ser\u00e1 constru\u00eddo o novo pr\u00e9dio de oito andares, anexo ao\u00a0 Hospital de Pronto Socorro de Porto Alegre.<\/p>\n<p>Ali, na sexta-feira 19 de abril,\u00a0 a Funda\u00e7\u00e3o Pr\u00f3 HPS reuniu convidados &#8211; diretores do hospital, antigos funcion\u00e1rios homenageados, autoridades e a imprensa para comemorar os 80 anos do HPS.<\/p>\n<p>\u201cEstamos pisando hoje no pr\u00f3ximo pr\u00e9dio do HPS, mas ele n\u00e3o vai acontecer sozinho, precisaremos que a cidade abrace a causa da amplia\u00e7\u00e3o do hospital. A uni\u00e3o do poder p\u00fablico e do setor privado dar\u00e1 vida \u00e0s novas instala\u00e7\u00f5es, refor\u00e7ando a confian\u00e7a que cada um tem nesta institui\u00e7\u00e3o\u2019\u2019, disse o prefeito em exerc\u00edcio, Ricardo Gomes.<\/p>\n<figure id=\"attachment_97214\" aria-describedby=\"caption-attachment-97214\" style=\"width: 750px\" class=\"wp-caption alignnone\"><img decoding=\"async\" data-attachment-id=\"97214\" data-permalink=\"https:\/\/www.jornalja.com.br\/geral\/aos-80-anos-hospital-de-pronto-socorro-enfrenta-superlotacao-e-falta-de-investimentos\/hps-foto-auoridades\/\" data-orig-file=\"https:\/\/www.jornalja.com.br\/geral\/wp-content\/uploads\/sites\/4\/2024\/04\/hps-foto-auoridades.jpg\" data-orig-size=\"750,500\" data-comments-opened=\"0\" data-image-meta=\"{&quot;aperture&quot;:&quot;0&quot;,&quot;credit&quot;:&quot;&quot;,&quot;camera&quot;:&quot;&quot;,&quot;caption&quot;:&quot;&quot;,&quot;created_timestamp&quot;:&quot;0&quot;,&quot;copyright&quot;:&quot;&quot;,&quot;focal_length&quot;:&quot;0&quot;,&quot;iso&quot;:&quot;0&quot;,&quot;shutter_speed&quot;:&quot;0&quot;,&quot;title&quot;:&quot;&quot;,&quot;orientation&quot;:&quot;0&quot;}\" data-image-title=\"HPS foto auoridades\" data-image-description=\"\" data-image-caption=\"&lt;p&gt;O evento de comemora\u00e7\u00e3o foi promovido pela Funda\u00e7\u00e3o HPS. Foto: Pedro Piegas\/PMPA&lt;\/p&gt;\n\" data-large-file=\"https:\/\/www.jornalja.com.br\/geral\/wp-content\/uploads\/sites\/4\/2024\/04\/hps-foto-auoridades.jpg\" class=\"size-full wp-image-97214\" src=\"https:\/\/www.jornalja.com.br\/geral\/wp-content\/uploads\/sites\/4\/2024\/04\/hps-foto-auoridades.jpg\" alt=\"\" width=\"750\" height=\"500\" srcset=\"https:\/\/www.jornalja.com.br\/geral\/wp-content\/uploads\/sites\/4\/2024\/04\/hps-foto-auoridades.jpg 750w, https:\/\/www.jornalja.com.br\/geral\/wp-content\/uploads\/sites\/4\/2024\/04\/hps-foto-auoridades-450x300.jpg 450w\" sizes=\"(max-width: 750px) 100vw, 750px\" \/><figcaption id=\"caption-attachment-97214\" class=\"wp-caption-text\">O evento de comemora\u00e7\u00e3o foi promovido pela Funda\u00e7\u00e3o HPS. Foto: Pedro Piegas\/PMPA<\/figcaption><\/figure>\n<p>Porto Alegre foi a primeira cidade no Brasil a ter um servi\u00e7o p\u00fablico para emerg\u00eancias m\u00e9dicas. A Assist\u00eancia P\u00fablica Municipal foi inaugurada em 1897 numa sala da antiga Prefeitura, com m\u00e9dicos e enfermeiros que iam a cavalo atender os pacientes.<\/p>\n<p>Em abril de 1944, o servi\u00e7o, j\u00e1 de excel\u00eancia,\u00a0 ganhou um pr\u00e9dio pr\u00f3prio num ponto estrat\u00e9gico da cidade, na conflu\u00eancia das avenidas Oswaldo Aranha e Ven\u00e2ncio Aires e passou a chamar-se Hospital de Pronto Socorro.<\/p>\n<p>Tornou-se refer\u00eancia no atendimento a emerg\u00eancias, premiado pelo Minist\u00e9rio da Sa\u00fade,\u00a0 e ainda hoje \u00e9 reconhecido pela excel\u00eancia do seu servi\u00e7o universal e gratuito, principalmente nas especialidades de traumas e queimaduras. Integra o sistema SUS.<\/p>\n<p>Tem a \u00fanica UTI pedi\u00e1trica para traumas do Estado. \u00c9 uma das institui\u00e7\u00f5es de maior credibilidade na capital e mesmo al\u00e9m dela.<\/p>\n<p>Mas aos 80 anos\u00a0 o HPS est\u00e1 longe de seus melhores momentos. Para come\u00e7ar, o pr\u00e9dio octogen\u00e1rio, onde s\u00e3o atendias 120 mil emerg\u00eancias por ano, enfrenta s\u00e9rios problemas estruturais.<\/p>\n<figure id=\"attachment_97206\" aria-describedby=\"caption-attachment-97206\" style=\"width: 675px\" class=\"wp-caption alignnone\"><img decoding=\"async\" data-attachment-id=\"97206\" data-permalink=\"https:\/\/www.jornalja.com.br\/geral\/aos-80-anos-hospital-de-pronto-socorro-enfrenta-superlotacao-e-falta-de-investimentos\/r-6\/\" data-orig-file=\"https:\/\/www.jornalja.com.br\/geral\/wp-content\/uploads\/sites\/4\/2024\/04\/hps-cerca-scaled.jpg\" data-orig-size=\"1920,2560\" data-comments-opened=\"0\" data-image-meta=\"{&quot;aperture&quot;:&quot;1.7&quot;,&quot;credit&quot;:&quot;&quot;,&quot;camera&quot;:&quot;SM-J810M&quot;,&quot;caption&quot;:&quot;^R&quot;,&quot;created_timestamp&quot;:&quot;1713521684&quot;,&quot;copyright&quot;:&quot;&quot;,&quot;focal_length&quot;:&quot;3.93&quot;,&quot;iso&quot;:&quot;40&quot;,&quot;shutter_speed&quot;:&quot;0.00058962264150943&quot;,&quot;title&quot;:&quot;^R&quot;,&quot;orientation&quot;:&quot;1&quot;}\" data-image-title=\"^R\" data-image-description=\"\" data-image-caption=\"&lt;p&gt;^R&lt;\/p&gt;\n\" data-large-file=\"https:\/\/www.jornalja.com.br\/geral\/wp-content\/uploads\/sites\/4\/2024\/04\/hps-cerca-675x900.jpg\" class=\"size-large wp-image-97206\" src=\"https:\/\/www.jornalja.com.br\/geral\/wp-content\/uploads\/sites\/4\/2024\/04\/hps-cerca-675x900.jpg\" alt=\"\" width=\"675\" height=\"900\" srcset=\"https:\/\/www.jornalja.com.br\/geral\/wp-content\/uploads\/sites\/4\/2024\/04\/hps-cerca-675x900.jpg 675w, https:\/\/www.jornalja.com.br\/geral\/wp-content\/uploads\/sites\/4\/2024\/04\/hps-cerca-338x450.jpg 338w, https:\/\/www.jornalja.com.br\/geral\/wp-content\/uploads\/sites\/4\/2024\/04\/hps-cerca-768x1024.jpg 768w, https:\/\/www.jornalja.com.br\/geral\/wp-content\/uploads\/sites\/4\/2024\/04\/hps-cerca-1152x1536.jpg 1152w, https:\/\/www.jornalja.com.br\/geral\/wp-content\/uploads\/sites\/4\/2024\/04\/hps-cerca-1536x2048.jpg 1536w, https:\/\/www.jornalja.com.br\/geral\/wp-content\/uploads\/sites\/4\/2024\/04\/hps-cerca-1200x1600.jpg 1200w, https:\/\/www.jornalja.com.br\/geral\/wp-content\/uploads\/sites\/4\/2024\/04\/hps-cerca-scaled.jpg 1920w\" sizes=\"(max-width: 675px) 100vw, 675px\" \/><figcaption id=\"caption-attachment-97206\" class=\"wp-caption-text\">^R<\/figcaption><\/figure>\n<p>Al\u00e9m disso, como todos os servi\u00e7os de emerg\u00eancia da capital, enfrenta um quadro de superlota\u00e7\u00e3o cr\u00f4nica,\u00a0 decorrente da precariza\u00e7\u00e3o do atendimento hospitalar no interior do Estado.<\/p>\n<p>Desde junho do ano passado a Associa\u00e7\u00e3o dos Servidores do HPS denuncia car\u00eancias e falta de investimentos em \u00e1reas b\u00e1sicas. Diverg\u00eancias pol\u00edticas dificultam o di\u00e1logo entre a dire\u00e7\u00e3o e os funcion\u00e1rios.<\/p>\n<p>Um temporal danificou o telhado e uma enfermaria\u00a0 no quinto andar,\u00a0 est\u00e1 interditada desde o ano passado.\u00a0 S\u00e3o 30 leitos a menos.\u00a0 Os pacientes com queimaduras est\u00e3o sendo internados na UTI de trauma que foi reformada, no quarto andar.<\/p>\n<p>A Associa\u00e7\u00e3o dos Servidores aponta ainda a falta de funcion\u00e1rios em \u00e1reas essenciais.\u00a0 Faltam 200 t\u00e9cnicos de enfermagem, segundo a ASHPS. A terceiriza\u00e7\u00e3o de servi\u00e7os essenciais, inclusive m\u00e9dicos, tamb\u00e9m preocupa os servidores concursados.<\/p>\n<p>O projeto de um anexo na avenida Jos\u00e9 Bonif\u00e1cio para expans\u00e3o dos servi\u00e7os do HPS j\u00e1 tem 20 anos. Seis im\u00f3veis foram desapropriados, com as casas demolidas em 2012.<\/p>\n<p>&#8220;Estamos realizando os \u00faltimos ajustes para defini\u00e7\u00e3o do projeto. O prop\u00f3sito \u00e9 iniciar no ano que vem e concluir ate dezembro de 2026&#8221;, disse a diretora Tatiana Breyer em outubro de 2023 em entrevista \u00e0 r\u00e1dio Ga\u00facha.<\/p>\n<p>O novo pr\u00e9dio de oito andares, com 11 mil metros de \u00e1rea constru\u00edda, permitiria praticamente dobrar a capacidade do HPS, com 130 novos leitos, mais os servi\u00e7os complementares.<\/p>\n<p>O projeto, ainda em defini\u00e7\u00e3o, exigiria investimentos de 140 milh\u00f5es de reais. \u00c9 a prioridade da Funda\u00e7\u00e3o Pr\u00f3-HPS, entidade &#8220;de car\u00e1ter privado e fins p\u00fablicos&#8221;, fundada em 2004, para criar meios sociais para a capta\u00e7\u00e3o de recursos para o HPS&#8221;. Recursos para os \u00faltimos investimentos no HPS t\u00eam vindo de suas campanhas e conv\u00eanios &#8211; Troco Amigo com a Panvel, Troco do Cora\u00e7\u00e3o com o Zaffari e a Nota Fiscal Ga\u00facha.<\/p>\n<p>Na comemora\u00e7\u00e3o, a Funda\u00e7\u00e3o, cujo solgan \u00e9 &#8220;O HPS cuida da gente\/ A gente cuida do HPS&#8221;, implicitamente lan\u00e7ou uma\u00a0 campanha para bancar a expans\u00e3o do HPS com parcerias privadas.<\/p>\n<figure id=\"attachment_97208\" aria-describedby=\"caption-attachment-97208\" style=\"width: 224px\" class=\"wp-caption alignnone\"><img decoding=\"async\" data-attachment-id=\"97208\" data-permalink=\"https:\/\/www.jornalja.com.br\/geral\/aos-80-anos-hospital-de-pronto-socorro-enfrenta-superlotacao-e-falta-de-investimentos\/hps-maquete-expansao\/\" data-orig-file=\"https:\/\/www.jornalja.com.br\/geral\/wp-content\/uploads\/sites\/4\/2024\/04\/hps-maquete-expansao.png\" data-orig-size=\"224,145\" data-comments-opened=\"0\" data-image-meta=\"{&quot;aperture&quot;:&quot;0&quot;,&quot;credit&quot;:&quot;&quot;,&quot;camera&quot;:&quot;&quot;,&quot;caption&quot;:&quot;&quot;,&quot;created_timestamp&quot;:&quot;0&quot;,&quot;copyright&quot;:&quot;&quot;,&quot;focal_length&quot;:&quot;0&quot;,&quot;iso&quot;:&quot;0&quot;,&quot;shutter_speed&quot;:&quot;0&quot;,&quot;title&quot;:&quot;&quot;,&quot;orientation&quot;:&quot;0&quot;}\" data-image-title=\"HPS maquete expans\u00e3o\" data-image-description=\"\" data-image-caption=\"&lt;p&gt;A maquee do novo pr\u00e9dio para expans\u00e3o do HPS&lt;\/p&gt;\n\" data-large-file=\"https:\/\/www.jornalja.com.br\/geral\/wp-content\/uploads\/sites\/4\/2024\/04\/hps-maquete-expansao.png\" class=\"size-full wp-image-97208\" src=\"https:\/\/www.jornalja.com.br\/geral\/wp-content\/uploads\/sites\/4\/2024\/04\/hps-maquete-expansao.png\" alt=\"\" width=\"224\" height=\"145\" \/><figcaption id=\"caption-attachment-97208\" class=\"wp-caption-text\">A maquete do novo pr\u00e9dio para expans\u00e3o do HPS na av. Jos\u00e9 Bonif\u00e1cio.<\/figcaption><\/figure>\n<p>&nbsp;<\/p>\n<p>&nbsp;<\/p>\n<p>&nbsp;<\/p>\n","protected":false},"excerpt":{"rendered":"<p>Duas tendas de lona branca foram instaladas no terreno onde ser\u00e1 constru\u00eddo o novo pr\u00e9dio de oito andares, anexo ao\u00a0 Hospital de Pronto Socorro de Porto Alegre. Ali, na sexta-feira 19 de abril,\u00a0 a Funda\u00e7\u00e3o Pr\u00f3 HPS reuniu convidados &#8211; diretores do hospital, antigos funcion\u00e1rios homenageados, autoridades e a imprensa para comemorar os 80 anos [&hellip;]<\/p>\n","protected":false},"author":4,"featured_media":97204,"comment_status":"closed","ping_status":"open","sticky":false,"template":"","format":"standard","meta":{"jetpack_post_was_ever_published":false,"_jetpack_newsletter_access":"","_jetpack_dont_email_post_to_subs":false,"_jetpack_newsletter_tier_id":0,"_jetpack_memberships_contains_paywalled_content":false,"_jetpack_memberships_contains_paid_content":false,"footnotes":"","jetpack_publicize_message":"","jetpack_publicize_feature_enabled":true,"jetpack_social_post_already_shared":true,"jetpack_social_options":{"image_generator_settings":{"template":"highway","default_image_id":0,"font":"","enabled":false},"version":2}},"categories":[2],"tags":[],"class_list":["post-97198","post","type-post","status-publish","format-standard","has-post-thumbnail","hentry","category-geral"],"aioseo_notices":[],"jetpack_publicize_connections":[],"jetpack_featured_media_url":"https:\/\/www.jornalja.com.br\/geral\/wp-content\/uploads\/sites\/4\/2024\/04\/hps-entrada-scaled.jpg","jetpack_shortlink":"https:\/\/wp.me\/pbKhrD-phI","jetpack-related-posts":[{"id":97062,"url":"https:\/\/www.jornalja.com.br\/geral\/servidores-denunciam-precarizacao-do-atendimento-no-hospital-de-pronto-socorro\/","url_meta":{"origin":97198,"position":0},"title":"Servidores denunciam precariza\u00e7\u00e3o do atendimento no Hospital de Pronto Socorro","author":"da Reda\u00e7\u00e3o","date":"16 de mar\u00e7o de 2024","format":false,"excerpt":"A Associa\u00e7\u00e3o dos Servidores do Hospital de Pronto Socorro de Porto Alegre est\u00e1 alertando para a precariza\u00e7\u00e3o do atendimento no hospital, que \u00e9 refer\u00eancia em emerg\u00eancias no Estado. Segundo notas que a entidade tem distribu\u00eddo \u00e0 imprensa, o HPS vive um quadro de superlota\u00e7\u00e3o cr\u00f4nica, resultado de um aumento da\u2026","rel":"","context":"Em &quot;Geral-MAT\u00c9RIA&quot;","block_context":{"text":"Geral-MAT\u00c9RIA","link":"https:\/\/www.jornalja.com.br\/geral\/category\/geral\/"},"img":{"alt_text":"","src":"https:\/\/i0.wp.com\/www.jornalja.com.br\/geral\/wp-content\/uploads\/sites\/4\/2024\/03\/hps-fachada-scaled.jpg?resize=350%2C200&ssl=1","width":350,"height":200,"srcset":"https:\/\/i0.wp.com\/www.jornalja.com.br\/geral\/wp-content\/uploads\/sites\/4\/2024\/03\/hps-fachada-scaled.jpg?resize=350%2C200&ssl=1 1x, https:\/\/i0.wp.com\/www.jornalja.com.br\/geral\/wp-content\/uploads\/sites\/4\/2024\/03\/hps-fachada-scaled.jpg?resize=525%2C300&ssl=1 1.5x, https:\/\/i0.wp.com\/www.jornalja.com.br\/geral\/wp-content\/uploads\/sites\/4\/2024\/03\/hps-fachada-scaled.jpg?resize=700%2C400&ssl=1 2x, https:\/\/i0.wp.com\/www.jornalja.com.br\/geral\/wp-content\/uploads\/sites\/4\/2024\/03\/hps-fachada-scaled.jpg?resize=1050%2C600&ssl=1 3x, https:\/\/i0.wp.com\/www.jornalja.com.br\/geral\/wp-content\/uploads\/sites\/4\/2024\/03\/hps-fachada-scaled.jpg?resize=1400%2C800&ssl=1 4x"},"classes":[]},{"id":89152,"url":"https:\/\/www.jornalja.com.br\/geral\/melo-quer-construir-segundo-hospital-de-pronto-socorro-no-quatro-distrito\/","url_meta":{"origin":97198,"position":1},"title":"Melo quer construir segundo Hospital de Pronto Socorro no quarto distrito","author":"Felipe Uhr","date":"6 de agosto de 2021","format":false,"excerpt":"\"Temos que ter um segundo pronto-socorro que atenda pelo SUS e todos os conv\u00eanios\" afirmou o prefeito Sebasti\u00e3o Melo em entrevista ao Jornal J\u00e1 nesta sexta-feira. Ainda sem \"nada em vista\", (or\u00e7amento, localiza\u00e7\u00e3o, recursos)\u00a0 Melo acredita que o hospital possa ser constru\u00eddo no quatro distrito. \"N\u00f3s ontem aprovamos a tese\u2026","rel":"","context":"Em &quot;Geral-MAT\u00c9RIA&quot;","block_context":{"text":"Geral-MAT\u00c9RIA","link":"https:\/\/www.jornalja.com.br\/geral\/category\/geral\/"},"img":{"alt_text":"","src":"https:\/\/i0.wp.com\/www.jornalja.com.br\/geral\/wp-content\/uploads\/sites\/4\/2021\/08\/meloprefeitoentrevista05082021-1600pxl.jpg?resize=350%2C200&ssl=1","width":350,"height":200,"srcset":"https:\/\/i0.wp.com\/www.jornalja.com.br\/geral\/wp-content\/uploads\/sites\/4\/2021\/08\/meloprefeitoentrevista05082021-1600pxl.jpg?resize=350%2C200&ssl=1 1x, https:\/\/i0.wp.com\/www.jornalja.com.br\/geral\/wp-content\/uploads\/sites\/4\/2021\/08\/meloprefeitoentrevista05082021-1600pxl.jpg?resize=525%2C300&ssl=1 1.5x, https:\/\/i0.wp.com\/www.jornalja.com.br\/geral\/wp-content\/uploads\/sites\/4\/2021\/08\/meloprefeitoentrevista05082021-1600pxl.jpg?resize=700%2C400&ssl=1 2x, https:\/\/i0.wp.com\/www.jornalja.com.br\/geral\/wp-content\/uploads\/sites\/4\/2021\/08\/meloprefeitoentrevista05082021-1600pxl.jpg?resize=1050%2C600&ssl=1 3x, https:\/\/i0.wp.com\/www.jornalja.com.br\/geral\/wp-content\/uploads\/sites\/4\/2021\/08\/meloprefeitoentrevista05082021-1600pxl.jpg?resize=1400%2C800&ssl=1 4x"},"classes":[]},{"id":89136,"url":"https:\/\/www.jornalja.com.br\/geral\/pronto-socorro-redencao-e-gasometro-na-lista-de-novas-concessoes-e-ppps-em-porto-alegre\/","url_meta":{"origin":97198,"position":2},"title":"Pronto Socorro, Reden\u00e7\u00e3o e Gas\u00f4metro na lista de novas concess\u00f5es e PPPs em Porto Alegre","author":"da Reda\u00e7\u00e3o","date":"5 de agosto de 2021","format":false,"excerpt":"A prefeitura de Porto Alegre vai encomendar estudos para oito novos projetos de parcerias privadas e a concess\u00e3o de quatro parques p\u00fablicos, incluindo a Reden\u00e7\u00e3o e o Parque Moinhos de Vento. Na lista das parcerias est\u00e3o o Hospital de Pronto Socorro, a Usina do Gas\u00f4metro e o Museu Joaquim Felizardo.\u2026","rel":"","context":"Em &quot;Geral-MAT\u00c9RIA&quot;","block_context":{"text":"Geral-MAT\u00c9RIA","link":"https:\/\/www.jornalja.com.br\/geral\/category\/geral\/"},"img":{"alt_text":"","src":"https:\/\/i0.wp.com\/www.jornalja.com.br\/geral\/wp-content\/uploads\/sites\/4\/2020\/12\/portoalegre-cristinerochol-pmpa.jpg?resize=350%2C200&ssl=1","width":350,"height":200,"srcset":"https:\/\/i0.wp.com\/www.jornalja.com.br\/geral\/wp-content\/uploads\/sites\/4\/2020\/12\/portoalegre-cristinerochol-pmpa.jpg?resize=350%2C200&ssl=1 1x, https:\/\/i0.wp.com\/www.jornalja.com.br\/geral\/wp-content\/uploads\/sites\/4\/2020\/12\/portoalegre-cristinerochol-pmpa.jpg?resize=525%2C300&ssl=1 1.5x, https:\/\/i0.wp.com\/www.jornalja.com.br\/geral\/wp-content\/uploads\/sites\/4\/2020\/12\/portoalegre-cristinerochol-pmpa.jpg?resize=700%2C400&ssl=1 2x, https:\/\/i0.wp.com\/www.jornalja.com.br\/geral\/wp-content\/uploads\/sites\/4\/2020\/12\/portoalegre-cristinerochol-pmpa.jpg?resize=1050%2C600&ssl=1 3x, https:\/\/i0.wp.com\/www.jornalja.com.br\/geral\/wp-content\/uploads\/sites\/4\/2020\/12\/portoalegre-cristinerochol-pmpa.jpg?resize=1400%2C800&ssl=1 4x"},"classes":[]},{"id":95611,"url":"https:\/\/www.jornalja.com.br\/geral\/pronto-socorro-associacao-dos-funcionarios-diz-que-situacao-e-de-gravidade-cronica\/","url_meta":{"origin":97198,"position":3},"title":"Pronto Socorro: Associa\u00e7\u00e3o dos Funcion\u00e1rios diz que situa\u00e7\u00e3o \u00e9 de &#8220;gravidade cr\u00f4nica&#8221;","author":"da Reda\u00e7\u00e3o","date":"16 de junho de 2023","format":false,"excerpt":"Recebemos da Associa\u00e7\u00e3o dos Servidores do Hospital de Pronto Socorro - ASHPS - a seguinte nota: \"Com a chuva iniciada ontem, quinta-feira (15), alagamentos voltam a ocorrer no Hospital de Pronto Socorro de Porto Alegre - HPS. O problema n\u00e3o \u00e9 novidade h\u00e1 muito tempo, sendo por vezes banalizado, mas\u2026","rel":"","context":"Em &quot;Geral-MAT\u00c9RIA&quot;","block_context":{"text":"Geral-MAT\u00c9RIA","link":"https:\/\/www.jornalja.com.br\/geral\/category\/geral\/"},"img":{"alt_text":"","src":"https:\/\/i0.wp.com\/www.jornalja.com.br\/geral\/wp-content\/uploads\/sites\/4\/2023\/06\/hps-chuvas-2.jpg?resize=350%2C200&ssl=1","width":350,"height":200,"srcset":"https:\/\/i0.wp.com\/www.jornalja.com.br\/geral\/wp-content\/uploads\/sites\/4\/2023\/06\/hps-chuvas-2.jpg?resize=350%2C200&ssl=1 1x, https:\/\/i0.wp.com\/www.jornalja.com.br\/geral\/wp-content\/uploads\/sites\/4\/2023\/06\/hps-chuvas-2.jpg?resize=525%2C300&ssl=1 1.5x"},"classes":[]},{"id":83346,"url":"https:\/\/www.jornalja.com.br\/geral\/sindicato-dos-municiparios-diz-que-e-irresponsavel-retomar-todas-as-atividades-agora\/","url_meta":{"origin":97198,"position":4},"title":"Sindicato dos municip\u00e1rios diz que \u00e9 &#8220;irrespons\u00e1vel&#8221; retomar todas as atividades agora em Porto Alegre","author":"Cleber Dioni Tentardini","date":"7 de maio de 2020","format":false,"excerpt":"O diretor-geral do Sindicato dos Municip\u00e1rios de Porto Alegre - Simpa, Jonas Reis, classifica como \"irrespons\u00e1vel\" a decis\u00e3o do prefeito Nelson Marchezan de determinar o retorno ao trabalho de todos os servidores p\u00fablicos municipais, com exce\u00e7\u00e3o da Educa\u00e7\u00e3o. Alguns j\u00e1 retornaram na ter\u00e7a-feira, dia 5,\u00a0 outros voltam ao trabalho a\u2026","rel":"","context":"Em &quot;Geral-MAT\u00c9RIA&quot;","block_context":{"text":"Geral-MAT\u00c9RIA","link":"https:\/\/www.jornalja.com.br\/geral\/category\/geral\/"},"img":{"alt_text":"","src":"https:\/\/i0.wp.com\/www.jornalja.com.br\/geral\/wp-content\/uploads\/sites\/4\/2020\/05\/49842113026_b1ef5c548e_o-scaled.jpg?resize=350%2C200&ssl=1","width":350,"height":200,"srcset":"https:\/\/i0.wp.com\/www.jornalja.com.br\/geral\/wp-content\/uploads\/sites\/4\/2020\/05\/49842113026_b1ef5c548e_o-scaled.jpg?resize=350%2C200&ssl=1 1x, https:\/\/i0.wp.com\/www.jornalja.com.br\/geral\/wp-content\/uploads\/sites\/4\/2020\/05\/49842113026_b1ef5c548e_o-scaled.jpg?resize=525%2C300&ssl=1 1.5x, https:\/\/i0.wp.com\/www.jornalja.com.br\/geral\/wp-content\/uploads\/sites\/4\/2020\/05\/49842113026_b1ef5c548e_o-scaled.jpg?resize=700%2C400&ssl=1 2x"},"classes":[]},{"id":100251,"url":"https:\/\/www.jornalja.com.br\/geral\/evento-na-redencao-marca-os-30-anos-do-samu-em-porto-alegre\/","url_meta":{"origin":97198,"position":5},"title":"Evento na Reden\u00e7\u00e3o marca os 30  anos do SAMU em Porto Alegre","author":"Elmar Bones","date":"20 de novembro de 2025","format":false,"excerpt":"O Servi\u00e7o de Atendimento M\u00f3vel de Urg\u00eancia (Samu) de Porto Alegre \u00e9 pioneiro no pa\u00eds e refer\u00eancia nacional h\u00e1 30 anos. O anivers\u00e1rio foi marcado esta semana por um Simp\u00f3sio sobre Atendimento Pr\u00e9-Hospitalar, com mesas-redondas, palestras e pain\u00e9is, no anfiteatro do Hospital de Cl\u00ednicas de Porto Alegre. Participaram profissionais de\u2026","rel":"","context":"Em &quot;Geral-MAT\u00c9RIA&quot;","block_context":{"text":"Geral-MAT\u00c9RIA","link":"https:\/\/www.jornalja.com.br\/geral\/category\/geral\/"},"img":{"alt_text":"","src":"https:\/\/i0.wp.com\/www.jornalja.com.br\/geral\/wp-content\/uploads\/sites\/4\/2025\/11\/samu.jpg?resize=350%2C200&ssl=1","width":350,"height":200,"srcset":"https:\/\/i0.wp.com\/www.jornalja.com.br\/geral\/wp-content\/uploads\/sites\/4\/2025\/11\/samu.jpg?resize=350%2C200&ssl=1 1x, https:\/\/i0.wp.com\/www.jornalja.com.br\/geral\/wp-content\/uploads\/sites\/4\/2025\/11\/samu.jpg?resize=525%2C300&ssl=1 1.5x, https:\/\/i0.wp.com\/www.jornalja.com.br\/geral\/wp-content\/uploads\/sites\/4\/2025\/11\/samu.jpg?resize=700%2C400&ssl=1 2x"},"classes":[]}],"jetpack_sharing_enabled":true,"_links":{"self":[{"href":"https:\/\/www.jornalja.com.br\/geral\/wp-json\/wp\/v2\/posts\/97198","targetHints":{"allow":["GET"]}}],"collection":[{"href":"https:\/\/www.jornalja.com.br\/geral\/wp-json\/wp\/v2\/posts"}],"about":[{"href":"https:\/\/www.jornalja.com.br\/geral\/wp-json\/wp\/v2\/types\/post"}],"author":[{"embeddable":true,"href":"https:\/\/www.jornalja.com.br\/geral\/wp-json\/wp\/v2\/users\/4"}],"replies":[{"embeddable":true,"href":"https:\/\/www.jornalja.com.br\/geral\/wp-json\/wp\/v2\/comments?post=97198"}],"version-history":[{"count":5,"href":"https:\/\/www.jornalja.com.br\/geral\/wp-json\/wp\/v2\/posts\/97198\/revisions"}],"predecessor-version":[{"id":97217,"href":"https:\/\/www.jornalja.com.br\/geral\/wp-json\/wp\/v2\/posts\/97198\/revisions\/97217"}],"wp:featuredmedia":[{"embeddable":true,"href":"https:\/\/www.jornalja.com.br\/geral\/wp-json\/wp\/v2\/media\/97204"}],"wp:attachment":[{"href":"https:\/\/www.jornalja.com.br\/geral\/wp-json\/wp\/v2\/media?parent=97198"}],"wp:term":[{"taxonomy":"category","embeddable":true,"href":"https:\/\/www.jornalja.com.br\/geral\/wp-json\/wp\/v2\/categories?post=97198"},{"taxonomy":"post_tag","embeddable":true,"href":"https:\/\/www.jornalja.com.br\/geral\/wp-json\/wp\/v2\/tags?post=97198"}],"curies":[{"name":"wp","href":"https:\/\/api.w.org\/{rel}","templated":true}]}}