{"id":97408,"date":"2024-05-31T18:27:52","date_gmt":"2024-05-31T21:27:52","guid":{"rendered":"https:\/\/www.jornalja.com.br\/geral\/?p=97408"},"modified":"2024-06-13T22:39:10","modified_gmt":"2024-06-14T01:39:10","slug":"porto-alegre-servicos-de-saude-no-fim-de-semana-1-e-2-06","status":"publish","type":"post","link":"https:\/\/www.jornalja.com.br\/geral\/porto-alegre-servicos-de-saude-no-fim-de-semana-1-e-2-06\/","title":{"rendered":"Porto Alegre: Servi\u00e7os de Sa\u00fade no fim de semana, 1 e 2\/06"},"content":{"rendered":"<p>Porto Alegre ter\u00e1 cinco unidades de sa\u00fade abertas neste fim de semana, al\u00e9m de cinco unidades m\u00f3veis, integrando a\u00e7\u00f5es da Opera\u00e7\u00e3o Inverno na Secretaria Municipal de Sa\u00fade (SMS). Os profissionais seguem no atendimento junto aos abrigos provis\u00f3rios.<\/p>\n<p>S\u00e1bado e domingo, 1\u00ba e 2 de junho, das 10h \u00e0s 19h, atendem a popula\u00e7\u00e3o a unidade de sa\u00fade <strong>Beco do Adelar<\/strong> e as cl\u00ednicas da fam\u00edlia <strong>Jos\u00e9 Mauro Ceratti Lopes, Moab Caldas, Modelo e Tristeza<\/strong>, com acesso a\u00a0atendimento m\u00e9dico,\u00a0de enfermagem e vacina\u00e7\u00e3o. J\u00e1 as unidades m\u00f3veis t\u00eam hor\u00e1rios diferentes, quatro delas com vacina\u00e7\u00e3o contra a gripe (Influenza), Covid-19, difteria e t\u00e9tano. Confira abaixo os endere\u00e7os e hor\u00e1rios.<\/p>\n<p>O hospital de campanha ao lado da <strong>Unidade de Pronto Atendimento Moacyr Scliar<\/strong>, na Zona Norte, funciona 24 horas, todos os dias, com recursos humanos do Grupo Hospitalar Concei\u00e7\u00e3o e volunt\u00e1rios da For\u00e7a Nacional do SUS. Outra op\u00e7\u00e3o \u00e9 o hospital de campanha em parceria com o Ex\u00e9rcito Brasileiro, ao lado do <strong>Pronto Atendimento Bom Jesus<\/strong>, Zona Leste da cidade.<\/p>\n<p><strong>Unidades de sa\u00fade, das 10h \u00e0s 19h:<\/strong><br \/>\n-Beco do Adelar (avenida Juca Batista, 3480 &#8211; bairro Campo Novo)<br \/>\n-Jos\u00e9 Mauro Ceratti Lopes (Estrada Jo\u00e3o Ant\u00f4nio da Silveira, 3330 &#8211; bairro Restinga)<br \/>\n-Moab Caldas (avenida Moab Caldas, 400 &#8211; bairro Santa Tereza)<br \/>\n-Modelo (avenida Jer\u00f4nimo de Ornelas, 55 &#8211; bairro Santana)<br \/>\n-Tristeza (avenida Wenceslau Escobar, 2442 &#8211; bairro Tristeza)<\/p>\n<p>-Unidades m\u00f3veis s\u00e1bado e domingo, das 9h \u00e0s 18h, com atendimento m\u00e9dico, de enfermagem e vacina\u00e7\u00e3o:<br \/>\n-Shopping Total (avenida Crist\u00f3v\u00e3o Colombo, 545)<br \/>\n-Largo Zumbi dos Palmares (avenida Loureiro da Silva, 730)<br \/>\n-Ao lado do Cemit\u00e9rio Jardim da Paz (rua Jo\u00e3o de Oliveira Remi\u00e3o, 1347)<\/p>\n<p><strong>Unidades m\u00f3veis s\u00e1bado:<\/strong><br \/>\nBoulevard Assis Brasil (avenida Assis Brasil, 4320), das 9h \u00e0s 17h, com atendimento m\u00e9dico e odontol\u00f3gico. <strong>Vacina\u00e7\u00e3o das 9h \u00e0s 13h.<\/strong><br \/>\nFtec Faculdades (avenida Assis Brasil, 7765), das 9h \u00e0s 17h, com atendimento m\u00e9dico e odontol\u00f3gico. Sem vacina\u00e7\u00e3o.<\/p>\n<p><strong>Prontos-atendimentos 24h:<\/strong><br \/>\n-PA Cruzeiro do Sul (rua Professor Manoel Lobato, 151 &#8211; Santa Tereza)<br \/>\n-PA Bom Jesus (rua Bom Jesus, 410 &#8211; Bom Jesus), com refor\u00e7o do hospital de campanha ao lado<br \/>\n-PA Lomba do Pinheiro (Estrada Jo\u00e3o de Oliveira Remi\u00e3o, 5120, parada 12 &#8211; Lomba do Pinheiro)<br \/>\n-PA de Sa\u00fade Mental IAPI (rua Valentim Vicentini, s\/n\u00ba &#8211; fone: 3289-3456)<br \/>\n-UPA Zona Norte Moacyr Scliar (rua Jer\u00f4nimo Velmonovitz, esquina com avenida Assis Brasil &#8211; fone: 3368-1619), com refor\u00e7o do hospital de campanha ao lado<\/p>\n<p><strong>Hospitais 24h:<\/strong><br \/>\n-Hospital de Pronto Socorro (Largo Teodoro Herzl, s\/n\u00ba, bairro Bom Fim)<br \/>\n-Hospital Materno Infantil Presidente Vargas &#8211; emerg\u00eancias obst\u00e9trica e pedi\u00e1trica (avenida -Independ\u00eancia, 661)<\/p>\n<p>(<strong>Com informa\u00e7\u00f5es da Assessoria)<\/strong><\/p>\n","protected":false},"excerpt":{"rendered":"<p>Porto Alegre ter\u00e1 cinco unidades de sa\u00fade abertas neste fim de semana, al\u00e9m de cinco unidades m\u00f3veis, integrando a\u00e7\u00f5es da Opera\u00e7\u00e3o Inverno na Secretaria Municipal de Sa\u00fade (SMS). Os profissionais seguem no atendimento junto aos abrigos provis\u00f3rios. S\u00e1bado e domingo, 1\u00ba e 2 de junho, das 10h \u00e0s 19h, atendem a popula\u00e7\u00e3o a unidade de [&hellip;]<\/p>\n","protected":false},"author":4,"featured_media":0,"comment_status":"closed","ping_status":"open","sticky":false,"template":"","format":"standard","meta":{"jetpack_post_was_ever_published":false,"_jetpack_newsletter_access":"","_jetpack_dont_email_post_to_subs":false,"_jetpack_newsletter_tier_id":0,"_jetpack_memberships_contains_paywalled_content":false,"_jetpack_memberships_contains_paid_content":false,"footnotes":"","jetpack_publicize_message":"","jetpack_publicize_feature_enabled":true,"jetpack_social_post_already_shared":true,"jetpack_social_options":{"image_generator_settings":{"template":"highway","default_image_id":0,"font":"","enabled":false},"version":2}},"categories":[28],"tags":[],"class_list":["post-97408","post","type-post","status-publish","format-standard","hentry","category-geral-notas"],"aioseo_notices":[],"jetpack_publicize_connections":[],"jetpack_featured_media_url":"","jetpack_shortlink":"https:\/\/wp.me\/pbKhrD-pl6","jetpack-related-posts":[{"id":101159,"url":"https:\/\/www.jornalja.com.br\/geral\/governo-federal-libera-recursos-para-construcao-de-28-unidades-de-saude-no-rs\/","url_meta":{"origin":97408,"position":0},"title":"Governo Federal libera recursos para constru\u00e7\u00e3o de 28 unidades de sa\u00fade no RS","author":"da Reda\u00e7\u00e3o","date":"24 de abril de 2026","format":false,"excerpt":"Nesta sexta feira (24), \u00e0s 14h, o Governo Federal realiza a emiss\u00e3o de ordem de servi\u00e7o para in\u00edcio da constru\u00e7\u00e3o de 28 unidades de sa\u00fade no Rio Grande do Sul, sendo quatro Centros de Aten\u00e7\u00e3o Psicossocial (CAPS) e 24 Unidades B\u00e1sicas de Sa\u00fade (UBS). A iniciativa marca a maior libera\u00e7\u00e3o\u2026","rel":"","context":"Em &quot;Geral-NOTAS&quot;","block_context":{"text":"Geral-NOTAS","link":"https:\/\/www.jornalja.com.br\/geral\/category\/geral-notas\/"},"img":{"alt_text":"","src":"","width":0,"height":0},"classes":[]},{"id":76042,"url":"https:\/\/www.jornalja.com.br\/geral\/casos-de-sarampo-alteram-recomendacao-para-vacinacao-de-criancas\/","url_meta":{"origin":97408,"position":1},"title":"Casos de sarampo alteram recomenda\u00e7\u00e3o para vacina\u00e7\u00e3o de crian\u00e7as","author":"Carlos Matsubara","date":"7 de agosto de 2019","format":false,"excerpt":"Beb\u00eas de seis meses a menos de um ano que forem viajar para algum dos 39 munic\u00edpios de S\u00e3o Paulo (SP), Rio de Janeiro (RJ) e Par\u00e1 (PA) com surto ativo de sarampo devem tomar uma dose extra da vacina tr\u00edplice viral, pelo menos 15 dias antes da viagem. A\u2026","rel":"","context":"Em &quot;Geral-MAT\u00c9RIA&quot;","block_context":{"text":"Geral-MAT\u00c9RIA","link":"https:\/\/www.jornalja.com.br\/geral\/category\/geral\/"},"img":{"alt_text":"","src":"https:\/\/i0.wp.com\/www.jornalja.com.br\/wp-content\/uploads\/2019\/08\/vacinacao-450x300.jpg?resize=350%2C200&ssl=1","width":350,"height":200},"classes":[]},{"id":94555,"url":"https:\/\/www.jornalja.com.br\/geral\/covid-em-porto-alegre-confira-a-vacinacao-em-criancas-e-adultos\/","url_meta":{"origin":97408,"position":2},"title":"Covid em Porto Alegre: confira a vacina\u00e7\u00e3o em crian\u00e7as e adultos","author":"da Reda\u00e7\u00e3o","date":"18 de dezembro de 2022","format":false,"excerpt":"A Secretaria Municipal de Sa\u00fade (SMS) prossegue nesta segunda-feira, 19, com a vacina\u00e7\u00e3o contra Covid-19 de beb\u00eas a partir de seis meses at\u00e9 menores de 3 anos com comorbidades. A vacina pedi\u00e1trica Pfizer baby estar\u00e1 dispon\u00edvel em dez unidades de sa\u00fade (Santa Marta, Tristeza, Primeiro de Maio, \u00c1lvaro Difini, Navegantes,\u2026","rel":"","context":"Em &quot;Geral-NOTAS&quot;","block_context":{"text":"Geral-NOTAS","link":"https:\/\/www.jornalja.com.br\/geral\/category\/geral-notas\/"},"img":{"alt_text":"","src":"","width":0,"height":0},"classes":[]},{"id":88369,"url":"https:\/\/www.jornalja.com.br\/geral\/agendamento-de-vacinas-por-aplicativo-em-porto-alegre-comeca-em-tres-unidades\/","url_meta":{"origin":97408,"position":3},"title":"Agendamento de vacinas por aplicativo em Porto Alegre come\u00e7a em tr\u00eas unidades","author":"da Reda\u00e7\u00e3o","date":"23 de junho de 2021","format":false,"excerpt":"Desde ter\u00e7a-feira, 22, est\u00e1 dispon\u00edvel para a popula\u00e7\u00e3o de Porto Alegre\u00a0 o agendamento de vacina via aplicativo 156+POA. Na fase de testes,\u00a0 o agendamentos come\u00e7ar\u00e1 em tr\u00eas unidades de sa\u00fade: Morro Santana Tristeza S\u00e3o Carlos Hor\u00e1rio das 18 \u00e0s 21h, a vacina\u00e7\u00e3o ocorrer\u00e1 em per\u00edodos de 20 em 20 minutos\u2026","rel":"","context":"Em &quot;Geral-NOTAS&quot;","block_context":{"text":"Geral-NOTAS","link":"https:\/\/www.jornalja.com.br\/geral\/category\/geral-notas\/"},"img":{"alt_text":"","src":"https:\/\/i0.wp.com\/www.jornalja.com.br\/geral\/wp-content\/uploads\/sites\/4\/2021\/06\/cats-1.jpg?resize=350%2C200&ssl=1","width":350,"height":200,"srcset":"https:\/\/i0.wp.com\/www.jornalja.com.br\/geral\/wp-content\/uploads\/sites\/4\/2021\/06\/cats-1.jpg?resize=350%2C200&ssl=1 1x, https:\/\/i0.wp.com\/www.jornalja.com.br\/geral\/wp-content\/uploads\/sites\/4\/2021\/06\/cats-1.jpg?resize=525%2C300&ssl=1 1.5x"},"classes":[]},{"id":89558,"url":"https:\/\/www.jornalja.com.br\/geral\/porto-alegre-ultrapassa-600-mil-pessoas-com-vacinacao-completa-contra-covid\/","url_meta":{"origin":97408,"position":4},"title":"Porto Alegre ultrapassa 600 mil pessoas com vacina\u00e7\u00e3o completa contra covid","author":"da Reda\u00e7\u00e3o","date":"26 de agosto de 2021","format":false,"excerpt":"Porto Alegre atingiu na quarta-feira a marca de 600 mil pessoas vacinadas com as duas doses ou dose \u00fanica. A informa\u00e7\u00e3o est\u00e1 no site. At\u00e9 o inicio da manh\u00e3 desta quinta-feira estavam registrados\u00a0 616.670 mil pessoas com esquema vacinal completo, o que representa 54,6% da popula\u00e7\u00e3o. Foram 993.175 mil aplica\u00e7\u00f5es\u2026","rel":"","context":"Em &quot;Geral-MAT\u00c9RIA&quot;","block_context":{"text":"Geral-MAT\u00c9RIA","link":"https:\/\/www.jornalja.com.br\/geral\/category\/geral\/"},"img":{"alt_text":"","src":"https:\/\/i0.wp.com\/www.jornalja.com.br\/geral\/wp-content\/uploads\/sites\/4\/2021\/08\/210825-cristinerochol-vacinacaocovid-sms-077.jpg?resize=350%2C200&ssl=1","width":350,"height":200,"srcset":"https:\/\/i0.wp.com\/www.jornalja.com.br\/geral\/wp-content\/uploads\/sites\/4\/2021\/08\/210825-cristinerochol-vacinacaocovid-sms-077.jpg?resize=350%2C200&ssl=1 1x, https:\/\/i0.wp.com\/www.jornalja.com.br\/geral\/wp-content\/uploads\/sites\/4\/2021\/08\/210825-cristinerochol-vacinacaocovid-sms-077.jpg?resize=525%2C300&ssl=1 1.5x, https:\/\/i0.wp.com\/www.jornalja.com.br\/geral\/wp-content\/uploads\/sites\/4\/2021\/08\/210825-cristinerochol-vacinacaocovid-sms-077.jpg?resize=700%2C400&ssl=1 2x"},"classes":[]},{"id":100646,"url":"https:\/\/www.jornalja.com.br\/geral\/corrida-aos-consignados-causa-colapso-no-sistema-do-meu-inss-em-porto-alegre-houve-tumulto\/","url_meta":{"origin":97408,"position":5},"title":"Corrida aos consignados causa colapso no sistema do INSS; em Porto Alegre houve tumulto","author":"Elmar Bones","date":"26 de janeiro de 2026","format":false,"excerpt":"\u00c0 v\u00e9spera de uma paralisa\u00e7\u00e3o programada para atualiza\u00e7\u00e3o do sistema, o INSS foi surpreendido com uma avalanche de acessos em busca de empr\u00e9stimos consignados. O presidente do INSS, Gilberto Waller,\u00a0 disse em entrevista \u00e0 Ga\u00facha que o aplicativo Meu INSS colapsou diante de uma demanda seis vezes maior nos \u00faltimos\u2026","rel":"","context":"Em &quot;MANCHETE do Site&quot;","block_context":{"text":"MANCHETE do Site","link":"https:\/\/www.jornalja.com.br\/geral\/category\/manchete-do-site\/"},"img":{"alt_text":"","src":"https:\/\/i0.wp.com\/www.jornalja.com.br\/geral\/wp-content\/uploads\/sites\/4\/2026\/01\/inss-consignados-demanda.png?resize=350%2C200&ssl=1","width":350,"height":200},"classes":[]}],"jetpack_sharing_enabled":true,"_links":{"self":[{"href":"https:\/\/www.jornalja.com.br\/geral\/wp-json\/wp\/v2\/posts\/97408","targetHints":{"allow":["GET"]}}],"collection":[{"href":"https:\/\/www.jornalja.com.br\/geral\/wp-json\/wp\/v2\/posts"}],"about":[{"href":"https:\/\/www.jornalja.com.br\/geral\/wp-json\/wp\/v2\/types\/post"}],"author":[{"embeddable":true,"href":"https:\/\/www.jornalja.com.br\/geral\/wp-json\/wp\/v2\/users\/4"}],"replies":[{"embeddable":true,"href":"https:\/\/www.jornalja.com.br\/geral\/wp-json\/wp\/v2\/comments?post=97408"}],"version-history":[{"count":1,"href":"https:\/\/www.jornalja.com.br\/geral\/wp-json\/wp\/v2\/posts\/97408\/revisions"}],"predecessor-version":[{"id":97409,"href":"https:\/\/www.jornalja.com.br\/geral\/wp-json\/wp\/v2\/posts\/97408\/revisions\/97409"}],"wp:attachment":[{"href":"https:\/\/www.jornalja.com.br\/geral\/wp-json\/wp\/v2\/media?parent=97408"}],"wp:term":[{"taxonomy":"category","embeddable":true,"href":"https:\/\/www.jornalja.com.br\/geral\/wp-json\/wp\/v2\/categories?post=97408"},{"taxonomy":"post_tag","embeddable":true,"href":"https:\/\/www.jornalja.com.br\/geral\/wp-json\/wp\/v2\/tags?post=97408"}],"curies":[{"name":"wp","href":"https:\/\/api.w.org\/{rel}","templated":true}]}}