{"id":97939,"date":"2024-09-29T11:01:28","date_gmt":"2024-09-29T14:01:28","guid":{"rendered":"https:\/\/www.jornalja.com.br\/geral\/?p=97939"},"modified":"2024-09-29T11:27:41","modified_gmt":"2024-09-29T14:27:41","slug":"inscritos-no-enem-confira-as-datas-e-tire-suas-duvidas","status":"publish","type":"post","link":"https:\/\/www.jornalja.com.br\/geral\/inscritos-no-enem-confira-as-datas-e-tire-suas-duvidas\/","title":{"rendered":"Inscritos no Enem: confira as datas e tire suas d\u00favidas"},"content":{"rendered":"<p>Os estudantes inscritos no Exame Nacional do Ensino M\u00e9dio (Enem) 2024 v\u00e3o conhecer os seus respectivos locais de provas na P\u00e1gina do Participante (site oficial do Enem) somente depois do dia 14 de outubro.<\/p>\n<p>As provas ser\u00e3o realizadas nos dias 03 e 10 de novembro para mais de 5 milh\u00f5es de candidatos confirmados.<\/p>\n<p>Os cart\u00f5es de confirma\u00e7\u00e3o do Enem 2024, ter\u00e1 as seguintes informa\u00e7\u00f5es:<\/p>\n<p>Endere\u00e7o do local de prova do participante (sala e bloco);<br \/>\nSe o candidato solicitou o atendimento diferenciado;<br \/>\nL\u00edngua Estrangeira (Ingl\u00eas ou Espanhol);<br \/>\nDados do Participante;<br \/>\nHor\u00e1rios das Provas do exame, de acordo com a hora de Bras\u00edlia;<br \/>\n\u00c9 OBRIGAT\u00d3RIO LEVAR O CART\u00c3O NO DIA DA PROVA?<\/p>\n<p>O\u00a0Cart\u00e3o de Confirma\u00e7\u00e3o\u00a0n\u00e3o \u00e9 obrigat\u00f3rio, por\u00e9m, o\u00a0sistema pode apresentar erro no alocamento de uma participante para o local de prova\u00a0(\u00fanico documento que comprove a situa\u00e7\u00e3o real do participante no exame), portanto, imprima o seu documento do local de prova e leve junto no dia\u00a003 de novembro\u00a0(1\u00b0 dia).<\/p>\n<p>O CART\u00c3O SER\u00c1 ENVIADO POR CORREIOS OU TORPEDO SMS?<\/p>\n<p>O\u00a0Cart\u00e3o de Confirma\u00e7\u00e3o\u00a0n\u00e3o ser\u00e1 enviado por Correios, via e-mail ou torpedo SMS,\u00a0o candidato dever\u00e1 acessar o site da P\u00e1gina do Participante, para consultar o local de prova destinado pelo sistema de alocamento do Enem.<\/p>\n<p>&nbsp;<\/p>\n","protected":false},"excerpt":{"rendered":"<p>Os estudantes inscritos no Exame Nacional do Ensino M\u00e9dio (Enem) 2024 v\u00e3o conhecer os seus respectivos locais de provas na P\u00e1gina do Participante (site oficial do Enem) somente depois do dia 14 de outubro. As provas ser\u00e3o realizadas nos dias 03 e 10 de novembro para mais de 5 milh\u00f5es de candidatos confirmados. Os cart\u00f5es [&hellip;]<\/p>\n","protected":false},"author":4,"featured_media":97940,"comment_status":"closed","ping_status":"open","sticky":false,"template":"","format":"standard","meta":{"jetpack_post_was_ever_published":false,"_jetpack_newsletter_access":"","_jetpack_dont_email_post_to_subs":false,"_jetpack_newsletter_tier_id":0,"_jetpack_memberships_contains_paywalled_content":false,"_jetpack_memberships_contains_paid_content":false,"footnotes":"","jetpack_publicize_message":"","jetpack_publicize_feature_enabled":true,"jetpack_social_post_already_shared":true,"jetpack_social_options":{"image_generator_settings":{"template":"highway","default_image_id":0,"font":"","enabled":false},"version":2}},"categories":[2],"tags":[],"class_list":["post-97939","post","type-post","status-publish","format-standard","has-post-thumbnail","hentry","category-geral"],"aioseo_notices":[],"jetpack_publicize_connections":[],"jetpack_featured_media_url":"https:\/\/www.jornalja.com.br\/geral\/wp-content\/uploads\/sites\/4\/2024\/09\/enem.jpg","jetpack_shortlink":"https:\/\/wp.me\/pbKhrD-ptF","jetpack-related-posts":[{"id":88866,"url":"https:\/\/www.jornalja.com.br\/geral\/ultimo-dia-para-pagar-o-enem-que-ja-tem-mais-de-4-milhoes-de-inscritos\/","url_meta":{"origin":97939,"position":0},"title":"Ultimo dia para pagar o ENEM que j\u00e1 tem mais de 4 milh\u00f5es de inscritos","author":"da Reda\u00e7\u00e3o","date":"19 de julho de 2021","format":false,"excerpt":"Com Ag\u00eancia Brasil Encerra nesta segunda-feira (19) o prazo para pagamento, da taxa de inscri\u00e7\u00e3o no Exame Nacional do Ensino M\u00e9dio (Enem) edi\u00e7\u00e3o 2021. O valor da taxa \u00e9 de R$ 85 e deve ser paga at\u00e9 o fim do dia. \u201cO participante deve se atentar ao hor\u00e1rio estabelecido pela\u2026","rel":"","context":"Em &quot;Geral-NOTAS&quot;","block_context":{"text":"Geral-NOTAS","link":"https:\/\/www.jornalja.com.br\/geral\/category\/geral-notas\/"},"img":{"alt_text":"","src":"","width":0,"height":0},"classes":[]},{"id":99964,"url":"https:\/\/www.jornalja.com.br\/geral\/enem-2025-nova-edicao-da-cartilha-de-redacao-ja-esta-disponivel\/","url_meta":{"origin":97939,"position":1},"title":"ENEM 2025: nova edi\u00e7\u00e3o da Cartilha de Reda\u00e7\u00e3o j\u00e1 est\u00e1 dispon\u00edvel","author":"da Reda\u00e7\u00e3o","date":"4 de outubro de 2025","format":false,"excerpt":"O Instituto Nacional de Estudos e Pesquisas Educacionais An\u00edsio Teixeira (Inep) publicou a nova edi\u00e7\u00e3o da cartilha A Reda\u00e7\u00e3o do Enem 2025 \u2013 Cartilha do Participante. A publica\u00e7\u00e3o traz informa\u00e7\u00f5es importantes, como os crit\u00e9rios de avalia\u00e7\u00e3o da prova (matriz de refer\u00eancia) e amostras comentadas de reda\u00e7\u00f5es que tiraram notas altas\u2026","rel":"","context":"Em &quot;Geral-MAT\u00c9RIA&quot;","block_context":{"text":"Geral-MAT\u00c9RIA","link":"https:\/\/www.jornalja.com.br\/geral\/category\/geral\/"},"img":{"alt_text":"","src":"https:\/\/i0.wp.com\/www.jornalja.com.br\/geral\/wp-content\/uploads\/sites\/4\/2025\/10\/enem.png?resize=350%2C200&ssl=1","width":350,"height":200,"srcset":"https:\/\/i0.wp.com\/www.jornalja.com.br\/geral\/wp-content\/uploads\/sites\/4\/2025\/10\/enem.png?resize=350%2C200&ssl=1 1x, https:\/\/i0.wp.com\/www.jornalja.com.br\/geral\/wp-content\/uploads\/sites\/4\/2025\/10\/enem.png?resize=525%2C300&ssl=1 1.5x"},"classes":[]},{"id":83390,"url":"https:\/\/www.jornalja.com.br\/geral\/inscricoes-para-o-enem-2020-comecam-na-segunda-feira\/","url_meta":{"origin":97939,"position":2},"title":"Inscri\u00e7\u00f5es para o Enem 2020 come\u00e7am na segunda-feira","author":"da Reda\u00e7\u00e3o","date":"10 de maio de 2020","format":false,"excerpt":"As inscri\u00e7\u00f5es para o Exame Nacional do Ensino M\u00e9dio (Enem) 2020 come\u00e7am na pr\u00f3xima segunda-feira (11) e v\u00e3o at\u00e9 o dia 22 de maio. Elas poder\u00e3o ser feitas por meio da\u00a0p\u00e1gina do Enem\u00a0na internet. Enem digital A partir deste ano o Enem ter\u00e1 duas modalidades de provas, as impressas, com\u2026","rel":"","context":"Em &quot;Geral-NOTAS&quot;","block_context":{"text":"Geral-NOTAS","link":"https:\/\/www.jornalja.com.br\/geral\/category\/geral-notas\/"},"img":{"alt_text":"","src":"","width":0,"height":0},"classes":[]},{"id":98084,"url":"https:\/\/www.jornalja.com.br\/geral\/mais-de-quatro-milhoes-de-candidatos-enfrentam-a-prova-mais-dificil-do-enem\/","url_meta":{"origin":97939,"position":3},"title":"Mais de quatro milh\u00f5es de candidatos enfrentam a prova mais dificil do Enem","author":"da Reda\u00e7\u00e3o","date":"1 de novembro de 2024","format":false,"excerpt":"A prova de reda\u00e7\u00e3o do Exame Nacional do Ensino M\u00e9dio (Enem) \u00e9 uma das que mais preocupam os candidatos. O tema s\u00f3 \u00e9 revelado no momento de abertura do caderno de provas, na tarde do pr\u00f3ximo domingo (3). A reda\u00e7\u00e3o equivale a 20% da nota no Enem e \u00e9 a\u2026","rel":"","context":"Em &quot;Geral-MAT\u00c9RIA&quot;","block_context":{"text":"Geral-MAT\u00c9RIA","link":"https:\/\/www.jornalja.com.br\/geral\/category\/geral\/"},"img":{"alt_text":"","src":"https:\/\/i0.wp.com\/www.jornalja.com.br\/geral\/wp-content\/uploads\/sites\/4\/2024\/11\/enem-prova-de-redacao.png?resize=350%2C200&ssl=1","width":350,"height":200,"srcset":"https:\/\/i0.wp.com\/www.jornalja.com.br\/geral\/wp-content\/uploads\/sites\/4\/2024\/11\/enem-prova-de-redacao.png?resize=350%2C200&ssl=1 1x, https:\/\/i0.wp.com\/www.jornalja.com.br\/geral\/wp-content\/uploads\/sites\/4\/2024\/11\/enem-prova-de-redacao.png?resize=525%2C300&ssl=1 1.5x"},"classes":[]},{"id":82703,"url":"https:\/\/www.jornalja.com.br\/geral\/passo-a-passo-como-pedir-isencao-da-taxa-de-inscricao-do-enem\/","url_meta":{"origin":97939,"position":4},"title":"Passo a passo, como pedir isen\u00e7\u00e3o da taxa de inscri\u00e7\u00e3o do Enem","author":"da Reda\u00e7\u00e3o","date":"13 de abril de 2020","format":false,"excerpt":"Em 2019, cerca de 3 milh\u00f5es de estudantes solicitaram a isen\u00e7\u00e3o da taxa de inscri\u00e7ao no Enem, que custava R$ 85. O valor para as provas de 2020 ainda n\u00e3o foi divulgado. Mas o prazo para pleitear a isen\u00e7\u00e3o neste ano est\u00e1 aberto e vai at\u00e9 o dia 17 de\u2026","rel":"","context":"Em &quot;Geral-NOTAS&quot;","block_context":{"text":"Geral-NOTAS","link":"https:\/\/www.jornalja.com.br\/geral\/category\/geral-notas\/"},"img":{"alt_text":"","src":"","width":0,"height":0},"classes":[]},{"id":100205,"url":"https:\/\/www.jornalja.com.br\/geral\/enem-2025-primeira-prova-no-domingo-teve-27-de-abstencao\/","url_meta":{"origin":97939,"position":5},"title":"Enem 2025: Primeira prova no domingo teve 27% de absten\u00e7\u00e3o","author":"da Reda\u00e7\u00e3o","date":"10 de novembro de 2025","format":false,"excerpt":"O primeiro dia de prova do Exame Nacional do Ensino M\u00e9dio (Enem) 2025 registrou 27% de absten\u00e7\u00e3o, percentual semelhante \u00e0 do ano passado (26,6%). Mais de 4,8 milh\u00f5es de candidatos estavam habilitados a participar do Enem. Segundo o minist\u00e9rio, houve 3.240 participantes eliminados por diferentes irregularidades. Foram eliminados candidatos que\u2026","rel":"","context":"Em &quot;Geral-MAT\u00c9RIA&quot;","block_context":{"text":"Geral-MAT\u00c9RIA","link":"https:\/\/www.jornalja.com.br\/geral\/category\/geral\/"},"img":{"alt_text":"","src":"https:\/\/i0.wp.com\/www.jornalja.com.br\/geral\/wp-content\/uploads\/sites\/4\/2025\/06\/enem-dos-concursos.jpg?resize=350%2C200&ssl=1","width":350,"height":200,"srcset":"https:\/\/i0.wp.com\/www.jornalja.com.br\/geral\/wp-content\/uploads\/sites\/4\/2025\/06\/enem-dos-concursos.jpg?resize=350%2C200&ssl=1 1x, https:\/\/i0.wp.com\/www.jornalja.com.br\/geral\/wp-content\/uploads\/sites\/4\/2025\/06\/enem-dos-concursos.jpg?resize=525%2C300&ssl=1 1.5x, https:\/\/i0.wp.com\/www.jornalja.com.br\/geral\/wp-content\/uploads\/sites\/4\/2025\/06\/enem-dos-concursos.jpg?resize=700%2C400&ssl=1 2x, https:\/\/i0.wp.com\/www.jornalja.com.br\/geral\/wp-content\/uploads\/sites\/4\/2025\/06\/enem-dos-concursos.jpg?resize=1050%2C600&ssl=1 3x"},"classes":[]}],"jetpack_sharing_enabled":true,"_links":{"self":[{"href":"https:\/\/www.jornalja.com.br\/geral\/wp-json\/wp\/v2\/posts\/97939","targetHints":{"allow":["GET"]}}],"collection":[{"href":"https:\/\/www.jornalja.com.br\/geral\/wp-json\/wp\/v2\/posts"}],"about":[{"href":"https:\/\/www.jornalja.com.br\/geral\/wp-json\/wp\/v2\/types\/post"}],"author":[{"embeddable":true,"href":"https:\/\/www.jornalja.com.br\/geral\/wp-json\/wp\/v2\/users\/4"}],"replies":[{"embeddable":true,"href":"https:\/\/www.jornalja.com.br\/geral\/wp-json\/wp\/v2\/comments?post=97939"}],"version-history":[{"count":3,"href":"https:\/\/www.jornalja.com.br\/geral\/wp-json\/wp\/v2\/posts\/97939\/revisions"}],"predecessor-version":[{"id":97943,"href":"https:\/\/www.jornalja.com.br\/geral\/wp-json\/wp\/v2\/posts\/97939\/revisions\/97943"}],"wp:featuredmedia":[{"embeddable":true,"href":"https:\/\/www.jornalja.com.br\/geral\/wp-json\/wp\/v2\/media\/97940"}],"wp:attachment":[{"href":"https:\/\/www.jornalja.com.br\/geral\/wp-json\/wp\/v2\/media?parent=97939"}],"wp:term":[{"taxonomy":"category","embeddable":true,"href":"https:\/\/www.jornalja.com.br\/geral\/wp-json\/wp\/v2\/categories?post=97939"},{"taxonomy":"post_tag","embeddable":true,"href":"https:\/\/www.jornalja.com.br\/geral\/wp-json\/wp\/v2\/tags?post=97939"}],"curies":[{"name":"wp","href":"https:\/\/api.w.org\/{rel}","templated":true}]}}