{"id":98063,"date":"2024-10-26T01:55:57","date_gmt":"2024-10-26T04:55:57","guid":{"rendered":"https:\/\/www.jornalja.com.br\/geral\/?p=98063"},"modified":"2024-10-26T11:36:04","modified_gmt":"2024-10-26T14:36:04","slug":"cupula-do-brics-deixa-um-recado-dilma-vem-ai","status":"publish","type":"post","link":"https:\/\/www.jornalja.com.br\/geral\/cupula-do-brics-deixa-um-recado-dilma-vem-ai\/","title":{"rendered":"C\u00fapula do Brics deixa um recado: &#8220;Dilma vem a\u00ed&#8221;"},"content":{"rendered":"<p>Quem\u00a0 acha que a ex-presidente Dilma Rousseff \u00e9 &#8220;carta fora do baralho&#8221; da pol\u00edtica brasileira precisa prestar aten\u00e7\u00e3o na movimenta\u00e7\u00e3o dela no cen\u00e1rio internacional.<\/p>\n<p>Elogiada pelo presidente chin\u00eas, Xi Ginping, Dilma foi ungida pelo presidente russo,\u00a0 Vladimir Putin para mais um mandato na presid\u00eancia do Banco do Brics.<\/p>\n<p>Seu mandato na presid\u00eancia do banco\u00a0 do\u00a0 grupo termina em julho do ano que vem.<\/p>\n<p>Caberia \u00e0 R\u00fassia indicar o novo presidente\u00a0 e Putin j\u00e1 se antecipou e indicou sua reelei\u00e7\u00e3o por mais um mandato de cinco anos.<\/p>\n<p>Dilma defende a amplia\u00e7\u00e3o do bloco e o aumento dos financiamentos em moedas nacionais, em substitui\u00e7\u00e3o ao d\u00f3lar estadunidense.<\/p>\n<p>Na perspectiva de uma economia multipolar, Dilma Rousseff tornou-se protagonista estrat\u00e9gico, que ganhou espa\u00e7o com a aus\u00eancia de Lula em Kazan.<\/p>\n<p>&nbsp;<\/p>\n<p>&nbsp;<\/p>\n<p>&nbsp;<\/p>\n","protected":false},"excerpt":{"rendered":"<p>Quem\u00a0 acha que a ex-presidente Dilma Rousseff \u00e9 &#8220;carta fora do baralho&#8221; da pol\u00edtica brasileira precisa prestar aten\u00e7\u00e3o na movimenta\u00e7\u00e3o dela no cen\u00e1rio internacional. Elogiada pelo presidente chin\u00eas, Xi Ginping, Dilma foi ungida pelo presidente russo,\u00a0 Vladimir Putin para mais um mandato na presid\u00eancia do Banco do Brics. Seu mandato na presid\u00eancia do banco\u00a0 do\u00a0 [&hellip;]<\/p>\n","protected":false},"author":5,"featured_media":98065,"comment_status":"closed","ping_status":"open","sticky":false,"template":"","format":"standard","meta":{"jetpack_post_was_ever_published":false,"_jetpack_newsletter_access":"","_jetpack_dont_email_post_to_subs":false,"_jetpack_newsletter_tier_id":0,"_jetpack_memberships_contains_paywalled_content":false,"_jetpack_memberships_contains_paid_content":false,"footnotes":"","jetpack_publicize_message":"","jetpack_publicize_feature_enabled":true,"jetpack_social_post_already_shared":true,"jetpack_social_options":{"image_generator_settings":{"template":"highway","default_image_id":0,"font":"","enabled":false},"version":2}},"categories":[2],"tags":[],"class_list":["post-98063","post","type-post","status-publish","format-standard","has-post-thumbnail","hentry","category-geral"],"aioseo_notices":[],"jetpack_publicize_connections":[],"jetpack_featured_media_url":"https:\/\/www.jornalja.com.br\/geral\/wp-content\/uploads\/sites\/4\/2024\/10\/dilma-vem-ai.jpeg","jetpack_shortlink":"https:\/\/wp.me\/pbKhrD-pvF","jetpack-related-posts":[{"id":100153,"url":"https:\/\/www.jornalja.com.br\/geral\/banco-presidido-por-dilma-vai-financiar-rede-de-hospital-inteligentes-no-brasil\/","url_meta":{"origin":98063,"position":0},"title":"Banco presidido por Dilma vai financiar rede de hospitais inteligentes no Brasil","author":"da Reda\u00e7\u00e3o","date":"2 de novembro de 2025","format":false,"excerpt":"Uma rede de hospitais inteligentes ser\u00e1 o primeiro grande projeto financiado pelo Banco do BRICS, no Brasil. A informa\u00e7\u00e3o foi confirmada pelo ministro Alexandre Padilha, da Sa\u00fade. Ser\u00e3o dez unidades regionais, al\u00e9m de um hospital-modelo, vinculado \u00e0 Universidade de S\u00e3o Paulo (USP), que servir\u00e1 como centro de pesquisa e inova\u00e7\u00e3o\u2026","rel":"","context":"Em &quot;analiseopiniao&quot;","block_context":{"text":"analiseopiniao","link":"https:\/\/www.jornalja.com.br\/geral\/category\/analiseopiniao\/"},"img":{"alt_text":"","src":"https:\/\/i0.wp.com\/www.jornalja.com.br\/geral\/wp-content\/uploads\/sites\/4\/2025\/11\/brics-reuniao-no-mam.png?resize=350%2C200&ssl=1","width":350,"height":200,"srcset":"https:\/\/i0.wp.com\/www.jornalja.com.br\/geral\/wp-content\/uploads\/sites\/4\/2025\/11\/brics-reuniao-no-mam.png?resize=350%2C200&ssl=1 1x, https:\/\/i0.wp.com\/www.jornalja.com.br\/geral\/wp-content\/uploads\/sites\/4\/2025\/11\/brics-reuniao-no-mam.png?resize=525%2C300&ssl=1 1.5x"},"classes":[]},{"id":100576,"url":"https:\/\/www.jornalja.com.br\/geral\/ministro-da-justica-nomeado-por-lula-ficou-14-dias-no-cargo-no-governo-dilma\/","url_meta":{"origin":98063,"position":1},"title":"Ministro da Justi\u00e7a nomeado por Lula ficou 14 dias no cargo no governo Dilma","author":"da Reda\u00e7\u00e3o","date":"13 de janeiro de 2026","format":false,"excerpt":"Wellington C\u00e9sar Lima e Silva, nomeado pelo presidente Lula para o Minist\u00e9rio da Justi\u00e7a, j\u00e1 exerceu o cargo no governo de Dilma Rousseff . Foi nomeado em mar\u00e7o de 2016 e ficou apenas 14 dias no cargo. O Supremo Tribunal Federal (STF) decidiu que integrantes do Minist\u00e9rio P\u00fablico ( Wellington\u2026","rel":"","context":"Em &quot;MANCHETE do Site&quot;","block_context":{"text":"MANCHETE do Site","link":"https:\/\/www.jornalja.com.br\/geral\/category\/manchete-do-site\/"},"img":{"alt_text":"","src":"https:\/\/i0.wp.com\/www.jornalja.com.br\/geral\/wp-content\/uploads\/sites\/4\/2026\/01\/lula-e-o-novo-ministro-da-justica.png?resize=350%2C200&ssl=1","width":350,"height":200},"classes":[]},{"id":100444,"url":"https:\/\/www.jornalja.com.br\/geral\/ano-comeca-com-lula-e-dilma-na-retomada-do-polo-naval-de-rio-gramde\/","url_meta":{"origin":98063,"position":2},"title":"Ano come\u00e7a com Lula e Dilma na retomada do Polo Naval de Rio Grande","author":"da Reda\u00e7\u00e3o","date":"23 de dezembro de 2025","format":false,"excerpt":"Um ano depois da assinatura do primeiro contrato que marca a retomada do Polo Naval, em Rio Grande, o presidente Lula volta \u00e0 cidade neste 7 de janeiro,\u00a0 dando partida \u00e0 constru\u00e7\u00e3o de quatro navios\u00a0 encomendados pela Transpetro. Da primeira vez, em fevereiro de 2025, ele trouxe o vice-presidente Geraldo\u00a0\u2026","rel":"","context":"Em &quot;Geral-MAT\u00c9RIA&quot;","block_context":{"text":"Geral-MAT\u00c9RIA","link":"https:\/\/www.jornalja.com.br\/geral\/category\/geral\/"},"img":{"alt_text":"","src":"https:\/\/i0.wp.com\/www.jornalja.com.br\/geral\/wp-content\/uploads\/sites\/4\/2025\/12\/polo-naval-no-auge-construcao-de-plataformas.png?resize=350%2C200&ssl=1","width":350,"height":200},"classes":[]},{"id":100494,"url":"https:\/\/www.jornalja.com.br\/geral\/lula-adia-vinda-a-rio-grande-para-retomada-das-obras-do-polo-naval\/","url_meta":{"origin":98063,"position":3},"title":"Lula adia viagem a Rio Grande para retomada das obras do Polo Naval","author":"da Reda\u00e7\u00e3o","date":"4 de janeiro de 2026","format":false,"excerpt":"O presidente Lula decidiu adiar sua viagem\u00a0 a Rio Grande, onde pretendia, junto com a ex-presidente Dilma Rousseff assinalar a retomada do Polo Naval, na ter\u00e7a-feira, 7. Segundo a assessoria de imprensa do Pal\u00e1cio do Planalto,\u00a0 nova data ser\u00e1 definida nos pr\u00f3ximos dias. O motivo do adiamento \u00e9 a crise\u2026","rel":"","context":"Em &quot;Geral-MAT\u00c9RIA&quot;","block_context":{"text":"Geral-MAT\u00c9RIA","link":"https:\/\/www.jornalja.com.br\/geral\/category\/geral\/"},"img":{"alt_text":"","src":"https:\/\/i0.wp.com\/www.jornalja.com.br\/geral\/wp-content\/uploads\/sites\/4\/2025\/12\/lula-e-dilma-vale-essa.png?resize=350%2C200&ssl=1","width":350,"height":200},"classes":[]},{"id":92293,"url":"https:\/\/www.jornalja.com.br\/geral\/forum-social-mundial-dilma-depoe-em-painel-sobre-vitimas-do-sistema-de-justica\/","url_meta":{"origin":98063,"position":4},"title":"Forum Social Mundial: Dilma dep\u00f5e em painel sobre  &#8220;V\u00edtimas do sistema de Justi\u00e7a&#8221;","author":"da Reda\u00e7\u00e3o","date":"27 de abril de 2022","format":false,"excerpt":"A atra\u00e7\u00e3o das preparat\u00f3rias do Forum Social no M\u00e9xico, que acontecem em Porto Alegre, \u00e9 a participa\u00e7\u00e3o da presidente Dilma Rousseff em um painel sobre \"v\u00edtimas do sistema de justi\u00e7a\" Ser\u00e1 partir das 19 horas desta quarta feira, 27,\u00a0 na teatro da Assembleia Legislativa. Destituida da presid\u00eancia da Rep\u00fablica com\u2026","rel":"","context":"Em &quot;Geral-MAT\u00c9RIA&quot;","block_context":{"text":"Geral-MAT\u00c9RIA","link":"https:\/\/www.jornalja.com.br\/geral\/category\/geral\/"},"img":{"alt_text":"","src":"https:\/\/i0.wp.com\/www.jornalja.com.br\/geral\/wp-content\/uploads\/sites\/4\/2022\/04\/dilma-no-forum.jpg?resize=350%2C200&ssl=1","width":350,"height":200,"srcset":"https:\/\/i0.wp.com\/www.jornalja.com.br\/geral\/wp-content\/uploads\/sites\/4\/2022\/04\/dilma-no-forum.jpg?resize=350%2C200&ssl=1 1x, https:\/\/i0.wp.com\/www.jornalja.com.br\/geral\/wp-content\/uploads\/sites\/4\/2022\/04\/dilma-no-forum.jpg?resize=525%2C300&ssl=1 1.5x"},"classes":[]},{"id":80002,"url":"https:\/\/www.jornalja.com.br\/geral\/dilma-desafia-general-a-revelar-o-nome-dos-deputados-que-sondaram-o-exercito\/","url_meta":{"origin":98063,"position":5},"title":"Dilma desafia general a revelar o nome dos deputados que sondaram o Ex\u00e9rcito","author":"da Reda\u00e7\u00e3o","date":"16 de dezembro de 2019","format":false,"excerpt":"Em entrevista ao jornal O Globo, o general Eduardo Villas B\u00f4as, ex-comandante do Ex\u00e9rcito e um dos estrategistas do governo Bolsonaro, disse que n\u00e3o v\u00ea risco \u00e0 democracia no pa\u00eds. E fez uma revela\u00e7\u00e3o: no auge da crise de 2013, \"dois deputados da esquerda\" sondaram o Ex\u00e9rcito para saber como\u2026","rel":"","context":"Em &quot;Geral-MAT\u00c9RIA&quot;","block_context":{"text":"Geral-MAT\u00c9RIA","link":"https:\/\/www.jornalja.com.br\/geral\/category\/geral\/"},"img":{"alt_text":"","src":"","width":0,"height":0},"classes":[]}],"jetpack_sharing_enabled":true,"_links":{"self":[{"href":"https:\/\/www.jornalja.com.br\/geral\/wp-json\/wp\/v2\/posts\/98063","targetHints":{"allow":["GET"]}}],"collection":[{"href":"https:\/\/www.jornalja.com.br\/geral\/wp-json\/wp\/v2\/posts"}],"about":[{"href":"https:\/\/www.jornalja.com.br\/geral\/wp-json\/wp\/v2\/types\/post"}],"author":[{"embeddable":true,"href":"https:\/\/www.jornalja.com.br\/geral\/wp-json\/wp\/v2\/users\/5"}],"replies":[{"embeddable":true,"href":"https:\/\/www.jornalja.com.br\/geral\/wp-json\/wp\/v2\/comments?post=98063"}],"version-history":[{"count":5,"href":"https:\/\/www.jornalja.com.br\/geral\/wp-json\/wp\/v2\/posts\/98063\/revisions"}],"predecessor-version":[{"id":98069,"href":"https:\/\/www.jornalja.com.br\/geral\/wp-json\/wp\/v2\/posts\/98063\/revisions\/98069"}],"wp:featuredmedia":[{"embeddable":true,"href":"https:\/\/www.jornalja.com.br\/geral\/wp-json\/wp\/v2\/media\/98065"}],"wp:attachment":[{"href":"https:\/\/www.jornalja.com.br\/geral\/wp-json\/wp\/v2\/media?parent=98063"}],"wp:term":[{"taxonomy":"category","embeddable":true,"href":"https:\/\/www.jornalja.com.br\/geral\/wp-json\/wp\/v2\/categories?post=98063"},{"taxonomy":"post_tag","embeddable":true,"href":"https:\/\/www.jornalja.com.br\/geral\/wp-json\/wp\/v2\/tags?post=98063"}],"curies":[{"name":"wp","href":"https:\/\/api.w.org\/{rel}","templated":true}]}}