{"id":98164,"date":"2024-11-07T18:55:58","date_gmt":"2024-11-07T21:55:58","guid":{"rendered":"https:\/\/www.jornalja.com.br\/geral\/?p=98164"},"modified":"2024-11-07T18:55:58","modified_gmt":"2024-11-07T21:55:58","slug":"governo-federal-compra-trigo-gaucho-para-garantir-preco-minimo-ao-produtor","status":"publish","type":"post","link":"https:\/\/www.jornalja.com.br\/geral\/governo-federal-compra-trigo-gaucho-para-garantir-preco-minimo-ao-produtor\/","title":{"rendered":"Governo federal compra trigo ga\u00facho para garantir pre\u00e7o minimo ao produtor"},"content":{"rendered":"<p dir=\"ltr\">Produtores de trigo do Rio Grande do Sul poder\u00e3o vender ao Governo Federal at\u00e9 200 mil toneladas do gr\u00e3o da safra 2024\/2025, por meio do mecanismo de Aquisi\u00e7\u00e3o do Governo Federal (AGF), previsto na Pol\u00edtica de Garantia de Pre\u00e7os M\u00ednimos (PGPM).<\/p>\n<p dir=\"ltr\">A compra\u00a0 ser\u00e1 realizada pela Companhia Nacional de Abastecimento (Conab) e conta com recursos de R$ 261 milh\u00f5es.<\/p>\n<p dir=\"ltr\">A medida atende o Rio Grande do Sul, estado onde o pre\u00e7o m\u00e9dio pago ao produtor do gr\u00e3o se encontra em torno de R$ 67,11 a saca de 60 quilos, abaixo do m\u00ednimo estabelecido pelo governo que \u00e9 de R$ 78,51 na pra\u00e7a ga\u00facha.<\/p>\n<p dir=\"ltr\">No entanto, a Companhia continua acompanhando o mercado, uma vez que o mecanismo pode ser utilizado nos demais estados produtores que tenham o pre\u00e7o de mercado inferior ao m\u00ednimo, limitado ao volume de recursos dispon\u00edvel.<\/p>\n<p dir=\"ltr\">O an\u00fancio da a\u00e7\u00e3o foi feito nesta quinta-feira (7), em coletiva de imprensa com a participa\u00e7\u00e3o do ministro do Desenvolvimento Agr\u00e1rio, Paulo Teixeira; do presidente da Conab, Edegar Pretto; da diretora Administrativa, Financeira e de Fiscaliza\u00e7\u00e3o, Rosa Neide; e dos diretores de Pol\u00edtica Agr\u00edcola e Informa\u00e7\u00f5es, S\u00edlvio Porto, e de Opera\u00e7\u00f5es e Abastecimento, Arnoldo de Campos.<\/p>\n<p dir=\"ltr\">O presidente da Conab destacou a import\u00e2ncia do trigo na alimenta\u00e7\u00e3o dos brasileiros e as a\u00e7\u00f5es do Governo Federal para estimular o setor.<\/p>\n<p dir=\"ltr\">No ano passado, a estatal apoiou a comercializa\u00e7\u00e3o e o escoamento de trigo, com a\u00e7\u00f5es de Pr\u00eamio Equalizador Pago ao Produtor Rural (Pepro) e do Pr\u00eamio para Escoamento de Produto (PEP).<\/p>\n<p dir=\"ltr\">\u201cNeste ano, pela necessidade, iremos fazer nova interven\u00e7\u00e3o. Desta vez, pelo mecanismo de Aquisi\u00e7\u00e3o do Governo Federal. Vamos fazer estoque p\u00fablico de trigo, para fazer a interven\u00e7\u00e3o no momento em que o consumidor precisar de ajuda.<\/p>\n<p dir=\"ltr\">Quando subir o pre\u00e7o em uma regi\u00e3o, tendo trigo em estoque, podemos fazer a interven\u00e7\u00e3o, garantindo a estabilidade de pre\u00e7os para os consumidores\u201d, afirmou Pretto.<\/p>\n<p dir=\"ltr\">Os interessados em vender o trigo para a Companhia devem estar cadastrados no Sistema de Cadastro Nacional de Produtores Rurais (Sican) e procurar a regional da Conab no estado ga\u00facho para orienta\u00e7\u00e3o sobre o preenchimento dos formul\u00e1rios exigidos para a opera\u00e7\u00e3o, bem como a apresenta\u00e7\u00e3o de documentos adicionais que se fizerem necess\u00e1rios.<\/p>\n<p dir=\"ltr\"><strong>O mercado do trigo<\/strong><\/p>\n<p dir=\"ltr\">A boa oferta do cereal no mercado internacional tem refletido em uma press\u00e3o de baixa nas cota\u00e7\u00f5es do produto, cen\u00e1rio que se estende por mais de um ano.<\/p>\n<p dir=\"ltr\">Na safra passada, o governo federal lan\u00e7ou instrumentos de apoio \u00e0 comercializa\u00e7\u00e3o por meio de leil\u00f5es p\u00fablicos do Pepro e PEP, como forma de auxiliar os produtores.<\/p>\n<p dir=\"ltr\">Com estas opera\u00e7\u00f5es, o governo apoiou o escoamento de cerca de 479,28 mil toneladas do cereal.<\/p>\n<p dir=\"ltr\">Para a atual temporada, a produ\u00e7\u00e3o brasileira do gr\u00e3o est\u00e1 estimada em cerca de 8,64 milh\u00f5es de toneladas, um aumento de 2,1% quando comparado com o volume obtido em 2023.<\/p>\n<p dir=\"ltr\">A quebra registrada no Paran\u00e1 e com as adversidades clim\u00e1ticas registradas em importantes regi\u00f5es produtoras mundiais como R\u00fassia, Europa, Estados Unidos e Austr\u00e1lia, refletiram em uma amena recomposi\u00e7\u00e3o dos pre\u00e7os nacionais.<\/p>\n<p dir=\"ltr\">Ainda assim, as cota\u00e7\u00f5es atuais t\u00eam permanecido abaixo do pre\u00e7o m\u00ednimo vigente no estado ga\u00facho.<\/p>\n<p dir=\"ltr\">Aquisi\u00e7\u00e3o do Governo Federal (AGF)<\/p>\n<p dir=\"ltr\">Instrumento da PGPM, a AGF tem o objetivo de apoiar produtores rurais, agricultores familiares e suas cooperativas por meio da aquisi\u00e7\u00e3o de produtos quando o pre\u00e7o de mercado se apresenta inferior ao pre\u00e7o m\u00ednimo estabelecido para a safra vigente.<\/p>\n<p dir=\"ltr\">A aquisi\u00e7\u00e3o depende do repasse, pelo Tesouro Nacional, dos recursos necess\u00e1rios \u00e0 operacionaliza\u00e7\u00e3o das aquisi\u00e7\u00f5es.<\/p>\n<p><strong>(Com informa\u00e7\u00f5es da Assessoria de Imprensa)<br \/>\n<\/strong>Foto: Catiana de Medeiros\/Conab<\/p>\n","protected":false},"excerpt":{"rendered":"<p>Produtores de trigo do Rio Grande do Sul poder\u00e3o vender ao Governo Federal at\u00e9 200 mil toneladas do gr\u00e3o da safra 2024\/2025, por meio do mecanismo de Aquisi\u00e7\u00e3o do Governo Federal (AGF), previsto na Pol\u00edtica de Garantia de Pre\u00e7os M\u00ednimos (PGPM). A compra\u00a0 ser\u00e1 realizada pela Companhia Nacional de Abastecimento (Conab) e conta com recursos [&hellip;]<\/p>\n","protected":false},"author":4,"featured_media":98165,"comment_status":"closed","ping_status":"open","sticky":false,"template":"","format":"standard","meta":{"jetpack_post_was_ever_published":false,"_jetpack_newsletter_access":"","_jetpack_dont_email_post_to_subs":false,"_jetpack_newsletter_tier_id":0,"_jetpack_memberships_contains_paywalled_content":false,"_jetpack_memberships_contains_paid_content":false,"footnotes":"","jetpack_publicize_message":"","jetpack_publicize_feature_enabled":true,"jetpack_social_post_already_shared":true,"jetpack_social_options":{"image_generator_settings":{"template":"highway","default_image_id":0,"font":"","enabled":false},"version":2}},"categories":[2],"tags":[],"class_list":["post-98164","post","type-post","status-publish","format-standard","has-post-thumbnail","hentry","category-geral"],"aioseo_notices":[],"jetpack_publicize_connections":[],"jetpack_featured_media_url":"https:\/\/www.jornalja.com.br\/geral\/wp-content\/uploads\/sites\/4\/2024\/11\/conab-compra-trigo-foto-catiana-de-medeiros-conab-scaled.jpg","jetpack_shortlink":"https:\/\/wp.me\/pbKhrD-pxi","jetpack-related-posts":[{"id":100059,"url":"https:\/\/www.jornalja.com.br\/geral\/missao-gaucha-foi-aos-eua-em-busca-de-solucao-para-um-problema-conhecido-ha-mais-de-80-anos\/","url_meta":{"origin":98164,"position":0},"title":"Miss\u00e3o ga\u00facha foi aos EUA em busca de solu\u00e7\u00e3o para um problema conhecido h\u00e1 mais de 80 anos","author":"Elmar Bones","date":"23 de outubro de 2025","format":false,"excerpt":"H\u00e1 mais de 80 anos est\u00e1 identificado e diagnosticado o fen\u00f4meno clim\u00e1tico das estiagens que ocorrem em regi\u00f5es do Rio Grande do Sul. De seis em seis ou sete anos, por uma s\u00e9rie de fatores meteorol\u00f3gicos, essas estiagens se agravam e configuram uma seca severa que castiga tanto os moradores\u2026","rel":"","context":"Em &quot;Geral-MAT\u00c9RIA&quot;","block_context":{"text":"Geral-MAT\u00c9RIA","link":"https:\/\/www.jornalja.com.br\/geral\/category\/geral\/"},"img":{"alt_text":"","src":"https:\/\/i0.wp.com\/www.jornalja.com.br\/geral\/wp-content\/uploads\/sites\/4\/2025\/10\/estiagens-gabriel-nos-eua.jpeg?resize=350%2C200&ssl=1","width":350,"height":200,"srcset":"https:\/\/i0.wp.com\/www.jornalja.com.br\/geral\/wp-content\/uploads\/sites\/4\/2025\/10\/estiagens-gabriel-nos-eua.jpeg?resize=350%2C200&ssl=1 1x, https:\/\/i0.wp.com\/www.jornalja.com.br\/geral\/wp-content\/uploads\/sites\/4\/2025\/10\/estiagens-gabriel-nos-eua.jpeg?resize=525%2C300&ssl=1 1.5x, https:\/\/i0.wp.com\/www.jornalja.com.br\/geral\/wp-content\/uploads\/sites\/4\/2025\/10\/estiagens-gabriel-nos-eua.jpeg?resize=700%2C400&ssl=1 2x"},"classes":[]},{"id":101159,"url":"https:\/\/www.jornalja.com.br\/geral\/governo-federal-libera-recursos-para-construcao-de-28-unidades-de-saude-no-rs\/","url_meta":{"origin":98164,"position":1},"title":"Governo Federal libera recursos para constru\u00e7\u00e3o de 28 unidades de sa\u00fade no RS","author":"da Reda\u00e7\u00e3o","date":"24 de abril de 2026","format":false,"excerpt":"Nesta sexta feira (24), \u00e0s 14h, o Governo Federal realiza a emiss\u00e3o de ordem de servi\u00e7o para in\u00edcio da constru\u00e7\u00e3o de 28 unidades de sa\u00fade no Rio Grande do Sul, sendo quatro Centros de Aten\u00e7\u00e3o Psicossocial (CAPS) e 24 Unidades B\u00e1sicas de Sa\u00fade (UBS). A iniciativa marca a maior libera\u00e7\u00e3o\u2026","rel":"","context":"Em &quot;Geral-NOTAS&quot;","block_context":{"text":"Geral-NOTAS","link":"https:\/\/www.jornalja.com.br\/geral\/category\/geral-notas\/"},"img":{"alt_text":"","src":"","width":0,"height":0},"classes":[]},{"id":100908,"url":"https:\/\/www.jornalja.com.br\/geral\/com-pressao-de-cpi-e-auditoria-do-tce-governo-leite-adia-leilao-para-concessao-de-rodovias\/","url_meta":{"origin":98164,"position":2},"title":"Com press\u00e3o de CPI e auditoria do TCE, governo Leite adia leil\u00e3o para concess\u00e3o de rodovias","author":"da Reda\u00e7\u00e3o","date":"3 de mar\u00e7o de 2026","format":false,"excerpt":"O governador Eduardo Leite, em coletiva de imprensa realizada no Pal\u00e1cio Piratini nesta ter\u00e7a-feira (3\/3), prometeu uma redu\u00e7\u00e3o da tarifa e mudan\u00e7a na data do leil\u00e3o do Bloco 2 de rodovias no Estado. O bloco envolve estradas localizadas no Vale do Taquari e Norte do Rio Grande Sul. A tarifa\u2026","rel":"","context":"Em &quot;Geral-MAT\u00c9RIA&quot;","block_context":{"text":"Geral-MAT\u00c9RIA","link":"https:\/\/www.jornalja.com.br\/geral\/category\/geral\/"},"img":{"alt_text":"","src":"https:\/\/i0.wp.com\/www.jornalja.com.br\/geral\/wp-content\/uploads\/sites\/4\/2026\/03\/leite-faz-anuncio-no-palacio-piratini-sobre-bloco-2-de-rodovias-fev26.jpg?resize=350%2C200&ssl=1","width":350,"height":200,"srcset":"https:\/\/i0.wp.com\/www.jornalja.com.br\/geral\/wp-content\/uploads\/sites\/4\/2026\/03\/leite-faz-anuncio-no-palacio-piratini-sobre-bloco-2-de-rodovias-fev26.jpg?resize=350%2C200&ssl=1 1x, https:\/\/i0.wp.com\/www.jornalja.com.br\/geral\/wp-content\/uploads\/sites\/4\/2026\/03\/leite-faz-anuncio-no-palacio-piratini-sobre-bloco-2-de-rodovias-fev26.jpg?resize=525%2C300&ssl=1 1.5x, https:\/\/i0.wp.com\/www.jornalja.com.br\/geral\/wp-content\/uploads\/sites\/4\/2026\/03\/leite-faz-anuncio-no-palacio-piratini-sobre-bloco-2-de-rodovias-fev26.jpg?resize=700%2C400&ssl=1 2x, https:\/\/i0.wp.com\/www.jornalja.com.br\/geral\/wp-content\/uploads\/sites\/4\/2026\/03\/leite-faz-anuncio-no-palacio-piratini-sobre-bloco-2-de-rodovias-fev26.jpg?resize=1050%2C600&ssl=1 3x, https:\/\/i0.wp.com\/www.jornalja.com.br\/geral\/wp-content\/uploads\/sites\/4\/2026\/03\/leite-faz-anuncio-no-palacio-piratini-sobre-bloco-2-de-rodovias-fev26.jpg?resize=1400%2C800&ssl=1 4x"},"classes":[]},{"id":101078,"url":"https:\/\/www.jornalja.com.br\/geral\/como-foi-costurado-o-acordo-que-fez-o-pt-apoiar-juliana-brizola\/","url_meta":{"origin":98164,"position":3},"title":"Como foi costurado o acordo que fez o PT apoiar Juliana Brizola","author":"da Reda\u00e7\u00e3o","date":"17 de abril de 2026","format":false,"excerpt":"O PDT foi o partido que mais perdeu representantes na \u201cjanela partid\u00e1ria\u201d que fechou em 3 de abril. Tinha tr\u00eas senadores, ficou com dois. Tinha 17 deputados federais, caiu para 11. Perdeu tamb\u00e9m 9 dos 43 deputados estaduais que elegeu em 2022. No \u00e2mbito municipal, o PDT tem prefeitos em\u2026","rel":"","context":"Em &quot;Geral-MAT\u00c9RIA&quot;","block_context":{"text":"Geral-MAT\u00c9RIA","link":"https:\/\/www.jornalja.com.br\/geral\/category\/geral\/"},"img":{"alt_text":"","src":"https:\/\/www.jornalja.com.br\/geral\/wp-content\/uploads\/sites\/4\/2026\/04\/pdt-lupi-juliana-e-lula.avif","width":350,"height":200,"srcset":"https:\/\/www.jornalja.com.br\/geral\/wp-content\/uploads\/sites\/4\/2026\/04\/pdt-lupi-juliana-e-lula.avif 1x, https:\/\/www.jornalja.com.br\/geral\/wp-content\/uploads\/sites\/4\/2026\/04\/pdt-lupi-juliana-e-lula.avif 1.5x, https:\/\/www.jornalja.com.br\/geral\/wp-content\/uploads\/sites\/4\/2026\/04\/pdt-lupi-juliana-e-lula.avif 2x"},"classes":[]},{"id":98198,"url":"https:\/\/www.jornalja.com.br\/geral\/rio-grande-do-sul-tem-safra-recorde-mas-ainda-e-o-terceiro-produtor-de-graos-no-pais\/","url_meta":{"origin":98164,"position":4},"title":"Rio Grande do Sul tem safra recorde, mas ainda \u00e9 o terceiro produtor de gr\u00e3os no pa\u00eds","author":"da Reda\u00e7\u00e3o","date":"15 de novembro de 2024","format":false,"excerpt":"O Rio Grande do Sul segue com a previs\u00e3o de produzir o maior volume de gr\u00e3os da sua hist\u00f3ria, de acordo com o 2\u00ba levantamento da Companhia Nacional de Abastecimento (Conab), para a safra 2024\/2025, O total estimado \u00e9 de 38,35 milh\u00f5es de toneladas, um aumento de 3,3% em rela\u00e7\u00e3o\u2026","rel":"","context":"Em &quot;Geral-MAT\u00c9RIA&quot;","block_context":{"text":"Geral-MAT\u00c9RIA","link":"https:\/\/www.jornalja.com.br\/geral\/category\/geral\/"},"img":{"alt_text":"","src":"","width":0,"height":0},"classes":[]},{"id":99195,"url":"https:\/\/www.jornalja.com.br\/geral\/quebra-de-27-na-soja-derruba-a-safra-de-graos-do-rio-grande-do-sul\/","url_meta":{"origin":98164,"position":5},"title":"Quebra de 27% na soja derruba a safra de gr\u00e3os do Rio Grande do Sul","author":"da Reda\u00e7\u00e3o","date":"16 de junho de 2025","format":false,"excerpt":"O Brasil deve alcan\u00e7ar mais um recorde na produ\u00e7\u00e3o de gr\u00e3os - soja, milho, arroz, trigo, feij\u00e3o - com um total de 336 milh\u00f5es de toneladas na safra 2024\/2025, crescimento de 13% em rela\u00e7\u00e3o \u00e0 colheita passada. No Rio Grande do Sul projeta-se uma queda de 9% na produ\u00e7\u00e3o de\u2026","rel":"","context":"Em &quot;Geral-MAT\u00c9RIA&quot;","block_context":{"text":"Geral-MAT\u00c9RIA","link":"https:\/\/www.jornalja.com.br\/geral\/category\/geral\/"},"img":{"alt_text":"","src":"https:\/\/i0.wp.com\/www.jornalja.com.br\/geral\/wp-content\/uploads\/sites\/4\/2025\/06\/soja-colheita.jpeg?resize=350%2C200&ssl=1","width":350,"height":200,"srcset":"https:\/\/i0.wp.com\/www.jornalja.com.br\/geral\/wp-content\/uploads\/sites\/4\/2025\/06\/soja-colheita.jpeg?resize=350%2C200&ssl=1 1x, https:\/\/i0.wp.com\/www.jornalja.com.br\/geral\/wp-content\/uploads\/sites\/4\/2025\/06\/soja-colheita.jpeg?resize=525%2C300&ssl=1 1.5x, https:\/\/i0.wp.com\/www.jornalja.com.br\/geral\/wp-content\/uploads\/sites\/4\/2025\/06\/soja-colheita.jpeg?resize=700%2C400&ssl=1 2x"},"classes":[]}],"jetpack_sharing_enabled":true,"_links":{"self":[{"href":"https:\/\/www.jornalja.com.br\/geral\/wp-json\/wp\/v2\/posts\/98164","targetHints":{"allow":["GET"]}}],"collection":[{"href":"https:\/\/www.jornalja.com.br\/geral\/wp-json\/wp\/v2\/posts"}],"about":[{"href":"https:\/\/www.jornalja.com.br\/geral\/wp-json\/wp\/v2\/types\/post"}],"author":[{"embeddable":true,"href":"https:\/\/www.jornalja.com.br\/geral\/wp-json\/wp\/v2\/users\/4"}],"replies":[{"embeddable":true,"href":"https:\/\/www.jornalja.com.br\/geral\/wp-json\/wp\/v2\/comments?post=98164"}],"version-history":[{"count":1,"href":"https:\/\/www.jornalja.com.br\/geral\/wp-json\/wp\/v2\/posts\/98164\/revisions"}],"predecessor-version":[{"id":98166,"href":"https:\/\/www.jornalja.com.br\/geral\/wp-json\/wp\/v2\/posts\/98164\/revisions\/98166"}],"wp:featuredmedia":[{"embeddable":true,"href":"https:\/\/www.jornalja.com.br\/geral\/wp-json\/wp\/v2\/media\/98165"}],"wp:attachment":[{"href":"https:\/\/www.jornalja.com.br\/geral\/wp-json\/wp\/v2\/media?parent=98164"}],"wp:term":[{"taxonomy":"category","embeddable":true,"href":"https:\/\/www.jornalja.com.br\/geral\/wp-json\/wp\/v2\/categories?post=98164"},{"taxonomy":"post_tag","embeddable":true,"href":"https:\/\/www.jornalja.com.br\/geral\/wp-json\/wp\/v2\/tags?post=98164"}],"curies":[{"name":"wp","href":"https:\/\/api.w.org\/{rel}","templated":true}]}}