{"id":98387,"date":"2025-02-17T08:10:32","date_gmt":"2025-02-17T11:10:32","guid":{"rendered":"https:\/\/www.jornalja.com.br\/geral\/?p=98387"},"modified":"2025-02-17T08:10:32","modified_gmt":"2025-02-17T11:10:32","slug":"crimes-da-ditadura-stf-analisa-se-ocultacao-de-cadaver-se-enquadra-na-lei-da-anistia","status":"publish","type":"post","link":"https:\/\/www.jornalja.com.br\/geral\/crimes-da-ditadura-stf-analisa-se-ocultacao-de-cadaver-se-enquadra-na-lei-da-anistia\/","title":{"rendered":"Crimes da ditadura: STF analisa se &#8220;oculta\u00e7\u00e3o de cad\u00e1ver&#8221; se enquadra na Lei da Anistia"},"content":{"rendered":"<p>O Supremo Tribunal Federal (STF) vai analisar se a Lei da Anistia alcan\u00e7a os crimes de &#8220;oculta\u00e7\u00e3o de cad\u00e1ver&#8221; cometidos durante a ditadura militar e que permanecem at\u00e9 hoje sem solu\u00e7\u00e3o.<\/p>\n<p>A quest\u00e3o foi suscitada num Recurso Extraordin\u00e1rio com Agravo e teve repercuss\u00e3o geral reconhecida pelo Plen\u00e1rio Virtual em delibera\u00e7\u00e3o que se encerrou \u00e0s 23h59 da sexta-feira (14).<\/p>\n<p>Ao reconhecer a repercuss\u00e3o geral, o STF decide julgar a mat\u00e9ria de fundo debatida no recurso, e a decis\u00e3o de m\u00e9rito a ser tomada posteriormente pelo Plen\u00e1rio dever\u00e1 ser seguida pelas demais inst\u00e2ncias do Poder Judici\u00e1rio em casos semelhantes.<\/p>\n<p>No caso dos autos, o relator \u00e9 o ministro Fl\u00e1vio Dino, a quem coube submeter ao Plen\u00e1rio Virtual a quest\u00e3o.<\/p>\n<p>O caso concreto envolve a den\u00fancia do Minist\u00e9rio P\u00fablico Federal (MPF) no Par\u00e1, apresentada em 2015, contra os tenentes-coron\u00e9is do Ex\u00e9rcito L\u00edcio Augusto Ribeiro Maciel, acusado de matar, em 1973, \u201cmediante emboscada e por motivo torpe\u201d, tr\u00eas opositores ao regime militar e de ocultar seus restos mortais, e Sebasti\u00e3o Curi\u00f3 Rodrigues de Moura, acusado de atuar na oculta\u00e7\u00e3o dos cad\u00e1veres entre 1974 e 1976. Os fatos ocorrem no contexto da chamada Guerrilha do Araguaia, movimento armado organizado por militantes do Partido Comunista do Brasil (PC do B) nas proximidades do Rio Araguaia (nos Estados do Par\u00e1 e Tocantins, na \u00e9poca, norte do Goi\u00e1s).<\/p>\n<p>A den\u00fancia foi rejeitada pela Justi\u00e7a Federal no Par\u00e1 com base na Lei da Anistia (Lei 6.683\/1979), que perdoou os crimes pol\u00edticos e conexos praticados entre 2 de setembro de 1961 e 15 de agosto de 1979, e no entendimento do STF sobre a validade dessa norma, no julgamento da Argui\u00e7\u00e3o de Descumprimento de Preceito Fundamental (ADPF) 153. Essa decis\u00e3o foi mantida pelo Tribunal Regional Federal da 1\u00aa Regi\u00e3o (TRF-1). O MPF, ent\u00e3o, recorreu ao Supremo.<\/p>\n<p><strong>Crime permanente<\/strong><br \/>\nEm sua manifesta\u00e7\u00e3o, o ministro Fl\u00e1vio Dino destacou que o caso n\u00e3o envolve proposta de revis\u00e3o da decis\u00e3o da ADPF 153, mas a delimita\u00e7\u00e3o do alcance da Lei de Anistia em rela\u00e7\u00e3o ao crime permanente de oculta\u00e7\u00e3o de cad\u00e1ver, em que a a\u00e7\u00e3o se prolonga no tempo.<\/p>\n<p>Ele explicou que esse crime n\u00e3o ocorre apenas quando a conduta \u00e9 realizada no mundo f\u00edsico. \u201cA manuten\u00e7\u00e3o da omiss\u00e3o do local onde se encontra o cad\u00e1ver, al\u00e9m de impedir os familiares de exercerem seu direito ao luto, configura a pr\u00e1tica do crime, bem como situa\u00e7\u00e3o de flagrante\u201d, ressaltou.<\/p>\n<p>Ao se manifestar pela exist\u00eancia de repercuss\u00e3o geral, Dino ressaltou o impacto social da mat\u00e9ria, que se relaciona com a maneira como o Brasil enfrentou a sua hist\u00f3ria. Lembrou, ainda, \u201ca conclus\u00e3o milenar sobre um direito natural de pais e m\u00e3es de velarem e enterrarem dignamente seus filhos, o que se estende a irm\u00e3os, sobrinhos, netos, etc\u201d.<\/p>\n<p>Segundo o ministro, a an\u00e1lise levar\u00e1 em conta o alcance da decis\u00e3o do STF sobre a Lei da Anistia e quest\u00f5es de direitos humanos relacionadas, em especial regras e conceitos consagrados pela Conven\u00e7\u00e3o Internacional para a Prote\u00e7\u00e3o de Todas as Pessoas contra o Desaparecimento For\u00e7ado, promulgada pelo Decreto 8.767\/2016.<\/p>\n<p>A posi\u00e7\u00e3o do relator foi seguida por unanimidade.<\/p>\n<p>(<strong>Com informa\u00e7\u00f5es da Assessoria de Imprensa STF<\/strong>)<\/p>\n","protected":false},"excerpt":{"rendered":"<p>O Supremo Tribunal Federal (STF) vai analisar se a Lei da Anistia alcan\u00e7a os crimes de &#8220;oculta\u00e7\u00e3o de cad\u00e1ver&#8221; cometidos durante a ditadura militar e que permanecem at\u00e9 hoje sem solu\u00e7\u00e3o. A quest\u00e3o foi suscitada num Recurso Extraordin\u00e1rio com Agravo e teve repercuss\u00e3o geral reconhecida pelo Plen\u00e1rio Virtual em delibera\u00e7\u00e3o que se encerrou \u00e0s 23h59 [&hellip;]<\/p>\n","protected":false},"author":4,"featured_media":98388,"comment_status":"closed","ping_status":"open","sticky":false,"template":"","format":"standard","meta":{"jetpack_post_was_ever_published":false,"_jetpack_newsletter_access":"","_jetpack_dont_email_post_to_subs":false,"_jetpack_newsletter_tier_id":0,"_jetpack_memberships_contains_paywalled_content":false,"_jetpack_memberships_contains_paid_content":false,"footnotes":"","jetpack_publicize_message":"","jetpack_publicize_feature_enabled":true,"jetpack_social_post_already_shared":true,"jetpack_social_options":{"image_generator_settings":{"template":"highway","default_image_id":0,"font":"","enabled":false},"version":2}},"categories":[2],"tags":[],"class_list":["post-98387","post","type-post","status-publish","format-standard","has-post-thumbnail","hentry","category-geral"],"aioseo_notices":[],"jetpack_publicize_connections":[],"jetpack_featured_media_url":"https:\/\/www.jornalja.com.br\/geral\/wp-content\/uploads\/sites\/4\/2025\/02\/flavio-dino-toma-posse-no-stf.png","jetpack_shortlink":"https:\/\/wp.me\/pbKhrD-pAT","jetpack-related-posts":[{"id":100111,"url":"https:\/\/www.jornalja.com.br\/geral\/catedral-da-se-lotada-nos-50-anos-da-morte-de-herzog\/","url_meta":{"origin":98387,"position":0},"title":"Catedral da S\u00e9 lotada nos 50 anos da morte de Herzog","author":"Elmar Bones","date":"28 de outubro de 2025","format":false,"excerpt":"Ato inter-religioso \u00e9 dedicado \u00e0 mem\u00f3ria das v\u00edtimas da ditadura Camila Boehm - Rep\u00f3rter da Ag\u00eancia Brasil Para marcar este 25 de outubro, data em que o jornalista Vladimir Herzog foi assassinado pela ditadura militar h\u00e1 50 anos, a Comiss\u00e3o Arns e o Instituto Vladimir Herzog realizaram um ato ecum\u00eanico\u2026","rel":"","context":"Em &quot;Geral-MAT\u00c9RIA&quot;","block_context":{"text":"Geral-MAT\u00c9RIA","link":"https:\/\/www.jornalja.com.br\/geral\/category\/geral\/"},"img":{"alt_text":"","src":"https:\/\/i0.wp.com\/www.jornalja.com.br\/geral\/wp-content\/uploads\/sites\/4\/2025\/10\/herzog-homenagem-na-catedral-da-se-foto-paulo-pinto-ebc.png?resize=350%2C200&ssl=1","width":350,"height":200,"srcset":"https:\/\/i0.wp.com\/www.jornalja.com.br\/geral\/wp-content\/uploads\/sites\/4\/2025\/10\/herzog-homenagem-na-catedral-da-se-foto-paulo-pinto-ebc.png?resize=350%2C200&ssl=1 1x, https:\/\/i0.wp.com\/www.jornalja.com.br\/geral\/wp-content\/uploads\/sites\/4\/2025\/10\/herzog-homenagem-na-catedral-da-se-foto-paulo-pinto-ebc.png?resize=525%2C300&ssl=1 1.5x"},"classes":[]},{"id":100277,"url":"https:\/\/www.jornalja.com.br\/geral\/unanimidade-stf-mantem-prisao-preventiva-do-ex-presidente-jair-bolsonaro\/","url_meta":{"origin":98387,"position":1},"title":"Unanimidade:  STF mant\u00e9m pris\u00e3o preventiva do ex-presidente Jair Bolsonaro","author":"da Reda\u00e7\u00e3o","date":"24 de novembro de 2025","format":false,"excerpt":"Por unanimidade, a Primeira Turma do Supremo Tribunal Federal (STF) manteve, nesta segunda-feira (24), a decis\u00e3o do ministro Alexandre de Moraes que decretou a pris\u00e3o preventiva do ex-presidente da Rep\u00fablica Jair Bolsonaro. A medida foi analisada em sess\u00e3o extraordin\u00e1ria virtual,\u00a0 com encerramento \u00e0s 20h, mas no fim da manh\u00e3 todos\u2026","rel":"","context":"Em &quot;Geral-MAT\u00c9RIA&quot;","block_context":{"text":"Geral-MAT\u00c9RIA","link":"https:\/\/www.jornalja.com.br\/geral\/category\/geral\/"},"img":{"alt_text":"","src":"https:\/\/i0.wp.com\/www.jornalja.com.br\/geral\/wp-content\/uploads\/sites\/4\/2025\/11\/bolsonaro-stf-mantem-prisao.jpg?resize=350%2C200&ssl=1","width":350,"height":200,"srcset":"https:\/\/i0.wp.com\/www.jornalja.com.br\/geral\/wp-content\/uploads\/sites\/4\/2025\/11\/bolsonaro-stf-mantem-prisao.jpg?resize=350%2C200&ssl=1 1x, https:\/\/i0.wp.com\/www.jornalja.com.br\/geral\/wp-content\/uploads\/sites\/4\/2025\/11\/bolsonaro-stf-mantem-prisao.jpg?resize=525%2C300&ssl=1 1.5x, https:\/\/i0.wp.com\/www.jornalja.com.br\/geral\/wp-content\/uploads\/sites\/4\/2025\/11\/bolsonaro-stf-mantem-prisao.jpg?resize=700%2C400&ssl=1 2x, https:\/\/i0.wp.com\/www.jornalja.com.br\/geral\/wp-content\/uploads\/sites\/4\/2025\/11\/bolsonaro-stf-mantem-prisao.jpg?resize=1050%2C600&ssl=1 3x, https:\/\/i0.wp.com\/www.jornalja.com.br\/geral\/wp-content\/uploads\/sites\/4\/2025\/11\/bolsonaro-stf-mantem-prisao.jpg?resize=1400%2C800&ssl=1 4x"},"classes":[]},{"id":100532,"url":"https:\/\/www.jornalja.com.br\/geral\/veto-a-dosimetria-manifestacoess-contra-anistia-a-golpistas-pesaram-na-decisao-de-lula\/","url_meta":{"origin":98387,"position":2},"title":"Veto \u00e0 dosimetria: manifesta\u00e7\u00f5es contra anistia a golpistas pesaram na decis\u00e3o de Lula","author":"Elmar Bones","date":"9 de janeiro de 2026","format":false,"excerpt":"Tr\u00eas anos depois do ataque golpista \u00e0 democracia em 2023, o dia 08 de janeiro \u00e9 marcado por manifesta\u00e7\u00f5es populares em todo o pa\u00eds em defesa da soberania do Brasil e que tamb\u00e9m exigiram o cumprimento da pena dos condenados pela tentativa de golpe de Estado, tentativa de aboli\u00e7\u00e3o violenta\u2026","rel":"","context":"Em &quot;Geral-MAT\u00c9RIA&quot;","block_context":{"text":"Geral-MAT\u00c9RIA","link":"https:\/\/www.jornalja.com.br\/geral\/category\/geral\/"},"img":{"alt_text":"","src":"https:\/\/i0.wp.com\/www.jornalja.com.br\/geral\/wp-content\/uploads\/sites\/4\/2026\/01\/dosimetria-fora-bozo.png?resize=350%2C200&ssl=1","width":350,"height":200,"srcset":"https:\/\/i0.wp.com\/www.jornalja.com.br\/geral\/wp-content\/uploads\/sites\/4\/2026\/01\/dosimetria-fora-bozo.png?resize=350%2C200&ssl=1 1x, https:\/\/i0.wp.com\/www.jornalja.com.br\/geral\/wp-content\/uploads\/sites\/4\/2026\/01\/dosimetria-fora-bozo.png?resize=525%2C300&ssl=1 1.5x"},"classes":[]},{"id":92373,"url":"https:\/\/www.jornalja.com.br\/geral\/dilma-diz-que-foi-alvo-de-crime-e-que-justica-escondeu-o-cadaver\/","url_meta":{"origin":98387,"position":3},"title":"Dilma diz que foi v\u00edtima de crime e que Justi\u00e7a escondeu o cad\u00e1ver","author":"Elmar Bones","date":"27 de abril de 2022","format":false,"excerpt":"A ex-presidente Dilma Rousseff disse em palestra na Assembl\u00e9ia do Rio Grande do Sul que o impeachment contra ela foi um \"ataque \u00e0 \"Constitui\u00e7\u00e3o\" e o STF n\u00e3o quis ver. \"No m\u00e9rito foi um crime contra uma presidente legitimamente eleita\". Dilma falou num painel sobre \"V\u00edtimas do Sistema de Justi\u00e7a\",\u2026","rel":"","context":"Em &quot;Geral-MAT\u00c9RIA&quot;","block_context":{"text":"Geral-MAT\u00c9RIA","link":"https:\/\/www.jornalja.com.br\/geral\/category\/geral\/"},"img":{"alt_text":"","src":"https:\/\/i0.wp.com\/www.jornalja.com.br\/geral\/wp-content\/uploads\/sites\/4\/2022\/04\/dilma-rousseff-no-forum-social.jpg?resize=350%2C200&ssl=1","width":350,"height":200,"srcset":"https:\/\/i0.wp.com\/www.jornalja.com.br\/geral\/wp-content\/uploads\/sites\/4\/2022\/04\/dilma-rousseff-no-forum-social.jpg?resize=350%2C200&ssl=1 1x, https:\/\/i0.wp.com\/www.jornalja.com.br\/geral\/wp-content\/uploads\/sites\/4\/2022\/04\/dilma-rousseff-no-forum-social.jpg?resize=525%2C300&ssl=1 1.5x"},"classes":[]},{"id":100289,"url":"https:\/\/www.jornalja.com.br\/geral\/stf-encerra-julgamento-de-bolsonaro-27-anos-e-seis-meses-de-prisao\/","url_meta":{"origin":98387,"position":4},"title":"STF encerra julgamento de Bolsonaro: 27 anos e tr\u00eas meses de pris\u00e3o","author":"da Reda\u00e7\u00e3o","date":"25 de novembro de 2025","format":false,"excerpt":"O Supremo Tribunal Federal (STF) considerou que o processo do ex-presidente Jair Bolsonaro por golpe de Estado transitou em julgado. Ou seja: n\u00e3o cabem mais recursos. A decis\u00e3o foi anunciada no in\u00edcio da tarde desta ter\u00e7a-feira, 25 de novembro Al\u00e9m de Bolsonaro,\u00a0 foi concluso tamb\u00e9m julgamento de Alexandre Ramagem (PL-RJ),\u2026","rel":"","context":"Em &quot;Geral-MAT\u00c9RIA&quot;","block_context":{"text":"Geral-MAT\u00c9RIA","link":"https:\/\/www.jornalja.com.br\/geral\/category\/geral\/"},"img":{"alt_text":"","src":"https:\/\/i0.wp.com\/www.jornalja.com.br\/geral\/wp-content\/uploads\/sites\/4\/2025\/11\/bolsonaro-preso-2.png?resize=350%2C200&ssl=1","width":350,"height":200,"srcset":"https:\/\/i0.wp.com\/www.jornalja.com.br\/geral\/wp-content\/uploads\/sites\/4\/2025\/11\/bolsonaro-preso-2.png?resize=350%2C200&ssl=1 1x, https:\/\/i0.wp.com\/www.jornalja.com.br\/geral\/wp-content\/uploads\/sites\/4\/2025\/11\/bolsonaro-preso-2.png?resize=525%2C300&ssl=1 1.5x"},"classes":[]},{"id":74765,"url":"https:\/\/www.jornalja.com.br\/geral\/decisao-sobre-liberdade-de-lula-foi-transferida-para-o-plenario\/","url_meta":{"origin":98387,"position":5},"title":"Decis\u00e3o sobre liberdade de Lula foi transferida para o plen\u00e1rio","author":"Elmar Bones","date":"11 de junho de 2019","format":false,"excerpt":"A Segunda Turma do Supremo Tribunal Federal decidiu nesta ter\u00e7a-feira, 11, remeter ao plen\u00e1rio da Corte a quest\u00e3o da pris\u00e3o autom\u00e1tica em segunda inst\u00e2ncia, adotada pelo TRF-4 e que levou o ex-presidente Lula \u00e0 cadeia. O TRF-4 \u00e9 a segunda inst\u00e2ncia de processos da Opera\u00e7\u00e3o Lava Jato e condenou o\u2026","rel":"","context":"Em &quot;Geral-MAT\u00c9RIA&quot;","block_context":{"text":"Geral-MAT\u00c9RIA","link":"https:\/\/www.jornalja.com.br\/geral\/category\/geral\/"},"img":{"alt_text":"","src":"","width":0,"height":0},"classes":[]}],"jetpack_sharing_enabled":true,"_links":{"self":[{"href":"https:\/\/www.jornalja.com.br\/geral\/wp-json\/wp\/v2\/posts\/98387","targetHints":{"allow":["GET"]}}],"collection":[{"href":"https:\/\/www.jornalja.com.br\/geral\/wp-json\/wp\/v2\/posts"}],"about":[{"href":"https:\/\/www.jornalja.com.br\/geral\/wp-json\/wp\/v2\/types\/post"}],"author":[{"embeddable":true,"href":"https:\/\/www.jornalja.com.br\/geral\/wp-json\/wp\/v2\/users\/4"}],"replies":[{"embeddable":true,"href":"https:\/\/www.jornalja.com.br\/geral\/wp-json\/wp\/v2\/comments?post=98387"}],"version-history":[{"count":1,"href":"https:\/\/www.jornalja.com.br\/geral\/wp-json\/wp\/v2\/posts\/98387\/revisions"}],"predecessor-version":[{"id":98389,"href":"https:\/\/www.jornalja.com.br\/geral\/wp-json\/wp\/v2\/posts\/98387\/revisions\/98389"}],"wp:featuredmedia":[{"embeddable":true,"href":"https:\/\/www.jornalja.com.br\/geral\/wp-json\/wp\/v2\/media\/98388"}],"wp:attachment":[{"href":"https:\/\/www.jornalja.com.br\/geral\/wp-json\/wp\/v2\/media?parent=98387"}],"wp:term":[{"taxonomy":"category","embeddable":true,"href":"https:\/\/www.jornalja.com.br\/geral\/wp-json\/wp\/v2\/categories?post=98387"},{"taxonomy":"post_tag","embeddable":true,"href":"https:\/\/www.jornalja.com.br\/geral\/wp-json\/wp\/v2\/tags?post=98387"}],"curies":[{"name":"wp","href":"https:\/\/api.w.org\/{rel}","templated":true}]}}