{"id":98575,"date":"2025-03-27T16:12:36","date_gmt":"2025-03-27T19:12:36","guid":{"rendered":"https:\/\/www.jornalja.com.br\/geral\/?p=98575"},"modified":"2025-05-08T23:23:55","modified_gmt":"2025-05-09T02:23:55","slug":"dengue-em-porto-alegre-1-900-casos-este-ano-e-tres-variantes-do-mosquito-identificadas","status":"publish","type":"post","link":"https:\/\/www.jornalja.com.br\/geral\/dengue-em-porto-alegre-1-900-casos-este-ano-e-tres-variantes-do-mosquito-identificadas\/","title":{"rendered":"Dengue em Porto Alegre: 1.900 casos este ano, um \u00f3bito e tr\u00eas variantes do mosquito identificadas"},"content":{"rendered":"<p>Porto Alegre tem 1.892 casos confirmados de dengue, com um \u00f3bito registrado em 2025 (at\u00e9 22 de mar\u00e7o), segundo o \u00faltimo boletim epidemiol\u00f3gico da Secreteria Municipal da Sa\u00fade.<\/p>\n<p>Tem tamb\u00e9m um caso (importado, com infec\u00e7\u00e3o fora da Capital) no mesmo per\u00edodo. Ambas as doen\u00e7as se enquadram na categoria das &#8220;arboviroses&#8221;.<\/p>\n<p>Dengue, a que mais preocupa, tem 5.823 notifica\u00e7\u00f5es de suspeitas registradas de 29 de dezembro de 2024 a 22 de mar\u00e7o deste ano.<\/p>\n<p>H\u00e1 confirma\u00e7\u00e3o de tr\u00eas sorotipos do v\u00edrus da dengue circulando em Porto Alegre neste ano entre os quatro que existem: DENV1, DENV2, DENV3.<\/p>\n<p>Os bairros com maior incid\u00eancia de dengue por 100 mil habitantes s\u00e3o Passo das Pedras, Jardim Itu, Jardim Floresta, Jardim Sabar\u00e1 e Morro Santana.<\/p>\n<p>O cen\u00e1rio epidemiol\u00f3gico leva a Secretaria de Sa\u00fade de Porto Alegre a emitir um\u00a0informativo\u00a0epidemiol\u00f3gico semanal\u00a0sobre as arboviroses (dengue, chikungunya e zika) na cidade.<\/p>\n<p>O v\u00edrus da dengue \u00e9 transmitido pela picada de f\u00eameas do mosquito infectadas com o v\u00edrus.<\/p>\n<p>A enfermeira Raquel Rosa, respons\u00e1vel pela vigil\u00e2ncia da dengue na Diretoria de Vigil\u00e2ncia em Sa\u00fade, explica que neste momento \u00e9 importante que todas as notifica\u00e7\u00f5es de suspeitas sejam formalizadas ao setor por servi\u00e7os de sa\u00fade.<\/p>\n<p>Ela destaca que as pessoas que sentirem sintomas como febre acima de 38\u00baC acompanhada de dor de cabe\u00e7a e dores no corpo devem procurar atendimento de sa\u00fade. \u201cFebre, dor no corpo e dor de cabe\u00e7a s\u00e3o os principais sintomas relatados por pessoas com confirma\u00e7\u00e3o de dengue em 2025\u201d, diz a enfermeira.<\/p>\n<p>Pessoas que viajaram antes de sentir os sintomas devem informar a viagem no atendimento m\u00e9dico.<\/p>\n<p>Comparando a situa\u00e7\u00e3o deste ano com 2024, o n\u00famero de casos notificados e confirmados de dengue em 2025 \u00e9 menor. \u201cNo entanto, houve a introdu\u00e7\u00e3o de um novo sorotipo viral (DENV-3) e aumento na letalidade. Embora 2024 tenha registrado mais casos confirmados, o n\u00famero de \u00f3bitos permaneceu igual nos dois anos\u00a0at\u00e9 a SE 12\u201d, enfatiza a enfermeira.<\/p>\n<p>Infesta\u00e7\u00e3o do mosquito\u00a0&#8211; Neste momento de alta popula\u00e7\u00e3o de mosquitos, os cuidados com o ambiente em resid\u00eancias, com\u00e9rcios, ambientes de trabalho devem ser redobrados.<\/p>\n<p>Medidas importantes:<br \/>\nEvite \u00e1gua parada.<br \/>\nDescarte o lixo corretamente.<br \/>\nVerifique se a caixa d\u2019\u00e1gua e as lixeiras est\u00e3o bem tampadas.<br \/>\nLimpe as calhas e coloque telas nos ralos.<br \/>\nTrate a \u00e1gua das piscinas.<br \/>\nEvite deixar \u00e1gua parada em piscinas pl\u00e1sticas.<\/p>\n<p>Vacina para crian\u00e7as e adolescentes\u00a0&#8211; A Secretaria Municipal de Sa\u00fade mant\u00e9m a oferta da vacina contra dengue para crian\u00e7as e adolescentes entre 10 e 14 anos. O esquema de vacina\u00e7\u00e3o \u00e9 de duas doses para garantir prote\u00e7\u00e3o contra os quatro sorotipos do v\u00edrus da doen\u00e7a. \u201c\u00c9 importante que pais, m\u00e3es e respons\u00e1veis verifiquem a carteira de vacina\u00e7\u00e3o para completar o esquema ou iniciar a vacina\u00e7\u00e3o\u201d, diz a enfermeira Renata Capponi, chefe da Equipe de Imuniza\u00e7\u00f5es da secretaria. O maior quantitativo de doses de vacinas est\u00e1 nas 15 unidades de sa\u00fade e cl\u00ednicas de fam\u00edlia que t\u00eam atendimento em hor\u00e1rio estendido &#8211; at\u00e9 as 19h ou 22h.<\/p>\n<p>Confira a lista de unidades:<\/p>\n<p>Cl\u00ednica da Fam\u00edlia \u00c1lvaro Difini<br \/>\nRua\u00a0\u00c1lvaro Difini, 520 \u2013 Restinga<br \/>\n(51) 4076-5011 (WhatsApp)<\/p>\n<p>US Bel\u00e9m Novo<br \/>\nRua Flor\u00eancio Farias,195 &#8211; Bairro Bel\u00e9m Novo<br \/>\n(51) 3289-5723 (WhatsApp)<\/p>\n<p>Cl\u00ednica da Fam\u00edlia Campo da Tuca<br \/>\nRua Cel. Jos\u00e9 Rodrigues Sobral, 958 &#8211; Bairro Partenon<br \/>\n(51) 3289-5660 (WhatsApp)<\/p>\n<p>US Ch\u00e1cara da Fuma\u00e7a<br \/>\nAvenida\u00a0Estrada\u00a0Martim F\u00e9lix Berta, 2432 &#8211; Bairro M\u00e1rio Quintana<br \/>\n(51) 3289-6577 (WhatsApp)<\/p>\n<p>Cl\u00ednica da Fam\u00edlia Jos\u00e9 Mauro Ceratti Lopes<br \/>\nEstrada Jo\u00e3o Ant\u00f4nio da Silveira, 3330 &#8211; Restinga<br \/>\n(51) 3289-5203 (WhatsApp)<\/p>\n<p>Cl\u00ednica da Fam\u00edlia IAPI<br \/>\nRua Tr\u00eas de Abril, 90 &#8211; Passo D&#8217;Areia<br \/>\n(51) 3289-3446 (WhatsApp)<\/p>\n<p>US Moab Caldas<br \/>\nAvenida\u00a0Moab Caldas, 400 &#8211; Bairro Santa Tereza<br \/>\n(51) 3289-4070 (WhatsApp)<\/p>\n<p>US Modelo<br \/>\nAvenida Jer\u00f4nimo de Ornelas, 55 &#8211; Bairro Santana<br \/>\n(51) 3289-2555 (WhatsApp)<\/p>\n<p>US Morro Santana<br \/>\nRua Marieta Menna Barreto, 210 &#8211; Bairro Prot\u00e1sio Alves<br \/>\n(51) 3289-5493 (WhatsApp)<\/p>\n<p>US Navegantes<br \/>\nAvenida Presidente Franklin Roosevelt, 5 &#8211; Bairro S\u00e3o Geraldo<br \/>\n(51) 3289-8214 (WhatsApp)<\/p>\n<p>US Primeiro de Maio<br \/>\nAvenida Professor Oscar Pereira, 6199 &#8211; Bairro Cascata<br \/>\n(51) 3289-5676 (WhatsApp)<\/p>\n<p>US Ramos<br \/>\nRua K esquina Rua R C, S\/N \u00a0&#8211; Vila Nova Santa Rosa, Bairro Rubem Berta<br \/>\n(51) 3289-8255 (WhatsApp)<\/p>\n<p>US Santa Marta<br \/>\nRua Capit\u00e3o Montanha, 27 &#8211; Bairro Centro Hist\u00f3rico<br \/>\n(51) 3289-2935 (WhatsApp)<\/p>\n<p>US S\u00e3o Carlos<br \/>\nAvenida Bento Gon\u00e7alves, 6670 &#8211; Bairro Partenon<br \/>\n(51) 3289-5526 (WhatsApp)<\/p>\n<p>US Tristeza<br \/>\nAvenida Wenceslau Escobar, 2442 &#8211; Bairro Tristeza<br \/>\n(51) 3289-5764 (WhatsApp)<\/p>\n<p><strong>(Com informa\u00e7\u00f5es da Secretaria Municipal da Sa\u00fade)<\/strong><\/p>\n","protected":false},"excerpt":{"rendered":"<p>Porto Alegre tem 1.892 casos confirmados de dengue, com um \u00f3bito registrado em 2025 (at\u00e9 22 de mar\u00e7o), segundo o \u00faltimo boletim epidemiol\u00f3gico da Secreteria Municipal da Sa\u00fade. Tem tamb\u00e9m um caso (importado, com infec\u00e7\u00e3o fora da Capital) no mesmo per\u00edodo. Ambas as doen\u00e7as se enquadram na categoria das &#8220;arboviroses&#8221;. Dengue, a que mais preocupa, [&hellip;]<\/p>\n","protected":false},"author":4,"featured_media":92365,"comment_status":"closed","ping_status":"open","sticky":false,"template":"","format":"standard","meta":{"jetpack_post_was_ever_published":false,"_jetpack_newsletter_access":"","_jetpack_dont_email_post_to_subs":false,"_jetpack_newsletter_tier_id":0,"_jetpack_memberships_contains_paywalled_content":false,"_jetpack_memberships_contains_paid_content":false,"footnotes":"","jetpack_publicize_message":"","jetpack_publicize_feature_enabled":true,"jetpack_social_post_already_shared":true,"jetpack_social_options":{"image_generator_settings":{"template":"highway","default_image_id":0,"font":"","enabled":false},"version":2}},"categories":[2],"tags":[],"class_list":["post-98575","post","type-post","status-publish","format-standard","has-post-thumbnail","hentry","category-geral"],"aioseo_notices":[],"jetpack_publicize_connections":[],"jetpack_featured_media_url":"https:\/\/www.jornalja.com.br\/geral\/wp-content\/uploads\/sites\/4\/2022\/04\/dengue-atualizada.jpg","jetpack_shortlink":"https:\/\/wp.me\/pbKhrD-pDV","jetpack-related-posts":[{"id":92364,"url":"https:\/\/www.jornalja.com.br\/geral\/dengue-em-porto-alegre-quase-30-de-novos-casos-em-uma-semana\/","url_meta":{"origin":98575,"position":0},"title":"Dengue em Porto Alegre:  quase 30% de novos casos em uma semana","author":"da Reda\u00e7\u00e3o","date":"27 de abril de 2022","format":false,"excerpt":"O Boletim Semanal sobre Dengue divulgado na ter\u00e7a-feira, 26, pela Secretaria Municipal de Sa\u00fade confirma 1.586 casos aut\u00f3ctones da doen\u00e7a em Porto Alegre em 2022. O dado reflete a manuten\u00e7\u00e3o do percentual de aumento de casos em uma semana: 28,3% em rela\u00e7\u00e3o ao Boletim de 19\/4. No total, foram notificadas\u2026","rel":"","context":"Em &quot;Geral-MAT\u00c9RIA&quot;","block_context":{"text":"Geral-MAT\u00c9RIA","link":"https:\/\/www.jornalja.com.br\/geral\/category\/geral\/"},"img":{"alt_text":"","src":"https:\/\/i0.wp.com\/www.jornalja.com.br\/geral\/wp-content\/uploads\/sites\/4\/2022\/04\/dengue-atualizada.jpg?resize=350%2C200&ssl=1","width":350,"height":200},"classes":[]},{"id":92148,"url":"https:\/\/www.jornalja.com.br\/geral\/surto-da-dengue-em-porto-alegre-alta-infestacao-ja-e-registrada-em-34-bairros\/","url_meta":{"origin":98575,"position":1},"title":"Surto de dengue em Porto Alegre: &#8220;alta infesta\u00e7\u00e3o&#8221; j\u00e1 \u00e9 registrada em 34 bairros","author":"da Reda\u00e7\u00e3o","date":"6 de abril de 2022","format":false,"excerpt":"A detec\u00e7\u00e3o de mosquitos em armadilhas espalhadas na cidade mostra que 34 bairros de Porto Alegre apresentam alta infesta\u00e7\u00e3o de Aedes aegypti, transmissor da dengue, sendo que seis est\u00e3o em situa\u00e7\u00e3o de alerta e cinco com infesta\u00e7\u00e3o moderada de mosquitos detectados. A informa\u00e7\u00e3o consta no boletim epidemiol\u00f3gico semanal arboviroses,\u00a0 divulgado\u2026","rel":"","context":"Em &quot;Geral-MAT\u00c9RIA&quot;","block_context":{"text":"Geral-MAT\u00c9RIA","link":"https:\/\/www.jornalja.com.br\/geral\/category\/geral\/"},"img":{"alt_text":"","src":"https:\/\/i0.wp.com\/www.jornalja.com.br\/geral\/wp-content\/uploads\/sites\/4\/2022\/04\/dengue-em-porto-alegre.jpg?resize=350%2C200&ssl=1","width":350,"height":200},"classes":[]},{"id":74809,"url":"https:\/\/www.jornalja.com.br\/geral\/escalada-da-dengue-em-porto-alegre-14-casos-em-abril-360-em-junho\/","url_meta":{"origin":98575,"position":2},"title":"Escalada da dengue em Porto Alegre: 14 casos em abril, 360 em junho","author":"Elmar Bones","date":"15 de junho de 2019","format":false,"excerpt":"Neste ano, at\u00e9 8 de junho, o n\u00famero de pacientes com confirma\u00e7\u00e3o de infec\u00e7\u00e3o por v\u00edrus da dengue em Porto Alegre \u00e9 de 360. Do total, 345 s\u00e3o aut\u00f3ctones (contra\u00eddos na cidade) e 15, importados.. No in\u00edcio de abril, o boletim epidemiol\u00f3gico registrava 14 casos de dengue\u00a0 na cidade. Os\u2026","rel":"","context":"Em &quot;Geral-MAT\u00c9RIA&quot;","block_context":{"text":"Geral-MAT\u00c9RIA","link":"https:\/\/www.jornalja.com.br\/geral\/category\/geral\/"},"img":{"alt_text":"","src":"https:\/\/i0.wp.com\/www.jornalja.com.br\/wp-content\/uploads\/2019\/06\/Dengue-em-Porto-Alegre-aedes-1-450x330.jpg?resize=350%2C200&ssl=1","width":350,"height":200},"classes":[]},{"id":97549,"url":"https:\/\/www.jornalja.com.br\/geral\/dengue-chega-aos-10-mil-casos-em-porto-alegre-ja-sao-nove-mortes\/","url_meta":{"origin":98575,"position":3},"title":"Dengue chega aos 10 mil casos em Porto Alegre. J\u00e1 s\u00e3o nove mortes","author":"da Reda\u00e7\u00e3o","date":"16 de julho de 2024","format":false,"excerpt":"Porto Alegre tem 9.888 casos confirmados de dengue em 2024 at\u00e9 13 de julho. Do total, 9.188 foram contra\u00eddos na cidade (aut\u00f3ctones), 392 s\u00e3o importados (infec\u00e7\u00e3o fora da cidade) e 308 t\u00eam local de infec\u00e7\u00e3o indeterminado. O total de ocorr\u00eancias suspeitas notificadas \u00e0 Equipe de Vigil\u00e2ncia de Doen\u00e7as Transmiss\u00edveis da\u2026","rel":"","context":"Em &quot;Geral-MAT\u00c9RIA&quot;","block_context":{"text":"Geral-MAT\u00c9RIA","link":"https:\/\/www.jornalja.com.br\/geral\/category\/geral\/"},"img":{"alt_text":"","src":"https:\/\/i0.wp.com\/www.jornalja.com.br\/geral\/wp-content\/uploads\/sites\/4\/2022\/04\/dengue-em-porto-alegre.jpg?resize=350%2C200&ssl=1","width":350,"height":200},"classes":[]},{"id":97424,"url":"https:\/\/www.jornalja.com.br\/geral\/dengue-chega-a-8-mil-casos-em-porto-alegre-este-ano-33-mil-suspeitas-em-observacao\/","url_meta":{"origin":98575,"position":4},"title":"Dengue chega a 8 mil casos em Porto Alegre este ano; 33 mil suspeitas em observa\u00e7\u00e3o","author":"da Reda\u00e7\u00e3o","date":"19 de junho de 2024","format":false,"excerpt":"Porto Alegre tem 7.933 casos confirmados de dengue em 2024 at\u00e9 o dia 15 de junho. Do total, 7.452 foram contra\u00eddos na cidade (aut\u00f3ctones), 309 s\u00e3o importados (infec\u00e7\u00e3o fora da cidade) e 172 t\u00eam local de infec\u00e7\u00e3o indeterminado. O total de ocorr\u00eancias suspeitas notificadas \u00e0 Equipe de Vigil\u00e2ncia de Doen\u00e7as\u2026","rel":"","context":"Em &quot;Geral-MAT\u00c9RIA&quot;","block_context":{"text":"Geral-MAT\u00c9RIA","link":"https:\/\/www.jornalja.com.br\/geral\/category\/geral\/"},"img":{"alt_text":"","src":"https:\/\/i0.wp.com\/www.jornalja.com.br\/geral\/wp-content\/uploads\/sites\/4\/2022\/04\/dengue-atualizada.jpg?resize=350%2C200&ssl=1","width":350,"height":200},"classes":[]},{"id":92512,"url":"https:\/\/www.jornalja.com.br\/geral\/dengue-em-porto-alegre-surto-perde-ritmo-mas-ainda-cresce-com-dez-bairros-em-alerta\/","url_meta":{"origin":98575,"position":5},"title":"Dengue em Porto Alegre: surto perde ritmo mas ainda cresce; dez bairros seguem em alerta","author":"da Reda\u00e7\u00e3o","date":"4 de maio de 2022","format":false,"excerpt":"O Boletim Semanal sobre Dengue,\u00a0 desta ter\u00e7a-feira, 3,\u00a0 informa a confirma\u00e7\u00e3o de 1.627 casos aut\u00f3ctones da doen\u00e7a em Porto Alegre em 2022, um aumento de 2,5% no n\u00famero de casos em rela\u00e7\u00e3o \u00e0 semana anterior. No total, foram notificadas para a Vigil\u00e2ncia Epidemiol\u00f3gica da SMS 2.559 suspeitas de dengue entre\u2026","rel":"","context":"Em &quot;Geral-MAT\u00c9RIA&quot;","block_context":{"text":"Geral-MAT\u00c9RIA","link":"https:\/\/www.jornalja.com.br\/geral\/category\/geral\/"},"img":{"alt_text":"","src":"https:\/\/i0.wp.com\/www.jornalja.com.br\/geral\/wp-content\/uploads\/sites\/4\/2022\/05\/dengue-em-porto-alegre-mapa.jpg?resize=350%2C200&ssl=1","width":350,"height":200},"classes":[]}],"jetpack_sharing_enabled":true,"_links":{"self":[{"href":"https:\/\/www.jornalja.com.br\/geral\/wp-json\/wp\/v2\/posts\/98575","targetHints":{"allow":["GET"]}}],"collection":[{"href":"https:\/\/www.jornalja.com.br\/geral\/wp-json\/wp\/v2\/posts"}],"about":[{"href":"https:\/\/www.jornalja.com.br\/geral\/wp-json\/wp\/v2\/types\/post"}],"author":[{"embeddable":true,"href":"https:\/\/www.jornalja.com.br\/geral\/wp-json\/wp\/v2\/users\/4"}],"replies":[{"embeddable":true,"href":"https:\/\/www.jornalja.com.br\/geral\/wp-json\/wp\/v2\/comments?post=98575"}],"version-history":[{"count":4,"href":"https:\/\/www.jornalja.com.br\/geral\/wp-json\/wp\/v2\/posts\/98575\/revisions"}],"predecessor-version":[{"id":98579,"href":"https:\/\/www.jornalja.com.br\/geral\/wp-json\/wp\/v2\/posts\/98575\/revisions\/98579"}],"wp:featuredmedia":[{"embeddable":true,"href":"https:\/\/www.jornalja.com.br\/geral\/wp-json\/wp\/v2\/media\/92365"}],"wp:attachment":[{"href":"https:\/\/www.jornalja.com.br\/geral\/wp-json\/wp\/v2\/media?parent=98575"}],"wp:term":[{"taxonomy":"category","embeddable":true,"href":"https:\/\/www.jornalja.com.br\/geral\/wp-json\/wp\/v2\/categories?post=98575"},{"taxonomy":"post_tag","embeddable":true,"href":"https:\/\/www.jornalja.com.br\/geral\/wp-json\/wp\/v2\/tags?post=98575"}],"curies":[{"name":"wp","href":"https:\/\/api.w.org\/{rel}","templated":true}]}}