{"id":98613,"date":"2025-03-31T18:00:25","date_gmt":"2025-03-31T21:00:25","guid":{"rendered":"https:\/\/www.jornalja.com.br\/geral\/?p=98613"},"modified":"2025-03-31T18:24:25","modified_gmt":"2025-03-31T21:24:25","slug":"ditadura-de-1964-e-tema-de-aula-publica-em-praca-onde-era-quartel","status":"publish","type":"post","link":"https:\/\/www.jornalja.com.br\/geral\/ditadura-de-1964-e-tema-de-aula-publica-em-praca-onde-era-quartel\/","title":{"rendered":"Ditadura de 1964 \u00e9 tema de aula p\u00fablica em pra\u00e7a onde havia quartel"},"content":{"rendered":"<p>Uma &#8220;aula p\u00fablica&#8221; ao ar livre vai abordar &#8220;o golpe\u00a0 civil-empresarial-militar ocorrido em 1\u00ba de abril de 1964&#8221;,\u00a0 al\u00e9m de debater as viola\u00e7\u00f5es de direitos humanos que marcaram os 21 anos de regime ditatorial no Brasil.<\/p>\n<p>A atividade ser\u00e1 realizada na Pra\u00e7a Raul Pilla, localizada no Centro Hist\u00f3rico de Porto Alegre\/RS, um espa\u00e7o emblem\u00e1tico e carregado de mem\u00f3ria. Durante o per\u00edodo da ditadura, a \u00e1rea onde \u00e9 pra\u00e7a abrigava o Quartel da 6\u00aa Companhia da Pol\u00edcia do Ex\u00e9rcito, onde ficavam presos pol\u00edticos.<\/p>\n<p>O evento ocorre dia 6 de abril, com in\u00edcio \u00e1s 9h30 e tamb\u00e9m celebra a restaura\u00e7\u00e3o das placas do projeto &#8220;Marcas da Mem\u00f3ria&#8221;, uma iniciativa do Movimento de Justi\u00e7a e Direitos Humanos.<\/p>\n<p>Uma dessas placas, que resgata a hist\u00f3ria e homenageia as v\u00edtimas do regime, est\u00e1 instalada na pr\u00f3pria pra\u00e7a, refor\u00e7ando a import\u00e2ncia do local como um espa\u00e7o de mem\u00f3ria e conscientiza\u00e7\u00e3o.<\/p>\n<p>Os convidados-palestrantes para esse evento s\u00e3o:<\/p>\n<p><strong>Jair Krischke &#8211;<\/strong>\u00a0Fundador e Presidente do Movimento de Justi\u00e7a e Direitos Humanos;<br \/>\n<strong>Solon Viola &#8211;<\/strong>Doutor em Hist\u00f3ria pela Universidade do Vale do Rio dos Sinos. Professor aposentado do Programa de P\u00f3s-gradua\u00e7\u00e3o da Unisinos. Membro fundador da Rede Brasileira de Educa\u00e7\u00e3o em Direitos Humanos;<br \/>\n<strong>Anita Carneiro<\/strong> &#8211; Doutoranda em Ensino de Hist\u00f3ria (Prof. de Hist\u00f3ria\/UFRGS), professora na Prefeitura Municipal de Gravata\u00ed (RS) e idealizadora do projeto Caminhos da Ditadura em Porto Alegre.<\/p>\n<p>O evento \u00e9 gratuito e aberto. Os organizadores recomenda levar &#8220;itens para poder sentar (cangas, cadeiras, etc.)&#8221;.\u00a0 Em caso de chuva ou calor extremo, o evento ser\u00e1 remarcado.<\/p>\n","protected":false},"excerpt":{"rendered":"<p>Uma &#8220;aula p\u00fablica&#8221; ao ar livre vai abordar &#8220;o golpe\u00a0 civil-empresarial-militar ocorrido em 1\u00ba de abril de 1964&#8221;,\u00a0 al\u00e9m de debater as viola\u00e7\u00f5es de direitos humanos que marcaram os 21 anos de regime ditatorial no Brasil. A atividade ser\u00e1 realizada na Pra\u00e7a Raul Pilla, localizada no Centro Hist\u00f3rico de Porto Alegre\/RS, um espa\u00e7o emblem\u00e1tico e [&hellip;]<\/p>\n","protected":false},"author":4,"featured_media":98614,"comment_status":"closed","ping_status":"open","sticky":false,"template":"","format":"standard","meta":{"jetpack_post_was_ever_published":false,"_jetpack_newsletter_access":"","_jetpack_dont_email_post_to_subs":false,"_jetpack_newsletter_tier_id":0,"_jetpack_memberships_contains_paywalled_content":false,"_jetpack_memberships_contains_paid_content":false,"footnotes":"","jetpack_publicize_message":"","jetpack_publicize_feature_enabled":true,"jetpack_social_post_already_shared":true,"jetpack_social_options":{"image_generator_settings":{"template":"highway","default_image_id":0,"font":"","enabled":false},"version":2}},"categories":[2],"tags":[],"class_list":["post-98613","post","type-post","status-publish","format-standard","has-post-thumbnail","hentry","category-geral"],"aioseo_notices":[],"jetpack_publicize_connections":[],"jetpack_featured_media_url":"https:\/\/www.jornalja.com.br\/geral\/wp-content\/uploads\/sites\/4\/2025\/03\/praca-raul-pilla-em-porto-alegre.png","jetpack_shortlink":"https:\/\/wp.me\/pbKhrD-pEx","jetpack-related-posts":[{"id":101058,"url":"https:\/\/www.jornalja.com.br\/geral\/jornalista-batista-filho-palestra-em-ato-pelos-62-anos-do-golpe-militar\/","url_meta":{"origin":98613,"position":0},"title":"Jornalista Batista Filho palestra em ato pelos 62 anos do Golpe Militar","author":"da Reda\u00e7\u00e3o","date":"8 de abril de 2026","format":false,"excerpt":"O jornalista Jo\u00e3o Batista Filho, de 86 anos, ser\u00e1 o palestrante do \u201cAto de Rep\u00fadio pelos 62 Anos da Ditadura Militar\u201d, que ocorre nesta quarta-feira (8), \u00e0s 19h, no Audit\u00f3rio Ana Terra da C\u00e2mara Municipal de Porto Alegre. A atividade \u00e9 promovida pela Associa\u00e7\u00e3o dos Ex-Presos e Perseguidos Pol\u00edticos do\u2026","rel":"","context":"Em &quot;Geral-MAT\u00c9RIA&quot;","block_context":{"text":"Geral-MAT\u00c9RIA","link":"https:\/\/www.jornalja.com.br\/geral\/category\/geral\/"},"img":{"alt_text":"","src":"https:\/\/i0.wp.com\/www.jornalja.com.br\/geral\/wp-content\/uploads\/sites\/4\/2026\/04\/sem-titulo-1.jpg?resize=350%2C200&ssl=1","width":350,"height":200,"srcset":"https:\/\/i0.wp.com\/www.jornalja.com.br\/geral\/wp-content\/uploads\/sites\/4\/2026\/04\/sem-titulo-1.jpg?resize=350%2C200&ssl=1 1x, https:\/\/i0.wp.com\/www.jornalja.com.br\/geral\/wp-content\/uploads\/sites\/4\/2026\/04\/sem-titulo-1.jpg?resize=525%2C300&ssl=1 1.5x, https:\/\/i0.wp.com\/www.jornalja.com.br\/geral\/wp-content\/uploads\/sites\/4\/2026\/04\/sem-titulo-1.jpg?resize=700%2C400&ssl=1 2x, https:\/\/i0.wp.com\/www.jornalja.com.br\/geral\/wp-content\/uploads\/sites\/4\/2026\/04\/sem-titulo-1.jpg?resize=1050%2C600&ssl=1 3x"},"classes":[]},{"id":100728,"url":"https:\/\/www.jornalja.com.br\/geral\/caminhos-da-ditadura-em-porto-alegre-cruza-a-fronteira-e-vai-a-argentina\/","url_meta":{"origin":98613,"position":1},"title":"Caminhos da Ditadura em Porto Alegre cruza a fronteira e vai \u00e0 Argentina","author":"da Reda\u00e7\u00e3o","date":"10 de fevereiro de 2026","format":false,"excerpt":"M\u00e1rcia Turcato A iniciativa Caminhos da Ditadura em Porto Alegre completa 10 anos. O projeto come\u00e7ou a ser constru\u00eddo em 2016 por estudantes do curso de Hist\u00f3ria da Universidade Federal do Rio Grande do Sul (UFRGS). Em janeiro de 2026, o Caminhos cruzou a fronteira e foi at\u00e9 Buenos Aires,\u2026","rel":"","context":"Em &quot;Geral-MAT\u00c9RIA&quot;","block_context":{"text":"Geral-MAT\u00c9RIA","link":"https:\/\/www.jornalja.com.br\/geral\/category\/geral\/"},"img":{"alt_text":"","src":"https:\/\/i0.wp.com\/www.jornalja.com.br\/geral\/wp-content\/uploads\/sites\/4\/2026\/02\/caminhos-da-ditadura1.jpeg?resize=350%2C200&ssl=1","width":350,"height":200,"srcset":"https:\/\/i0.wp.com\/www.jornalja.com.br\/geral\/wp-content\/uploads\/sites\/4\/2026\/02\/caminhos-da-ditadura1.jpeg?resize=350%2C200&ssl=1 1x, https:\/\/i0.wp.com\/www.jornalja.com.br\/geral\/wp-content\/uploads\/sites\/4\/2026\/02\/caminhos-da-ditadura1.jpeg?resize=525%2C300&ssl=1 1.5x, https:\/\/i0.wp.com\/www.jornalja.com.br\/geral\/wp-content\/uploads\/sites\/4\/2026\/02\/caminhos-da-ditadura1.jpeg?resize=700%2C400&ssl=1 2x, https:\/\/i0.wp.com\/www.jornalja.com.br\/geral\/wp-content\/uploads\/sites\/4\/2026\/02\/caminhos-da-ditadura1.jpeg?resize=1050%2C600&ssl=1 3x, https:\/\/i0.wp.com\/www.jornalja.com.br\/geral\/wp-content\/uploads\/sites\/4\/2026\/02\/caminhos-da-ditadura1.jpeg?resize=1400%2C800&ssl=1 4x"},"classes":[]},{"id":97174,"url":"https:\/\/www.jornalja.com.br\/geral\/primeira-vitima-da-ditadura-militar-que-impediu-bombardeio-do-piratini-foi-esquecido\/","url_meta":{"origin":98613,"position":2},"title":"Primeira v\u00edtima da ditadura, militar que impediu bombardeio do Pal\u00e1cio Piratini foi esquecido","author":"Elmar Bones","date":"15 de abril de 2024","format":false,"excerpt":"Quarenta e tr\u00eas pessoas compareceram ao Sal\u00e3o Mourisco, da Biblioteca P\u00fablica do Estado na tarde chuvosa de s\u00e1bado, 13 de abril, para uma homenagem ao tenente coronel Alfeu\u00a0 Alc\u00e2ntara Monteiro. \"Ele \u00e9 um m\u00e1rtir, um nacionalista, legalista, perdeu a vida por defender a democracia\", disse a sobrinha neta do militar,\u2026","rel":"","context":"Em &quot;Geral-MAT\u00c9RIA&quot;","block_context":{"text":"Geral-MAT\u00c9RIA","link":"https:\/\/www.jornalja.com.br\/geral\/category\/geral\/"},"img":{"alt_text":"","src":"https:\/\/i0.wp.com\/www.jornalja.com.br\/geral\/wp-content\/uploads\/sites\/4\/2020\/04\/1964-a-primeira-v%C3%ADtima.jpg?resize=350%2C200&ssl=1","width":350,"height":200,"srcset":"https:\/\/i0.wp.com\/www.jornalja.com.br\/geral\/wp-content\/uploads\/sites\/4\/2020\/04\/1964-a-primeira-v%C3%ADtima.jpg?resize=350%2C200&ssl=1 1x, https:\/\/i0.wp.com\/www.jornalja.com.br\/geral\/wp-content\/uploads\/sites\/4\/2020\/04\/1964-a-primeira-v%C3%ADtima.jpg?resize=525%2C300&ssl=1 1.5x, https:\/\/i0.wp.com\/www.jornalja.com.br\/geral\/wp-content\/uploads\/sites\/4\/2020\/04\/1964-a-primeira-v%C3%ADtima.jpg?resize=700%2C400&ssl=1 2x"},"classes":[]},{"id":98074,"url":"https:\/\/www.jornalja.com.br\/geral\/projeto-mapeia-200-locais-que-marcam-os-caminhos-da-ditadura-em-porto-alege\/","url_meta":{"origin":98613,"position":3},"title":"Projeto mapeia 200 locais que marcam os &#8220;Caminhos da Ditadura&#8221; em Porto Alegre","author":"da Reda\u00e7\u00e3o","date":"1 de novembro de 2024","format":false,"excerpt":"Eug\u00eanio Bortolon* No domingo, 10\/11, haver\u00e1 mais uma edi\u00e7\u00e3o do projeto\u00a0 \"Caminhos da Ditadura\" em Porto Alegre, que mapeia os locais que foram centros de repress\u00e3o pol\u00edtica ou de resist\u00eancia nos anos da ditadura militar (1964-1985). A ideia nasceu no curso de Hist\u00f3ria da Universidade Federal do Rio Grande do\u2026","rel":"","context":"Em &quot;Geral-MAT\u00c9RIA&quot;","block_context":{"text":"Geral-MAT\u00c9RIA","link":"https:\/\/www.jornalja.com.br\/geral\/category\/geral\/"},"img":{"alt_text":"","src":"https:\/\/i0.wp.com\/www.jornalja.com.br\/geral\/wp-content\/uploads\/sites\/4\/2024\/10\/caminhos-da-ditadura.png?resize=350%2C200&ssl=1","width":350,"height":200,"srcset":"https:\/\/i0.wp.com\/www.jornalja.com.br\/geral\/wp-content\/uploads\/sites\/4\/2024\/10\/caminhos-da-ditadura.png?resize=350%2C200&ssl=1 1x, https:\/\/i0.wp.com\/www.jornalja.com.br\/geral\/wp-content\/uploads\/sites\/4\/2024\/10\/caminhos-da-ditadura.png?resize=525%2C300&ssl=1 1.5x"},"classes":[]},{"id":100091,"url":"https:\/\/www.jornalja.com.br\/geral\/a-atualidade-de-herzog-na-luta-pela-democracia-e-pelo-jornalismo\/","url_meta":{"origin":98613,"position":4},"title":"A atualidade de Herzog na luta pelo  jornalismo e a democracia","author":"da Reda\u00e7\u00e3o","date":"27 de outubro de 2025","format":false,"excerpt":"Foi impressionante. S\u00e1bado de sol, em plena de primavera, e l\u00e1 estavam aquelas pessoas, umas 60 ou pouco mais, confinadas no s\u00e9timo andar de um edif\u00edcio no centro de Porto Alegre para falar de um fato hediondo, ocorrido a meio s\u00e9culo. Foram trocar informa\u00e7\u00f5es e refletir sobre o assassinato de\u2026","rel":"","context":"Em &quot;Geral-MAT\u00c9RIA&quot;","block_context":{"text":"Geral-MAT\u00c9RIA","link":"https:\/\/www.jornalja.com.br\/geral\/category\/geral\/"},"img":{"alt_text":"","src":"","width":0,"height":0},"classes":[]},{"id":100094,"url":"https:\/\/www.jornalja.com.br\/geral\/evento-na-ari-marca-os-50-anos-da-morte-de-vladimir-herzog\/","url_meta":{"origin":98613,"position":5},"title":"Evento na ARI marca os 50 anos da morte de Vladimir Herzog","author":"da Reda\u00e7\u00e3o","date":"26 de outubro de 2025","format":false,"excerpt":"Na manh\u00e3 deste s\u00e1bado (25), data que marca os 50 anos da morte do jornalista Vladimir Herzog, o Sal\u00e3o Nobre da Associa\u00e7\u00e3o Riograndense de Imprensa (ARI) esteve praticamente lotado para o painel \u201c50 Anos por Vlado\u201d, iniciativa do Movimento de Justi\u00e7a e Direitos Humanos, com apoio da ARI, do Sindicato\u2026","rel":"","context":"Em &quot;Geral-MAT\u00c9RIA&quot;","block_context":{"text":"Geral-MAT\u00c9RIA","link":"https:\/\/www.jornalja.com.br\/geral\/category\/geral\/"},"img":{"alt_text":"","src":"https:\/\/i0.wp.com\/www.jornalja.com.br\/geral\/wp-content\/uploads\/sites\/4\/2025\/10\/herzog.jpg?resize=350%2C200&ssl=1","width":350,"height":200,"srcset":"https:\/\/i0.wp.com\/www.jornalja.com.br\/geral\/wp-content\/uploads\/sites\/4\/2025\/10\/herzog.jpg?resize=350%2C200&ssl=1 1x, https:\/\/i0.wp.com\/www.jornalja.com.br\/geral\/wp-content\/uploads\/sites\/4\/2025\/10\/herzog.jpg?resize=525%2C300&ssl=1 1.5x, https:\/\/i0.wp.com\/www.jornalja.com.br\/geral\/wp-content\/uploads\/sites\/4\/2025\/10\/herzog.jpg?resize=700%2C400&ssl=1 2x, https:\/\/i0.wp.com\/www.jornalja.com.br\/geral\/wp-content\/uploads\/sites\/4\/2025\/10\/herzog.jpg?resize=1050%2C600&ssl=1 3x, https:\/\/i0.wp.com\/www.jornalja.com.br\/geral\/wp-content\/uploads\/sites\/4\/2025\/10\/herzog.jpg?resize=1400%2C800&ssl=1 4x"},"classes":[]}],"jetpack_sharing_enabled":true,"_links":{"self":[{"href":"https:\/\/www.jornalja.com.br\/geral\/wp-json\/wp\/v2\/posts\/98613","targetHints":{"allow":["GET"]}}],"collection":[{"href":"https:\/\/www.jornalja.com.br\/geral\/wp-json\/wp\/v2\/posts"}],"about":[{"href":"https:\/\/www.jornalja.com.br\/geral\/wp-json\/wp\/v2\/types\/post"}],"author":[{"embeddable":true,"href":"https:\/\/www.jornalja.com.br\/geral\/wp-json\/wp\/v2\/users\/4"}],"replies":[{"embeddable":true,"href":"https:\/\/www.jornalja.com.br\/geral\/wp-json\/wp\/v2\/comments?post=98613"}],"version-history":[{"count":5,"href":"https:\/\/www.jornalja.com.br\/geral\/wp-json\/wp\/v2\/posts\/98613\/revisions"}],"predecessor-version":[{"id":98620,"href":"https:\/\/www.jornalja.com.br\/geral\/wp-json\/wp\/v2\/posts\/98613\/revisions\/98620"}],"wp:featuredmedia":[{"embeddable":true,"href":"https:\/\/www.jornalja.com.br\/geral\/wp-json\/wp\/v2\/media\/98614"}],"wp:attachment":[{"href":"https:\/\/www.jornalja.com.br\/geral\/wp-json\/wp\/v2\/media?parent=98613"}],"wp:term":[{"taxonomy":"category","embeddable":true,"href":"https:\/\/www.jornalja.com.br\/geral\/wp-json\/wp\/v2\/categories?post=98613"},{"taxonomy":"post_tag","embeddable":true,"href":"https:\/\/www.jornalja.com.br\/geral\/wp-json\/wp\/v2\/tags?post=98613"}],"curies":[{"name":"wp","href":"https:\/\/api.w.org\/{rel}","templated":true}]}}