{"id":98633,"date":"2025-04-03T09:46:45","date_gmt":"2025-04-03T12:46:45","guid":{"rendered":"https:\/\/www.jornalja.com.br\/geral\/?p=98633"},"modified":"2025-05-08T23:07:06","modified_gmt":"2025-05-09T02:07:06","slug":"lixo-em-porto-alegre-novos-conteiners-velhos-problemas","status":"publish","type":"post","link":"https:\/\/www.jornalja.com.br\/geral\/lixo-em-porto-alegre-novos-conteiners-velhos-problemas\/","title":{"rendered":"\u00a0Lixo em Porto Alegre: novo contrato, novos cont\u00eainers, velhos problemas"},"content":{"rendered":"<p>Est\u00e3o sendo instalados os 2.250 novos conteiners para a coleta automatizada, que atende 19 bairros e recolhe cerca de 20% do lixo domiciliar de Porto Alegre.<\/p>\n<p>Importados da It\u00e1lia, ao custo de R$ 18 mil cada um, s\u00e3o mais robustos e 20% deles possuem &#8220;bocas de lobo&#8221; para evitar o acesso de catadores, que abrem os conteiners em busca de material recicl\u00e1vel e acabam espalhando todo o conte\u00fado ao redor.<\/p>\n<figure id=\"attachment_98641\" aria-describedby=\"caption-attachment-98641\" style=\"width: 675px\" class=\"wp-caption alignnone\"><img decoding=\"async\" data-attachment-id=\"98641\" data-permalink=\"https:\/\/www.jornalja.com.br\/geral\/lixo-em-porto-alegre-novos-conteiners-velhos-problemas\/r-33\/\" data-orig-file=\"https:\/\/www.jornalja.com.br\/geral\/wp-content\/uploads\/sites\/4\/2025\/04\/lixo-em-poa-zaffari-scaled.jpg\" data-orig-size=\"1920,2560\" data-comments-opened=\"0\" data-image-meta=\"{&quot;aperture&quot;:&quot;1.7&quot;,&quot;credit&quot;:&quot;&quot;,&quot;camera&quot;:&quot;SM-J810M&quot;,&quot;caption&quot;:&quot;^R&quot;,&quot;created_timestamp&quot;:&quot;1743620824&quot;,&quot;copyright&quot;:&quot;&quot;,&quot;focal_length&quot;:&quot;3.93&quot;,&quot;iso&quot;:&quot;500&quot;,&quot;shutter_speed&quot;:&quot;0.066666666666667&quot;,&quot;title&quot;:&quot;^R&quot;,&quot;orientation&quot;:&quot;1&quot;}\" data-image-title=\"^R\" data-image-description=\"\" data-image-caption=\"&lt;p&gt;^R&lt;\/p&gt;\n\" data-large-file=\"https:\/\/www.jornalja.com.br\/geral\/wp-content\/uploads\/sites\/4\/2025\/04\/lixo-em-poa-zaffari-675x900.jpg\" class=\"size-large wp-image-98641\" src=\"https:\/\/www.jornalja.com.br\/geral\/wp-content\/uploads\/sites\/4\/2025\/04\/lixo-em-poa-zaffari-675x900.jpg\" alt=\"\" width=\"675\" height=\"900\" srcset=\"https:\/\/www.jornalja.com.br\/geral\/wp-content\/uploads\/sites\/4\/2025\/04\/lixo-em-poa-zaffari-675x900.jpg 675w, https:\/\/www.jornalja.com.br\/geral\/wp-content\/uploads\/sites\/4\/2025\/04\/lixo-em-poa-zaffari-338x450.jpg 338w, https:\/\/www.jornalja.com.br\/geral\/wp-content\/uploads\/sites\/4\/2025\/04\/lixo-em-poa-zaffari-768x1024.jpg 768w, https:\/\/www.jornalja.com.br\/geral\/wp-content\/uploads\/sites\/4\/2025\/04\/lixo-em-poa-zaffari-1152x1536.jpg 1152w, https:\/\/www.jornalja.com.br\/geral\/wp-content\/uploads\/sites\/4\/2025\/04\/lixo-em-poa-zaffari-1536x2048.jpg 1536w, https:\/\/www.jornalja.com.br\/geral\/wp-content\/uploads\/sites\/4\/2025\/04\/lixo-em-poa-zaffari-1200x1600.jpg 1200w, https:\/\/www.jornalja.com.br\/geral\/wp-content\/uploads\/sites\/4\/2025\/04\/lixo-em-poa-zaffari-scaled.jpg 1920w\" sizes=\"(max-width: 675px) 100vw, 675px\" \/><figcaption id=\"caption-attachment-98641\" class=\"wp-caption-text\">^R<\/figcaption><\/figure>\n<p>Mas, os problemas, detectados desde que se implantou o sistema, h\u00e1 mais de uma d\u00e9cada, persistem. Mesmo nos novos equipamentos com boca de lobo, o lixo segue sendo espalhado ao redor.<\/p>\n<p>A chamada &#8220;coleta automatizada&#8221; do lixo em Porto Alegre foi implantada em julho de 2011, quando 1.200\u00a0 cont\u00eainers foram instalados em 18 bairros. <span style=\"font-size: 1.5rem\">Colocados nas esquinas, com tampas flex\u00edveis,\u00a0 24 horas dispon\u00edveis para descarte do lixo residencial. <\/span>Peri\u00f3dicamente caminh\u00f5es com dispositivos autom\u00e1ticos\u00a0 recolhem o conte\u00fado.<\/p>\n<p>Detalhe: somente o lixo org\u00e2nico deveria ser colocado ali. <span style=\"font-size: 1.5rem\">O material descart\u00e1vel deveria ser destinado para a coleta seletiva. <\/span><\/p>\n<p><span style=\"font-size: 1.5rem\">Os problemas apareceram nas primeiras semanas. Sebasti\u00e3o Melo era vice-prefeito em exerc\u00edcio no final de julho daquele ano, quando as reclama\u00e7\u00f5es chegaram \u00e0 imprensa.<\/span><\/p>\n<p>Em entrevistas, ele reconheceu que n\u00e3o estava funcionando e apontou a causa principal: &#8220;A popula\u00e7\u00e3o est\u00e1 jogando lixo misturado, os catadores de material recicl\u00e1vel entram nos cont\u00eainers, acabam espalhando todo o lixo&#8221;.<\/p>\n<p>Segundo o DMLU, quase um ter\u00e7o do volume recolhido dos conteiners e levado para o aterro sanit\u00e1rio de Minas do Le\u00e3o ( a 70 quil\u00f4metros de Porto Alegre) \u00e9 material recicl\u00e1vel, resultado do descarte errado feito por moradores.<\/p>\n<p>\u00c9 o principal problema desde o in\u00edcio e n\u00e3o houve melhoria, embora a prefeitura tenha trocado pelo menos tr\u00eas vezes a prestadora do servi\u00e7o.<\/p>\n<p>A \u00faltima troca foi em fevereiro de 2023,\u00a0 quando foi rescindido o contrato com o cons\u00f3rcio Porto Alegre Limpa. Foi contratada de forma emergencial (sem licita\u00e7\u00e3o) a ConeSul Solu\u00e7\u00f5es Ambientais, por mais de R$ 2,1 milh\u00f5es por m\u00eas.<\/p>\n<p><img decoding=\"async\" class=\"alignnone size-full wp-image-98643\" src=\"https:\/\/www.jornalja.com.br\/geral\/wp-content\/uploads\/sites\/4\/2025\/04\/lixo-contrato-esse.png\" alt=\"\" width=\"710\" height=\"630\" \/><\/p>\n<p>O contrato emergencial foi renovado em mar\u00e7o de 2024 com vig\u00eancia at\u00e9 mar\u00e7o de 2025. Enquanto isso, a prefeitura fez nova licita\u00e7\u00e3o para, atrav\u00e9s de uma PPP, entregar servi\u00e7o de coleta, transporte e descarte de todo lixo em Porto Alegre a uma\u00a0 \u00fanica empresa.\u00a0 S\u00e3o\u00a0 1,5 mil toneladas de lixo domiciliar gerado diariamente, em Porto Alegre. Em torno de 20% desse volume corresponde \u00e0 coleta automatizada.<\/p>\n<p>A licita\u00e7ao foi vencida pelo cons\u00f3rcio Porto Alegre Ambiental, formado pela pr\u00f3pria empresa Conesul associada \u00e0 RN Freitas. O\u00a0 contrato por 35 anos foi assinado em julho do ano passado.<\/p>\n<p>Prev\u00ea a amplia\u00e7\u00e3o do n\u00famero de conteiners\u00a0 com previs\u00e3o de chegar a 6.000 nos pr\u00f3ximos anos. .<\/p>\n<p>Os novos cont\u00eainers, importados da Italia, deveriam estar nas ruas em novembro do ano passado, mas houve atraso na entrega.<\/p>\n<p>Outros 500 ser\u00e3o exclusivos exclusivos para res\u00edduos recicl\u00e1veis ser\u00e3o instalados em quatro bairros \u2014 Centro Hist\u00f3rico, Praia de Belas, Cidade Baixa e Menino Deus \u2014 e ficar\u00e3o ao lado de cont\u00eaineres para org\u00e2nicos e rejeitos.<\/p>\n<p>O novo contrato prev\u00ea uma equipe de educa\u00e7\u00e3o ambiental que vai atuar nos quatro bairros que receber\u00e3o os cont\u00eaineres para recicl\u00e1veis.<\/p>\n<p>Al\u00e9m dos modelos \u201cboca de lobo\u201d, o restante dos novos cont\u00eaineres ter\u00e3o formato semelhante aos j\u00e1 existentes, mas mais robustos. cont\u00eaineres antigos, que eram mais fr\u00e1geis. Al\u00e9m do pedal fr\u00e1gil, a tampa era de um alum\u00ednio\u00a0 Come\u00e7aram a tirar essas tampas e vender no mercado clandestino.<\/p>\n<p><strong>Como funciona a coleta<\/strong><\/p>\n<p>Porto Alegre tem no lixo a coleta automatizada, coleta domiciliar e coleta seletiva. Entenda a seguir o funcionamento de cada uma:<\/p>\n<ul>\n<li>Automatizada: \u00e9 o sistema que recolhe o res\u00edduo descartado nos cont\u00eaineres de cor cinza, instalados nas ruas de 19 bairros da Capital. A coleta automatizada recebe apenas res\u00edduos domiciliares, ou seja, res\u00edduos org\u00e2nicos e rejeito.<\/li>\n<\/ul>\n<ul>\n<li>Domiciliar: \u00e9 tamb\u00e9m conhecida como coleta \u201cporta a porta\u201d, em que as pessoas colocam a sacola com o res\u00edduo em frente ao im\u00f3vel para ser recolhido pelo poder p\u00fablico. \u00c9 realizada em todas as ruas da cidade pelo menos tr\u00eas vezes por semana.A coleta domiciliar recebe apenas res\u00edduos domiciliares, ou seja, res\u00edduos org\u00e2nicos e rejeito.<\/li>\n<\/ul>\n<ul>\n<li>Seletiva: a coleta tamb\u00e9m \u00e9 feita \u201cporta a porta\u201d e recebe somente os res\u00edduos recicl\u00e1veis, tamb\u00e9m conhecido como \u201clixo seco\u201d. A coleta seletiva \u00e9 realizada em todas as ruas que comportam a entrada do caminh\u00e3o. Passa tr\u00eas vezes por semana nos bairros atendidos pela coleta automatizada e duas vezes por semana nos demais bairros.<\/li>\n<\/ul>\n<p><strong>Bairros atendidos totalmente<\/strong>\u00a0\u2013 Auxiliadora, Bom Fim, Bela Vista,\u00a0 Centro Hist\u00f3rico, Cidade Baixa, Farroupilha,\u00a0Higien\u00f3polis, Independ\u00eancia, Moinhos de Vento, Mont\u2019Serrat,\u00a0 Praia de Belas\u00a0 e Rio Branco.<\/p>\n<p><strong>Bairros atendidos parcialmente<\/strong>\u00a0\u2013 Azenha, Floresta, Petr\u00f3polis, Menino Deus, Santa Cec\u00edlia, \u00a0Santana e S\u00e3o Jo\u00e3o.<\/p>\n<p>Res\u00edduos que devem\u00a0ser colocados nos cont\u00eaineres (basicamente org\u00e2nicos):\u00a0cascas e restos de frutas e legumes, sobras de comida, papel higi\u00eanico e fraldas descart\u00e1veis usados, guardanapo e toalha de papel sujos, plantas, restos de podas e varri\u00e7\u00e3o, p\u00f3 de caf\u00e9 e erva-mate.<\/p>\n<p><strong>Projeto piloto<\/strong><\/p>\n<p>A implementa\u00e7\u00e3o dos 450 equipamentos menores faz parte de um projeto piloto, visando a melhora na coleta de res\u00edduos nos bairros Centro Hist\u00f3rico, Cidade Baixa, Praia de Belas e Menino Deus.<\/p>\n<p>&nbsp;<\/p>\n","protected":false},"excerpt":{"rendered":"<p>Est\u00e3o sendo instalados os 2.250 novos conteiners para a coleta automatizada, que atende 19 bairros e recolhe cerca de 20% do lixo domiciliar de Porto Alegre. Importados da It\u00e1lia, ao custo de R$ 18 mil cada um, s\u00e3o mais robustos e 20% deles possuem &#8220;bocas de lobo&#8221; para evitar o acesso de catadores, que abrem [&hellip;]<\/p>\n","protected":false},"author":4,"featured_media":98638,"comment_status":"closed","ping_status":"open","sticky":false,"template":"","format":"standard","meta":{"jetpack_post_was_ever_published":false,"_jetpack_newsletter_access":"","_jetpack_dont_email_post_to_subs":false,"_jetpack_newsletter_tier_id":0,"_jetpack_memberships_contains_paywalled_content":false,"_jetpack_memberships_contains_paid_content":false,"footnotes":"","jetpack_publicize_message":"","jetpack_publicize_feature_enabled":true,"jetpack_social_post_already_shared":true,"jetpack_social_options":{"image_generator_settings":{"template":"highway","default_image_id":0,"font":"","enabled":false},"version":2}},"categories":[2],"tags":[],"class_list":["post-98633","post","type-post","status-publish","format-standard","has-post-thumbnail","hentry","category-geral"],"aioseo_notices":[],"jetpack_publicize_connections":[],"jetpack_featured_media_url":"https:\/\/www.jornalja.com.br\/geral\/wp-content\/uploads\/sites\/4\/2025\/04\/lixo-em-porto-alegre-boca-de-lobo-scaled.jpg","jetpack_shortlink":"https:\/\/wp.me\/pbKhrD-pER","jetpack-related-posts":[{"id":97839,"url":"https:\/\/www.jornalja.com.br\/geral\/o-lixo-nas-ruas-e-um-debate-urgente-que-ainda-nao-chegou-a-campanha-eleitoral\/","url_meta":{"origin":98633,"position":0},"title":"O lixo nas ruas e um debate urgente que ainda n\u00e3o chegou \u00e0 campanha eleitoral","author":"da Reda\u00e7\u00e3o","date":"16 de setembro de 2024","format":false,"excerpt":"Quem anda por qualquer um dos 19 bairros de Porto Alegre, atendidos pela \"Coleta Automatizada de Res\u00edduos Org\u00e2nicos e Rejeito\", conhece bem a cena: o cont\u00eainer aberto e o lixo todo espalhado pela cal\u00e7ada. A falta de uma campanha educativa, a popula\u00e7\u00e3o que n\u00e3o separa os lixos,\u00a0 os catadores que\u2026","rel":"","context":"Em &quot;Geral-MAT\u00c9RIA&quot;","block_context":{"text":"Geral-MAT\u00c9RIA","link":"https:\/\/www.jornalja.com.br\/geral\/category\/geral\/"},"img":{"alt_text":"","src":"https:\/\/i0.wp.com\/www.jornalja.com.br\/geral\/wp-content\/uploads\/sites\/4\/2024\/09\/lixo-em-porto-alegre-4.jpg?resize=350%2C200&ssl=1","width":350,"height":200},"classes":[]},{"id":99901,"url":"https:\/\/www.jornalja.com.br\/geral\/estetica-do-cimento-e-do-conteiner-desfigura-monumentos-e-a-paisagem-urbana-de-porto-alegre\/","url_meta":{"origin":98633,"position":1},"title":"Est\u00e9tica do cimento e do cont\u00eainer desfigura monumentos e a paisagem urbana em Porto Alegre","author":"da Reda\u00e7\u00e3o","date":"19 de setembro de 2025","format":false,"excerpt":"\u00a0 Seis toneladas e meia de cimento foram utilizadas para a confec\u00e7\u00e3o das 128 esferas (52 quilos cada uma) colocadas no passeio de um dos locais mais simb\u00f3licos de Porto Alegre - o Largo Gl\u00eanio Peres, defronte ao Mercado P\u00fablico de Porto Alegre. O objetivo das esferas (de \"desenho futurista\",\u2026","rel":"","context":"Em &quot;Geral-MAT\u00c9RIA&quot;","block_context":{"text":"Geral-MAT\u00c9RIA","link":"https:\/\/www.jornalja.com.br\/geral\/category\/geral\/"},"img":{"alt_text":"","src":"https:\/\/i0.wp.com\/www.jornalja.com.br\/geral\/wp-content\/uploads\/sites\/4\/2025\/09\/redencao-conteiner-igreja-scaled.jpg?resize=350%2C200&ssl=1","width":350,"height":200,"srcset":"https:\/\/i0.wp.com\/www.jornalja.com.br\/geral\/wp-content\/uploads\/sites\/4\/2025\/09\/redencao-conteiner-igreja-scaled.jpg?resize=350%2C200&ssl=1 1x, https:\/\/i0.wp.com\/www.jornalja.com.br\/geral\/wp-content\/uploads\/sites\/4\/2025\/09\/redencao-conteiner-igreja-scaled.jpg?resize=525%2C300&ssl=1 1.5x, https:\/\/i0.wp.com\/www.jornalja.com.br\/geral\/wp-content\/uploads\/sites\/4\/2025\/09\/redencao-conteiner-igreja-scaled.jpg?resize=700%2C400&ssl=1 2x, https:\/\/i0.wp.com\/www.jornalja.com.br\/geral\/wp-content\/uploads\/sites\/4\/2025\/09\/redencao-conteiner-igreja-scaled.jpg?resize=1050%2C600&ssl=1 3x, https:\/\/i0.wp.com\/www.jornalja.com.br\/geral\/wp-content\/uploads\/sites\/4\/2025\/09\/redencao-conteiner-igreja-scaled.jpg?resize=1400%2C800&ssl=1 4x"},"classes":[]},{"id":90609,"url":"https:\/\/www.jornalja.com.br\/geral\/prefeitura-anuncia-que-coleta-do-lixo-foi-retomada-em-18-bairros-confira\/","url_meta":{"origin":98633,"position":2},"title":"Prefeitura anuncia que coleta do lixo foi retomada em 18 bairros; confira","author":"da Reda\u00e7\u00e3o","date":"18 de outubro de 2021","format":false,"excerpt":"Os trabalhadores da empresa Litucera Limpeza e Engenharia retornaram \u00e0s atividades na manh\u00e3 desta segunda-feira, 18. A Litucera \u00e9 uma empresa de S\u00e3o Paulo, contratada em junho pela prefeitura para coleta de lixo em Porto Alegre. Os trabalhadores suspenderam a coleta no s\u00e1bado, alegando atraso no pagamento do vale alimenta\u00e7\u00e3o.\u2026","rel":"","context":"Em &quot;Geral-MAT\u00c9RIA&quot;","block_context":{"text":"Geral-MAT\u00c9RIA","link":"https:\/\/www.jornalja.com.br\/geral\/category\/geral\/"},"img":{"alt_text":"","src":"https:\/\/i0.wp.com\/www.jornalja.com.br\/geral\/wp-content\/uploads\/sites\/4\/2021\/10\/lixo-em-poa-coleta-retomada.jpg?resize=350%2C200&ssl=1","width":350,"height":200,"srcset":"https:\/\/i0.wp.com\/www.jornalja.com.br\/geral\/wp-content\/uploads\/sites\/4\/2021\/10\/lixo-em-poa-coleta-retomada.jpg?resize=350%2C200&ssl=1 1x, https:\/\/i0.wp.com\/www.jornalja.com.br\/geral\/wp-content\/uploads\/sites\/4\/2021\/10\/lixo-em-poa-coleta-retomada.jpg?resize=525%2C300&ssl=1 1.5x, https:\/\/i0.wp.com\/www.jornalja.com.br\/geral\/wp-content\/uploads\/sites\/4\/2021\/10\/lixo-em-poa-coleta-retomada.jpg?resize=700%2C400&ssl=1 2x, https:\/\/i0.wp.com\/www.jornalja.com.br\/geral\/wp-content\/uploads\/sites\/4\/2021\/10\/lixo-em-poa-coleta-retomada.jpg?resize=1050%2C600&ssl=1 3x, https:\/\/i0.wp.com\/www.jornalja.com.br\/geral\/wp-content\/uploads\/sites\/4\/2021\/10\/lixo-em-poa-coleta-retomada.jpg?resize=1400%2C800&ssl=1 4x"},"classes":[]},{"id":90598,"url":"https:\/\/www.jornalja.com.br\/geral\/trabalhadores-terceirizada-suspendem-coleta-de-lixo-por-falta-de-pagamento\/","url_meta":{"origin":98633,"position":3},"title":"Trabalhadores de terceirizada suspendem coleta de lixo por falta de pagamento","author":"Felipe Uhr","date":"17 de outubro de 2021","format":false,"excerpt":"A paralisa\u00e7\u00e3o dos trabalhadores que realizam a coleta de lixo domiciliar em Porto Alegre afetou 43 bairros neste s\u00e1bado,dia 16. Os funcion\u00e1rios da empresa terceirizada \u00a0Litucera Limpeza e Engenharia Ltda, que opera 80% da coleta em Porto Alegre, alegam que n\u00e3o recebem vale-alimenta\u00e7\u00e3o h\u00e1 uma semana. Nesta s\u00e1bado o prefeito\u2026","rel":"","context":"Em &quot;Geral-MAT\u00c9RIA&quot;","block_context":{"text":"Geral-MAT\u00c9RIA","link":"https:\/\/www.jornalja.com.br\/geral\/category\/geral\/"},"img":{"alt_text":"","src":"https:\/\/i0.wp.com\/www.jornalja.com.br\/geral\/wp-content\/uploads\/sites\/4\/2021\/10\/16out2021-alexrocha-dmlu-coletadomiciliar-1-1.jpg?resize=350%2C200&ssl=1","width":350,"height":200,"srcset":"https:\/\/i0.wp.com\/www.jornalja.com.br\/geral\/wp-content\/uploads\/sites\/4\/2021\/10\/16out2021-alexrocha-dmlu-coletadomiciliar-1-1.jpg?resize=350%2C200&ssl=1 1x, https:\/\/i0.wp.com\/www.jornalja.com.br\/geral\/wp-content\/uploads\/sites\/4\/2021\/10\/16out2021-alexrocha-dmlu-coletadomiciliar-1-1.jpg?resize=525%2C300&ssl=1 1.5x, https:\/\/i0.wp.com\/www.jornalja.com.br\/geral\/wp-content\/uploads\/sites\/4\/2021\/10\/16out2021-alexrocha-dmlu-coletadomiciliar-1-1.jpg?resize=700%2C400&ssl=1 2x"},"classes":[]},{"id":91182,"url":"https:\/\/www.jornalja.com.br\/geral\/lixo-em-porto-alegre-buzinaco-dos-catadores-alerta-para-o-impasse-da-coleta-seletiva\/","url_meta":{"origin":98633,"position":4},"title":"Lixo em Porto Alegre: buzina\u00e7o dos catadores alerta para o impasse da coleta seletiva","author":"da Reda\u00e7\u00e3o","date":"5 de dezembro de 2021","format":false,"excerpt":"Catadores de lixo recicl\u00e1vel ocuparam a frente da Prefeitura de Porto Alegre, por dois dias na semana passada. Vieram de quatro bairros, da regi\u00e3o das\u00a0 ilhas,\u00a0 em passeata. Sua caminhada de v\u00e1rios quil\u00f4metros, na manh\u00e3 de segunda-feira, foi noticiada como um obst\u00e1culo ao tr\u00e2nsito. Desde cedo, os boletins de r\u00e1dio\u2026","rel":"","context":"Em &quot;Geral-MAT\u00c9RIA&quot;","block_context":{"text":"Geral-MAT\u00c9RIA","link":"https:\/\/www.jornalja.com.br\/geral\/category\/geral\/"},"img":{"alt_text":"","src":"https:\/\/i0.wp.com\/www.jornalja.com.br\/geral\/wp-content\/uploads\/sites\/4\/2021\/12\/lixo-catadores-na-prefeitura-scaled.jpg?resize=350%2C200&ssl=1","width":350,"height":200,"srcset":"https:\/\/i0.wp.com\/www.jornalja.com.br\/geral\/wp-content\/uploads\/sites\/4\/2021\/12\/lixo-catadores-na-prefeitura-scaled.jpg?resize=350%2C200&ssl=1 1x, https:\/\/i0.wp.com\/www.jornalja.com.br\/geral\/wp-content\/uploads\/sites\/4\/2021\/12\/lixo-catadores-na-prefeitura-scaled.jpg?resize=525%2C300&ssl=1 1.5x, https:\/\/i0.wp.com\/www.jornalja.com.br\/geral\/wp-content\/uploads\/sites\/4\/2021\/12\/lixo-catadores-na-prefeitura-scaled.jpg?resize=700%2C400&ssl=1 2x, https:\/\/i0.wp.com\/www.jornalja.com.br\/geral\/wp-content\/uploads\/sites\/4\/2021\/12\/lixo-catadores-na-prefeitura-scaled.jpg?resize=1050%2C600&ssl=1 3x, https:\/\/i0.wp.com\/www.jornalja.com.br\/geral\/wp-content\/uploads\/sites\/4\/2021\/12\/lixo-catadores-na-prefeitura-scaled.jpg?resize=1400%2C800&ssl=1 4x"},"classes":[]},{"id":100366,"url":"https:\/\/www.jornalja.com.br\/geral\/camara-comeca-a-votar-o-novo-plano-diretor-de-porto-alegre-vai-destruir-os-nossos-bairros\/","url_meta":{"origin":98633,"position":5},"title":"C\u00e2mara come\u00e7a  a votar o novo Plano Diretor de Porto Alegre: &#8220;Vai destruir os nossos bairros&#8221;","author":"Elmar Bones","date":"9 de dezembro de 2025","format":false,"excerpt":"A C\u00e2mara de Vereadores vota nesta quarta-feira, 10\/12 o relat\u00f3rio da Comiss\u00e3o Especial que analisou o projeto de revis\u00e3o do Plano Diretor de Porto Alegre. \u00c9 o primeiro passo para a valida\u00e7\u00e3o do plano, que o prefeito Sebasti\u00e3o Melo quer ver aprovado\u00a0 ainda este ano. Na verdade, n\u00e3o \u00e9 uma\u2026","rel":"","context":"Em &quot;Geral-MAT\u00c9RIA&quot;","block_context":{"text":"Geral-MAT\u00c9RIA","link":"https:\/\/www.jornalja.com.br\/geral\/category\/geral\/"},"img":{"alt_text":"","src":"","width":0,"height":0},"classes":[]}],"jetpack_sharing_enabled":true,"_links":{"self":[{"href":"https:\/\/www.jornalja.com.br\/geral\/wp-json\/wp\/v2\/posts\/98633","targetHints":{"allow":["GET"]}}],"collection":[{"href":"https:\/\/www.jornalja.com.br\/geral\/wp-json\/wp\/v2\/posts"}],"about":[{"href":"https:\/\/www.jornalja.com.br\/geral\/wp-json\/wp\/v2\/types\/post"}],"author":[{"embeddable":true,"href":"https:\/\/www.jornalja.com.br\/geral\/wp-json\/wp\/v2\/users\/4"}],"replies":[{"embeddable":true,"href":"https:\/\/www.jornalja.com.br\/geral\/wp-json\/wp\/v2\/comments?post=98633"}],"version-history":[{"count":5,"href":"https:\/\/www.jornalja.com.br\/geral\/wp-json\/wp\/v2\/posts\/98633\/revisions"}],"predecessor-version":[{"id":98647,"href":"https:\/\/www.jornalja.com.br\/geral\/wp-json\/wp\/v2\/posts\/98633\/revisions\/98647"}],"wp:featuredmedia":[{"embeddable":true,"href":"https:\/\/www.jornalja.com.br\/geral\/wp-json\/wp\/v2\/media\/98638"}],"wp:attachment":[{"href":"https:\/\/www.jornalja.com.br\/geral\/wp-json\/wp\/v2\/media?parent=98633"}],"wp:term":[{"taxonomy":"category","embeddable":true,"href":"https:\/\/www.jornalja.com.br\/geral\/wp-json\/wp\/v2\/categories?post=98633"},{"taxonomy":"post_tag","embeddable":true,"href":"https:\/\/www.jornalja.com.br\/geral\/wp-json\/wp\/v2\/tags?post=98633"}],"curies":[{"name":"wp","href":"https:\/\/api.w.org\/{rel}","templated":true}]}}