{"id":98956,"date":"2025-05-13T18:45:02","date_gmt":"2025-05-13T21:45:02","guid":{"rendered":"https:\/\/www.jornalja.com.br\/geral\/?p=98956"},"modified":"2025-05-18T13:56:31","modified_gmt":"2025-05-18T16:56:31","slug":"china-investira-r-27-bilhoes-no-brasil","status":"publish","type":"post","link":"https:\/\/www.jornalja.com.br\/geral\/china-investira-r-27-bilhoes-no-brasil\/","title":{"rendered":"China investir\u00e1 R$ 27 bilh\u00f5es no Brasil"},"content":{"rendered":"<p>O presidente Luiz In\u00e1cio Lula da Silva anunciou que a China investir\u00e1\u00a0 R$ 27 bilh\u00f5es no Brasil. Com foco espec\u00edfico em infraestrutura,\u00a0 tecnologia e investimentos tamb\u00e9m no setor de educa\u00e7\u00e3o, pois ser\u00e1 necess\u00e1ria ampla capacita\u00e7\u00e3o de profissionais.<\/p>\n<p>Lula est\u00e1 em visita oficial a Pequim, onde participou do F\u00f3rum Empresarial Brasil-China, junto com investidores chineses e brasileiros.<\/p>\n<p>O com\u00e9rcio entre os dois pa\u00edses soma aproximadamente US$ 160 bilh\u00f5es, segundo a Ag\u00eancia Brasileira de Promo\u00e7\u00e3o de Exporta\u00e7\u00f5es e Investimentos (ApexBrasil).<\/p>\n<p>Segundo a assessoria de imprensa da presid\u00eancia, os encontros recentes contribu\u00edram para ampliar ainda mais os investimentos chineses no Brasil.<\/p>\n<p>Os novos acordos preveem um investimento de US$ 1 bilh\u00e3o na produ\u00e7\u00e3o de combust\u00edvel de avia\u00e7\u00e3o renov\u00e1vel (SAF) a partir da cana-de-a\u00e7\u00facar e a cria\u00e7\u00e3o de um Centro de Pesquisa e Desenvolvimento para energia renov\u00e1vel.<\/p>\n<p>Na madrugada desta segunda-feira (12), durante o discurso de encerramento do f\u00f3rum, Lula ressaltou que a rela\u00e7\u00e3o entre Brasil e China n\u00e3o \u00e9 uma &#8220;rela\u00e7\u00e3o comum&#8221;, mas entre &#8220;dois pa\u00edses comprometidos com a solu\u00e7\u00e3o do problema do empobrecimento, que atormenta a hist\u00f3ria de ambos&#8221; h\u00e1 muito tempo.<\/p>\n<p>&#8220;\u00c9 not\u00e1vel que a China tenha tirado 800 milh\u00f5es de pessoas da pobreza em 40 anos. Assim como \u00e9 not\u00e1vel que o Brasil, em apenas 10 anos, tenha tirado 54 milh\u00f5es de pessoas da fome no meu pa\u00eds&#8221;, disse Lula. Para o presidente brasileiro, tais conquistas s\u00e3o consequ\u00eancia da inclus\u00e3o de uma parcela significativa da popula\u00e7\u00e3o nas economias desses pa\u00edses.<\/p>\n<p>Brasil e China s\u00e3o &#8220;parceiros estrat\u00e9gicos e atores incontorn\u00e1veis&#8221; no atual contexto geopol\u00edtico, em meio ao &#8220;ressurgimento de tend\u00eancias protecionistas&#8221;, disse Lula, em alus\u00e3o \u00e0 recente pol\u00edtica comercial adotada pelos Estados Unidos.<\/p>\n<p>Em rela\u00e7\u00e3o \u00e0 infraestrutura, Lula destacou que o Eixo Ferrovi\u00e1rio Leste-Oeste interligar\u00e1 o Brasil. &#8220;Ser\u00e1 um empreendimento fundamental para a log\u00edstica brasileira e um dos mais transformadores para garantir a seguran\u00e7a alimentar global&#8221;, disse ele. &#8220;Conectar os oceanos Atl\u00e2ntico e Pac\u00edfico por meio de cinco rotas de integra\u00e7\u00e3o facilitar\u00e1 o com\u00e9rcio e trar\u00e1 maior desenvolvimento ao interior do continente sul-americano. As rotas bioce\u00e2nicas encurtar\u00e3o a dist\u00e2ncia entre o Brasil e a China em aproximadamente 10.000 quil\u00f4metros&#8221;, acrescentou.<\/p>\n<p><em>Swap cambial<\/em><\/p>\n<p>O Banco Popular da China (BPC) e o Banco Central do Brasil assinaram nesta ter\u00e7a-feira (13) um memorando de entendimento sobre coopera\u00e7\u00e3o financeira estrat\u00e9gica e renovaram seu acordo bilateral de swap cambial, que estava em vigor desde 2013 e foi ampliado em 2021. O acordo renovado de swap cambial de 190 bilh\u00f5es de yuans\/157 bilh\u00f5es de reais (US$ 27,69 bilh\u00f5es) entre a China e o Brasil \u00e9 v\u00e1lido por cinco anos e pode ser renovado mediante consentimento m\u00fatuo, de acordo com um comunicado do BPC.<\/p>\n<p>Swap cambial \u00e9 um tipo de opera\u00e7\u00e3o financeira realizada principalmente pelo Banco Central de um pa\u00eds com o objetivo de proteger o mercado contra varia\u00e7\u00f5es excessivas na taxa de c\u00e2mbio (valoriza\u00e7\u00e3o ou desvaloriza\u00e7\u00e3o do d\u00f3lar em rela\u00e7\u00e3o \u00e0 moeda local, como o real no Brasil). \u00c9 um contrato de troca de fluxos financeiros.<\/p>\n<p>O Banco Central oferece um contrato em que ele paga a varia\u00e7\u00e3o do d\u00f3lar e recebe a varia\u00e7\u00e3o da taxa de juros local (geralmente a taxa CDI, no caso do Brasil). Quem compra o swap cambial recebe a varia\u00e7\u00e3o do d\u00f3lar \u2014 como se estivesse comprando d\u00f3lares, mas sem precisar fazer isso fisicamente.<\/p>\n<p>As for\u00e7as motrizes por tr\u00e1s da coopera\u00e7\u00e3o cambial entre a China e o Brasil decorrem do desafiador ambiente financeiro internacional. O Brasil, como muitas economias emergentes, enfrenta m\u00faltiplas press\u00f5es da volatilidade do d\u00f3lar americano. As pol\u00edticas protecionistas dos EUA e a deteriora\u00e7\u00e3o de sua situa\u00e7\u00e3o fiscal lan\u00e7aram uma sombra sobre o d\u00f3lar americano. O tamanho da d\u00edvida nacional dos EUA ultrapassou US$ 36 trilh\u00f5es, enquanto a pol\u00edtica tarif\u00e1ria do governo americano trouxe turbul\u00eancia comercial sem precedentes ao mundo. Todas essas fontes de risco e incerteza colocaram a confiabilidade do sistema financeiro global denominado em d\u00f3lar sob escrut\u00ednio.<\/p>\n<p>O swap cambial visa promover o com\u00e9rcio bilateral em moedas locais. Empresas brasileiras e chinesas podem realizar transa\u00e7\u00f5es diretamente em yuan e real, evitando custos e riscos cambiais associados ao d\u00f3lar, garantidas por um contrato.<\/p>\n<p>Os bancos centrais trocam uma quantidade pr\u00e9-acordada de suas moedas (ex.: Banco Central do Brasil recebe yuan, e o Banco Popular da China recebe reais).\u00a0 Exportadores brasileiros para a China podem receber em\u00a0yuan\u00a0e converter em reais, se necess\u00e1rio.<\/p>\n<p class=\"ds-markdown-paragraph\">A China \u00e9 o maior parceiro comercial do Brasil, com trocas de valores expressivos em commodities (soja, min\u00e9rio de ferro, petr\u00f3leo) e manufaturados. O uso direto de yuan e real pode baratear transa\u00e7\u00f5es e aumentar a efici\u00eancia.<\/p>\n<p class=\"ds-markdown-paragraph\">No entanto, o\u00a0d\u00f3lar ainda domina grande parte do com\u00e9rcio global, e a ado\u00e7\u00e3o plena dessas moedas depende da confian\u00e7a e liquidez nos mercados financeiros de ambos os pa\u00edses. Por isso, o swap cambial.<\/p>\n<p>Enquanto isso, a promo\u00e7\u00e3o da internacionaliza\u00e7\u00e3o do yuan na regi\u00e3o latino-americana ainda enfrenta in\u00fameros desafios. \u00c9 improv\u00e1vel que o dom\u00ednio arraigado do d\u00f3lar americano no com\u00e9rcio e nas finan\u00e7as regionais mude no curto prazo. No entanto, \u00e9 previs\u00edvel que, \u00e0 medida que mais e mais pa\u00edses buscam reduzir sua depend\u00eancia de um sistema de moeda \u00fanica, acordos regionais semelhantes de coopera\u00e7\u00e3o financeira continuem a surgir. Nesse sentido, um acordo de swap de moedas representa um passo significativo em dire\u00e7\u00e3o a uma ordem financeira global mais multipolar e resiliente.<\/p>\n<p><em>Com Ag\u00eancia Brasil e Global Times<\/em><\/p>\n<p><em>\u00a0<\/em><\/p>\n","protected":false},"excerpt":{"rendered":"<p>O presidente Luiz In\u00e1cio Lula da Silva anunciou que a China investir\u00e1\u00a0 R$ 27 bilh\u00f5es no Brasil. Com foco espec\u00edfico em infraestrutura,\u00a0 tecnologia e investimentos tamb\u00e9m no setor de educa\u00e7\u00e3o, pois ser\u00e1 necess\u00e1ria ampla capacita\u00e7\u00e3o de profissionais. Lula est\u00e1 em visita oficial a Pequim, onde participou do F\u00f3rum Empresarial Brasil-China, junto com investidores chineses e [&hellip;]<\/p>\n","protected":false},"author":9,"featured_media":0,"comment_status":"closed","ping_status":"open","sticky":false,"template":"","format":"standard","meta":{"jetpack_post_was_ever_published":false,"_jetpack_newsletter_access":"","_jetpack_dont_email_post_to_subs":false,"_jetpack_newsletter_tier_id":0,"_jetpack_memberships_contains_paywalled_content":false,"_jetpack_memberships_contains_paid_content":false,"footnotes":"","jetpack_publicize_message":"","jetpack_publicize_feature_enabled":true,"jetpack_social_post_already_shared":true,"jetpack_social_options":{"image_generator_settings":{"template":"highway","default_image_id":0,"font":"","enabled":false},"version":2}},"categories":[2],"tags":[],"class_list":["post-98956","post","type-post","status-publish","format-standard","hentry","category-geral"],"aioseo_notices":[],"jetpack_publicize_connections":[],"jetpack_featured_media_url":"","jetpack_shortlink":"https:\/\/wp.me\/pbKhrD-pK4","jetpack-related-posts":[{"id":95181,"url":"https:\/\/www.jornalja.com.br\/geral\/comercio-entre-brasil-e-china-superou-os-170-bilhoes-de-dolares-em-2022\/","url_meta":{"origin":98956,"position":0},"title":"Com\u00e9rcio entre Brasil e China superou os 170 bilh\u00f5es de d\u00f3lares em 2022","author":"Elmar Bones","date":"11 de abril de 2023","format":false,"excerpt":"A nota foi curta na ag\u00eancia oficial do governo chin\u00eas: \"Conforme acordado entre a China e o Brasil, o presidente Luiz In\u00e1cio Lula da Silva da Rep\u00fablica Federativa do Brasil far\u00e1 uma visita de Estado \u00e0 China de 12 a 15 de abril, anunciada nesta ter\u00e7a-feira a porta -voz do\u2026","rel":"","context":"Em &quot;Geral-MAT\u00c9RIA&quot;","block_context":{"text":"Geral-MAT\u00c9RIA","link":"https:\/\/www.jornalja.com.br\/geral\/category\/geral\/"},"img":{"alt_text":"","src":"https:\/\/i0.wp.com\/www.jornalja.com.br\/geral\/wp-content\/uploads\/sites\/4\/2023\/04\/lula-e-alkmin-no-embarque-para-a-china.jpg?resize=350%2C200&ssl=1","width":350,"height":200,"srcset":"https:\/\/i0.wp.com\/www.jornalja.com.br\/geral\/wp-content\/uploads\/sites\/4\/2023\/04\/lula-e-alkmin-no-embarque-para-a-china.jpg?resize=350%2C200&ssl=1 1x, https:\/\/i0.wp.com\/www.jornalja.com.br\/geral\/wp-content\/uploads\/sites\/4\/2023\/04\/lula-e-alkmin-no-embarque-para-a-china.jpg?resize=525%2C300&ssl=1 1.5x, https:\/\/i0.wp.com\/www.jornalja.com.br\/geral\/wp-content\/uploads\/sites\/4\/2023\/04\/lula-e-alkmin-no-embarque-para-a-china.jpg?resize=700%2C400&ssl=1 2x, https:\/\/i0.wp.com\/www.jornalja.com.br\/geral\/wp-content\/uploads\/sites\/4\/2023\/04\/lula-e-alkmin-no-embarque-para-a-china.jpg?resize=1050%2C600&ssl=1 3x"},"classes":[]},{"id":79523,"url":"https:\/\/www.jornalja.com.br\/geral\/chineses-querem-ampliar-comercio-bilateral-com-empresas-gauchas\/","url_meta":{"origin":98956,"position":1},"title":"Chineses buscam oportunidades em \u00e1reas de inova\u00e7\u00e3o","author":"da Reda\u00e7\u00e3o","date":"27 de novembro de 2019","format":false,"excerpt":"A China tem quase 1,4 bilh\u00e3o de habitantes e a maior classe m\u00e9dia do mundo. Por isso, o consumo est\u00e1 crescendo muito nos \u00faltimos anos. Estima-se que nos pr\u00f3ximos 15 anos a China vai comprar do mundo mais de US$ 30 bilh\u00f5es, conforme o embaixador da Rep\u00fablica Popular da China\u2026","rel":"","context":"Em &quot;Geral-MAT\u00c9RIA&quot;","block_context":{"text":"Geral-MAT\u00c9RIA","link":"https:\/\/www.jornalja.com.br\/geral\/category\/geral\/"},"img":{"alt_text":"","src":"","width":0,"height":0},"classes":[]},{"id":82421,"url":"https:\/\/www.jornalja.com.br\/geral\/coronavirus-nao-afetou-os-investimentos-da-china-no-exterior\/","url_meta":{"origin":98956,"position":2},"title":"Coronavirus n\u00e3o afetou os investimentos da China no exterior","author":"da Reda\u00e7\u00e3o","date":"27 de mar\u00e7o de 2020","format":false,"excerpt":"A crise provocada pelo coronavirus, n\u00e3o afetou os investimentos feito pela China no exterior, em setores n\u00e3o financeiros. Nos dois primeiros meses do ano, quando a epidemia teve seu pico pais, o volume de investimentos externos\u00a0 aumentou 1,8% em termos anuais, segundo\u00a0 informou nesta quinta-feira o Minist\u00e9rio do Com\u00e9rcio. O\u2026","rel":"","context":"Em &quot;Geral-MAT\u00c9RIA&quot;","block_context":{"text":"Geral-MAT\u00c9RIA","link":"https:\/\/www.jornalja.com.br\/geral\/category\/geral\/"},"img":{"alt_text":"","src":"https:\/\/i0.wp.com\/www.jornalja.com.br\/geral\/wp-content\/uploads\/sites\/4\/2020\/03\/Coronavirus-China-amplia-investimentos-no-estrangeiros.jpg?resize=350%2C200&ssl=1","width":350,"height":200,"srcset":"https:\/\/i0.wp.com\/www.jornalja.com.br\/geral\/wp-content\/uploads\/sites\/4\/2020\/03\/Coronavirus-China-amplia-investimentos-no-estrangeiros.jpg?resize=350%2C200&ssl=1 1x, https:\/\/i0.wp.com\/www.jornalja.com.br\/geral\/wp-content\/uploads\/sites\/4\/2020\/03\/Coronavirus-China-amplia-investimentos-no-estrangeiros.jpg?resize=525%2C300&ssl=1 1.5x, https:\/\/i0.wp.com\/www.jornalja.com.br\/geral\/wp-content\/uploads\/sites\/4\/2020\/03\/Coronavirus-China-amplia-investimentos-no-estrangeiros.jpg?resize=700%2C400&ssl=1 2x"},"classes":[]},{"id":100467,"url":"https:\/\/www.jornalja.com.br\/geral\/estados-unidos-sequestram-nicolas-maduro-em-desafio-explicito-a-china-comissao-chinesa-estava-na-venezuela\/","url_meta":{"origin":98956,"position":3},"title":"Estados Unidos sequestram Nicolas Maduro em desafio expl\u00edcito \u00e0 China; comiss\u00e3o chinesa estava na Venezuela","author":"da Reda\u00e7\u00e3o","date":"3 de janeiro de 2026","format":false,"excerpt":"O ataque dos Estados Unidos \u00e0 Venezuela com\u00a0 o sequestro do presidente Nicolas Mauro e sua esposa na madrugada desta s\u00e1bado (3), ocorreu poucas horas depois de uma reuni\u00e3o do presidente venezuelano com representantes oficiais do governo chin\u00eas, em Caracas. A China tem sido um parceiro importante do governo Maduro,\u2026","rel":"","context":"Em &quot;Geral-MAT\u00c9RIA&quot;","block_context":{"text":"Geral-MAT\u00c9RIA","link":"https:\/\/www.jornalja.com.br\/geral\/category\/geral\/"},"img":{"alt_text":"","src":"https:\/\/i0.wp.com\/www.jornalja.com.br\/geral\/wp-content\/uploads\/sites\/4\/2026\/01\/ataque-a-venezuela.png?resize=350%2C200&ssl=1","width":350,"height":200,"srcset":"https:\/\/i0.wp.com\/www.jornalja.com.br\/geral\/wp-content\/uploads\/sites\/4\/2026\/01\/ataque-a-venezuela.png?resize=350%2C200&ssl=1 1x, https:\/\/i0.wp.com\/www.jornalja.com.br\/geral\/wp-content\/uploads\/sites\/4\/2026\/01\/ataque-a-venezuela.png?resize=525%2C300&ssl=1 1.5x"},"classes":[]},{"id":100627,"url":"https:\/\/www.jornalja.com.br\/geral\/fiergs-preve-expansao-do-pib-e-do-emprego-com-acordo-mercosul-uniao-europeia\/","url_meta":{"origin":98956,"position":4},"title":"Fiergs prev\u00ea expans\u00e3o do PIB e do emprego com acordo Mercosul-Uni\u00e3o Europeia","author":"da Reda\u00e7\u00e3o","date":"19 de janeiro de 2026","format":false,"excerpt":"Presidente Claudio Bier aposta no aumento no fluxo de com\u00e9rcio entre as duas regi\u00f5es; entidade estima alta de 4,6% do PIB ga\u00facho em 15 anos e gera\u00e7\u00e3o de 31 mil empregos. O acordo entre Mercosul e Uni\u00e3o Europeia, assinado neste s\u00e1bado (17), no Paraguai, \u00e9 \"um avan\u00e7o importante\", segundo a\u2026","rel":"","context":"Em &quot;Geral-MAT\u00c9RIA&quot;","block_context":{"text":"Geral-MAT\u00c9RIA","link":"https:\/\/www.jornalja.com.br\/geral\/category\/geral\/"},"img":{"alt_text":"","src":"https:\/\/i0.wp.com\/www.jornalja.com.br\/geral\/wp-content\/uploads\/sites\/4\/2026\/01\/fiergs.jpg?resize=350%2C200&ssl=1","width":350,"height":200,"srcset":"https:\/\/i0.wp.com\/www.jornalja.com.br\/geral\/wp-content\/uploads\/sites\/4\/2026\/01\/fiergs.jpg?resize=350%2C200&ssl=1 1x, https:\/\/i0.wp.com\/www.jornalja.com.br\/geral\/wp-content\/uploads\/sites\/4\/2026\/01\/fiergs.jpg?resize=525%2C300&ssl=1 1.5x, https:\/\/i0.wp.com\/www.jornalja.com.br\/geral\/wp-content\/uploads\/sites\/4\/2026\/01\/fiergs.jpg?resize=700%2C400&ssl=1 2x"},"classes":[]},{"id":100057,"url":"https:\/\/www.jornalja.com.br\/geral\/secretaria-faz-defesa-das-estatais-e-diz-que-elas-sao-eficientes-e-dao-lucro\/","url_meta":{"origin":98956,"position":5},"title":"Secret\u00e1ria faz defesa das estatais e diz que elas s\u00e3o eficientes e d\u00e3o lucro","author":"da Reda\u00e7\u00e3o","date":"22 de outubro de 2025","format":false,"excerpt":"A secret\u00e1ria de Coordena\u00e7\u00e3o e Governan\u00e7a das Empresas Estatais , Elisa Leonel, compareceu \u00e0 uma audi\u00eancia na C\u00e2mara Federal e\u00a0apresentou um panorama detalhado da atua\u00e7\u00e3o das estatais, destacando o desempenho financeiro, o impacto social e as diretrizes de governan\u00e7a implementadas pelo governo federal. \"As empresas estatais brasileiras t\u00eam demonstrado for\u00e7a,\u2026","rel":"","context":"Em &quot;Geral-MAT\u00c9RIA&quot;","block_context":{"text":"Geral-MAT\u00c9RIA","link":"https:\/\/www.jornalja.com.br\/geral\/category\/geral\/"},"img":{"alt_text":"","src":"https:\/\/i0.wp.com\/www.jornalja.com.br\/geral\/wp-content\/uploads\/sites\/4\/2025\/10\/estatais-secretaria-elisa-leonel-audiencia-foto-washington-costa.jpeg?resize=350%2C200&ssl=1","width":350,"height":200,"srcset":"https:\/\/i0.wp.com\/www.jornalja.com.br\/geral\/wp-content\/uploads\/sites\/4\/2025\/10\/estatais-secretaria-elisa-leonel-audiencia-foto-washington-costa.jpeg?resize=350%2C200&ssl=1 1x, https:\/\/i0.wp.com\/www.jornalja.com.br\/geral\/wp-content\/uploads\/sites\/4\/2025\/10\/estatais-secretaria-elisa-leonel-audiencia-foto-washington-costa.jpeg?resize=525%2C300&ssl=1 1.5x, https:\/\/i0.wp.com\/www.jornalja.com.br\/geral\/wp-content\/uploads\/sites\/4\/2025\/10\/estatais-secretaria-elisa-leonel-audiencia-foto-washington-costa.jpeg?resize=700%2C400&ssl=1 2x"},"classes":[]}],"jetpack_sharing_enabled":true,"_links":{"self":[{"href":"https:\/\/www.jornalja.com.br\/geral\/wp-json\/wp\/v2\/posts\/98956","targetHints":{"allow":["GET"]}}],"collection":[{"href":"https:\/\/www.jornalja.com.br\/geral\/wp-json\/wp\/v2\/posts"}],"about":[{"href":"https:\/\/www.jornalja.com.br\/geral\/wp-json\/wp\/v2\/types\/post"}],"author":[{"embeddable":true,"href":"https:\/\/www.jornalja.com.br\/geral\/wp-json\/wp\/v2\/users\/9"}],"replies":[{"embeddable":true,"href":"https:\/\/www.jornalja.com.br\/geral\/wp-json\/wp\/v2\/comments?post=98956"}],"version-history":[{"count":5,"href":"https:\/\/www.jornalja.com.br\/geral\/wp-json\/wp\/v2\/posts\/98956\/revisions"}],"predecessor-version":[{"id":99000,"href":"https:\/\/www.jornalja.com.br\/geral\/wp-json\/wp\/v2\/posts\/98956\/revisions\/99000"}],"wp:attachment":[{"href":"https:\/\/www.jornalja.com.br\/geral\/wp-json\/wp\/v2\/media?parent=98956"}],"wp:term":[{"taxonomy":"category","embeddable":true,"href":"https:\/\/www.jornalja.com.br\/geral\/wp-json\/wp\/v2\/categories?post=98956"},{"taxonomy":"post_tag","embeddable":true,"href":"https:\/\/www.jornalja.com.br\/geral\/wp-json\/wp\/v2\/tags?post=98956"}],"curies":[{"name":"wp","href":"https:\/\/api.w.org\/{rel}","templated":true}]}}