{"id":99138,"date":"2025-06-09T07:26:59","date_gmt":"2025-06-09T10:26:59","guid":{"rendered":"https:\/\/www.jornalja.com.br\/geral\/?p=99138"},"modified":"2025-07-21T08:00:08","modified_gmt":"2025-07-21T11:00:08","slug":"na-contramao-de-trump-china-libera-entrada-para-quem-quer-fazer-negocios","status":"publish","type":"post","link":"https:\/\/www.jornalja.com.br\/geral\/na-contramao-de-trump-china-libera-entrada-para-quem-quer-fazer-negocios\/","title":{"rendered":"Na contram\u00e3o de Trump: China libera entrada para quem quer fazer neg\u00f3cios"},"content":{"rendered":"<p>Desde 1\u00ba de junho de 2025, cidad\u00e3os do Brasil podem entrar na China sem visto por at\u00e9 30 dias para neg\u00f3cios, turismo, interc\u00e2mbio cultural ou tr\u00e2nsito.<\/p>\n<p>A medida, que favorece tamb\u00e9m \u00a0Argentina, Peru, Chile e Uruguai, ser\u00e1 implementada em car\u00e1ter experimental at\u00e9 31 de maio de 2026, segundo anunciou o Minist\u00e9rio das Rela\u00e7\u00f5es Exteriores da China.<\/p>\n<p>Essa &#8220;abertura&#8221; faz parte de uma pol\u00edtica mais ampla da China, que vai na contram\u00e3o das pol\u00edticas restritivas adotadas por Trump nos Estados Unidos. Em vez de tarifas e barreiras, o governo chines\u00a0 estender as isen\u00e7\u00f5es de visto &#8220;e promover interc\u00e2mbios amistosos com mais pa\u00edses da Am\u00e9rica Latina e do Caribe (ALC)&#8221;.<\/p>\n<p>Era um passo h\u00e1 muito esperado pelas empresas chinesas que t\u00eam la\u00e7os comerciais com a regi\u00e3o. &#8220;Isso resolve um gargalo real em nossas opera\u00e7\u00f5es comerciais&#8221;, disse Ryan Yang, gerente-geral da Sinogas, uma empresa de tecnologia de energia com sede em Tianjin que exporta para M\u00e9xico, Col\u00f4mbia, Peru, Chile e Brasil. &#8220;Os clientes agora podem vir para inspe\u00e7\u00f5es de f\u00e1brica, demonstra\u00e7\u00f5es de produtos e sess\u00f5es de treinamento sem semanas ou meses de atraso causado pelo visto.&#8221;<\/p>\n<p>Marcel Sanchez, cuja empresa come\u00e7ou a trabalhar com a Sinogas h\u00e1 oito anos, disse que as restri\u00e7\u00f5es de visto muitas vezes dificultam a coopera\u00e7\u00e3o. &#8220;No passado, t\u00ednhamos que cortar viagens de neg\u00f3cios e contar apenas com o suporte remoto de nosso parceiro chin\u00eas. Agora podemos fazer a colabora\u00e7\u00e3o cara a cara novamente, e \u00e9 a\u00ed que o progresso real acontece&#8221;, acrescentou.<\/p>\n<p>O com\u00e9rcio entre a China e as na\u00e7\u00f5es da Am\u00e9rica Latina e Caribe dobrou na \u00faltima d\u00e9cada, atingindo US$ 518,4 bilh\u00f5es em 2024.<\/p>\n<p>Os produtos chineses, incluindo seus ve\u00edculos el\u00e9tricos, s\u00e3o exportados extensivamente para os pa\u00edses da ALC, enquanto os produtos origin\u00e1rios da regi\u00e3o tamb\u00e9m desfrutam de popularidade na China.<\/p>\n<p>Notavelmente, as cerejas chilenas e a carne bovina argentina e brasileira tornaram-se alimentos b\u00e1sicos regulares na dieta das fam\u00edlias chinesas.<\/p>\n<p>Sun Yanfeng, pesquisador do Centro de Estudos Latino-Americanos do Instituto Chin\u00eas de Rela\u00e7\u00f5es Internacionais Contempor\u00e2neas, observou que os pa\u00edses latino-americanos est\u00e3o ansiosos para aumentar as exporta\u00e7\u00f5es por meio de seus la\u00e7os econ\u00f4micos e comerciais com a China. A pol\u00edtica de isen\u00e7\u00e3o de vistos, acrescentou, facilitar\u00e1 muito as visitas de empres\u00e1rios latino-americanos, especialmente aqueles de pequenas e m\u00e9dias empresas, simplificando os procedimentos de viagem.<\/p>\n<p>A Tianjin Free Trade Service Co., Ltd., uma importante prestadora de servi\u00e7os para milhares de pequenos e m\u00e9dios exportadores, tem equipes de desenvolvimento de neg\u00f3cios se preparando para mais visitas de entrada. &#8220;Esta pol\u00edtica trar\u00e1 parceiros latino-americanos \u00e0 nossa porta&#8221;, disse Du Chen, gerente da empresa. &#8220;Sem os obst\u00e1culos do visto, as pessoas est\u00e3o mais dispostas a vir, ver e confiar.&#8221;<\/p>\n<p>Elizabeth Milagros Alvarado Taco, uma estudante peruana de p\u00f3s-gradua\u00e7\u00e3o em neg\u00f3cios internacionais na Universidade de Estudos Estrangeiros de Tianjin, disse que a pol\u00edtica de isen\u00e7\u00e3o de vistos acelerar\u00e1 as atividades comerciais, tornando mais f\u00e1cil para empreendedores e empres\u00e1rios latino-americanos virem \u00e0 China para negocia\u00e7\u00f5es, visitas a f\u00e1bricas ou feiras comerciais.<\/p>\n<p>&#8220;Tamb\u00e9m pode facilitar a rota\u00e7\u00e3o de equipes internacionais, melhorar a coordena\u00e7\u00e3o de projetos multinacionais e reduzir custos e tempo de processamento. No geral, essa conveni\u00eancia promover\u00e1 o investimento bilateral e a coopera\u00e7\u00e3o corporativa&#8221;, disse ela. (<strong>Com informa\u00e7\u00f5es da Ag\u00eancia Nova China)<\/strong><\/p>\n","protected":false},"excerpt":{"rendered":"<p>Desde 1\u00ba de junho de 2025, cidad\u00e3os do Brasil podem entrar na China sem visto por at\u00e9 30 dias para neg\u00f3cios, turismo, interc\u00e2mbio cultural ou tr\u00e2nsito. A medida, que favorece tamb\u00e9m \u00a0Argentina, Peru, Chile e Uruguai, ser\u00e1 implementada em car\u00e1ter experimental at\u00e9 31 de maio de 2026, segundo anunciou o Minist\u00e9rio das Rela\u00e7\u00f5es Exteriores da [&hellip;]<\/p>\n","protected":false},"author":4,"featured_media":99169,"comment_status":"closed","ping_status":"open","sticky":false,"template":"","format":"standard","meta":{"jetpack_post_was_ever_published":false,"_jetpack_newsletter_access":"","_jetpack_dont_email_post_to_subs":false,"_jetpack_newsletter_tier_id":0,"_jetpack_memberships_contains_paywalled_content":false,"_jetpack_memberships_contains_paid_content":false,"footnotes":"","jetpack_publicize_message":"","jetpack_publicize_feature_enabled":true,"jetpack_social_post_already_shared":true,"jetpack_social_options":{"image_generator_settings":{"template":"highway","default_image_id":0,"font":"","enabled":false},"version":2}},"categories":[2],"tags":[],"class_list":["post-99138","post","type-post","status-publish","format-standard","has-post-thumbnail","hentry","category-geral"],"aioseo_notices":[],"jetpack_publicize_connections":[],"jetpack_featured_media_url":"https:\/\/www.jornalja.com.br\/geral\/wp-content\/uploads\/sites\/4\/2025\/06\/china-entrada-sem-visto.jpg","jetpack_shortlink":"https:\/\/wp.me\/pbKhrD-pN0","jetpack-related-posts":[{"id":100476,"url":"https:\/\/www.jornalja.com.br\/geral\/china-e-russia-foram-avisadas-antes-do-ataque-a-venezuela-ha-um-acordo-com-trump-para-uma-nova-divisao-mundial\/","url_meta":{"origin":99138,"position":0},"title":"China e R\u00fassia foram avisadas antes do ataque \u00e0 Venezuela? H\u00e1 um acordo com Trump para uma nova divis\u00e3o mundial?","author":"da Reda\u00e7\u00e3o","date":"3 de janeiro de 2026","format":false,"excerpt":"S\u00e3o muitas as perguntas sem resposta neste s\u00e1bado em que o mundo acompanha, estarrecido, o ataque dos Estados Unidos \u00e0 Venezuela e o sequestro do presidente Nicolas Maduro e sua esposa, Cilia Flores. A principal e a mais inquietante das perguntas \u00e9 esta: esse movimento de Trump na Venezuela faz\u2026","rel":"","context":"Em &quot;Geral-MAT\u00c9RIA&quot;","block_context":{"text":"Geral-MAT\u00c9RIA","link":"https:\/\/www.jornalja.com.br\/geral\/category\/geral\/"},"img":{"alt_text":"","src":"https:\/\/i0.wp.com\/www.jornalja.com.br\/geral\/wp-content\/uploads\/sites\/4\/2026\/01\/ataque-a-venezuela-esta-1.png?resize=350%2C200&ssl=1","width":350,"height":200,"srcset":"https:\/\/i0.wp.com\/www.jornalja.com.br\/geral\/wp-content\/uploads\/sites\/4\/2026\/01\/ataque-a-venezuela-esta-1.png?resize=350%2C200&ssl=1 1x, https:\/\/i0.wp.com\/www.jornalja.com.br\/geral\/wp-content\/uploads\/sites\/4\/2026\/01\/ataque-a-venezuela-esta-1.png?resize=525%2C300&ssl=1 1.5x, https:\/\/i0.wp.com\/www.jornalja.com.br\/geral\/wp-content\/uploads\/sites\/4\/2026\/01\/ataque-a-venezuela-esta-1.png?resize=700%2C400&ssl=1 2x"},"classes":[]},{"id":100500,"url":"https:\/\/www.jornalja.com.br\/geral\/lider-chines-condena-atos-unilaterais-que-solapam-a-ordem-mundial-sem-citar-estados-unidos-ou-trump\/","url_meta":{"origin":99138,"position":1},"title":"L\u00edder chin\u00eas condena &#8220;atos unilaterais&#8221; sem citar Estados Unidos ou Trump","author":"da Reda\u00e7\u00e3o","date":"5 de janeiro de 2026","format":false,"excerpt":"Vinte quatro horas depois do ataque em que o presidente Nicolas Maduro e sua mulher Cilia Flores foram sequestrados por for\u00e7as militares dos Estados Unidos, n\u00e3o h\u00e1 um desfecho previs\u00edvel para a crise internacional desencadeada pela invas\u00e3o da Venezuela, no s\u00e1bado, 3. Donald Trump, o presidente americano, que comemorou nas\u2026","rel":"","context":"Em &quot;Geral-MAT\u00c9RIA&quot;","block_context":{"text":"Geral-MAT\u00c9RIA","link":"https:\/\/www.jornalja.com.br\/geral\/category\/geral\/"},"img":{"alt_text":"","src":"https:\/\/i0.wp.com\/www.jornalja.com.br\/geral\/wp-content\/uploads\/sites\/4\/2026\/01\/ataque-venezuela-xi-jinping.png?resize=350%2C200&ssl=1","width":350,"height":200,"srcset":"https:\/\/i0.wp.com\/www.jornalja.com.br\/geral\/wp-content\/uploads\/sites\/4\/2026\/01\/ataque-venezuela-xi-jinping.png?resize=350%2C200&ssl=1 1x, https:\/\/i0.wp.com\/www.jornalja.com.br\/geral\/wp-content\/uploads\/sites\/4\/2026\/01\/ataque-venezuela-xi-jinping.png?resize=525%2C300&ssl=1 1.5x"},"classes":[]},{"id":100467,"url":"https:\/\/www.jornalja.com.br\/geral\/estados-unidos-sequestram-nicolas-maduro-em-desafio-explicito-a-china-comissao-chinesa-estava-na-venezuela\/","url_meta":{"origin":99138,"position":2},"title":"Estados Unidos sequestram Nicolas Maduro em desafio expl\u00edcito \u00e0 China; comiss\u00e3o chinesa estava na Venezuela","author":"da Reda\u00e7\u00e3o","date":"3 de janeiro de 2026","format":false,"excerpt":"O ataque dos Estados Unidos \u00e0 Venezuela com\u00a0 o sequestro do presidente Nicolas Mauro e sua esposa na madrugada desta s\u00e1bado (3), ocorreu poucas horas depois de uma reuni\u00e3o do presidente venezuelano com representantes oficiais do governo chin\u00eas, em Caracas. A China tem sido um parceiro importante do governo Maduro,\u2026","rel":"","context":"Em &quot;Geral-MAT\u00c9RIA&quot;","block_context":{"text":"Geral-MAT\u00c9RIA","link":"https:\/\/www.jornalja.com.br\/geral\/category\/geral\/"},"img":{"alt_text":"","src":"https:\/\/i0.wp.com\/www.jornalja.com.br\/geral\/wp-content\/uploads\/sites\/4\/2026\/01\/ataque-a-venezuela.png?resize=350%2C200&ssl=1","width":350,"height":200,"srcset":"https:\/\/i0.wp.com\/www.jornalja.com.br\/geral\/wp-content\/uploads\/sites\/4\/2026\/01\/ataque-a-venezuela.png?resize=350%2C200&ssl=1 1x, https:\/\/i0.wp.com\/www.jornalja.com.br\/geral\/wp-content\/uploads\/sites\/4\/2026\/01\/ataque-a-venezuela.png?resize=525%2C300&ssl=1 1.5x"},"classes":[]},{"id":99934,"url":"https:\/\/www.jornalja.com.br\/geral\/soja-do-brasil-vira-arma-na-guerra-comercial-entre-china-e-estados-unidos\/","url_meta":{"origin":99138,"position":3},"title":"Soja do Brasil vira arma na guerra comercial entre China e Estados Unidos","author":"da Reda\u00e7\u00e3o","date":"26 de setembro de 2025","format":false,"excerpt":"Os produtores de soja dos Estados Unidos exportaram\u00a0 12,6 bilh\u00f5es de d\u00f3lares para a China no ano passado. Este ano, a safra de outono em todo o pa\u00eds est\u00e1 em andamento, cerca de 10% j\u00e1 est\u00e3o colhidos e os compradores chineses n\u00e3o apareceram. \"O pa\u00eds que comprou 52% de todas\u2026","rel":"","context":"Em &quot;Geral-MAT\u00c9RIA&quot;","block_context":{"text":"Geral-MAT\u00c9RIA","link":"https:\/\/www.jornalja.com.br\/geral\/category\/geral\/"},"img":{"alt_text":"","src":"https:\/\/i0.wp.com\/www.jornalja.com.br\/geral\/wp-content\/uploads\/sites\/4\/2022\/06\/supersafra.jpg?resize=350%2C200&ssl=1","width":350,"height":200,"srcset":"https:\/\/i0.wp.com\/www.jornalja.com.br\/geral\/wp-content\/uploads\/sites\/4\/2022\/06\/supersafra.jpg?resize=350%2C200&ssl=1 1x, https:\/\/i0.wp.com\/www.jornalja.com.br\/geral\/wp-content\/uploads\/sites\/4\/2022\/06\/supersafra.jpg?resize=525%2C300&ssl=1 1.5x, https:\/\/i0.wp.com\/www.jornalja.com.br\/geral\/wp-content\/uploads\/sites\/4\/2022\/06\/supersafra.jpg?resize=700%2C400&ssl=1 2x, https:\/\/i0.wp.com\/www.jornalja.com.br\/geral\/wp-content\/uploads\/sites\/4\/2022\/06\/supersafra.jpg?resize=1050%2C600&ssl=1 3x"},"classes":[]},{"id":99596,"url":"https:\/\/www.jornalja.com.br\/geral\/desarmamento-nuclear-china-diz-que-nao-negocia-mas-nao-sera-o-primeiro-a-usar\/","url_meta":{"origin":99138,"position":4},"title":"Desarmamento nuclear: China diz que n\u00e3o negocia, mas n\u00e3o ser\u00e1 &#8220;o primeiro a usar&#8221;","author":"Elmar Bones","date":"28 de agosto de 2025","format":false,"excerpt":"\" N\u00e3o \u00e9 razo\u00e1vel nem realista pedir \u00e0 China que participe das negocia\u00e7\u00f5es sobre desarmamento nuclear com os Estados Unidos e a R\u00fassia\", afirmou o porta-voz do Minist\u00e9rio das Rela\u00e7\u00f5es Exteriores chin\u00eas, Guo Jiakun, nesta quarta-feira. A resposta em uma coletiva de imprensa refere-se a noticias\u00a0 de que Donald Trump,\u2026","rel":"","context":"Em &quot;Geral-NOTAS&quot;","block_context":{"text":"Geral-NOTAS","link":"https:\/\/www.jornalja.com.br\/geral\/category\/geral-notas\/"},"img":{"alt_text":"","src":"","width":0,"height":0},"classes":[]},{"id":99352,"url":"https:\/\/www.jornalja.com.br\/geral\/apoio-de-trump-a-bolsonaro-pode-causar-mais-estragos-do-que-o-tarifaco\/","url_meta":{"origin":99138,"position":5},"title":"Apoio de Trump a Bolsonaro pode causar mais estragos do que o tarifa\u00e7o","author":"Elmar Bones","date":"21 de julho de 2025","format":false,"excerpt":"O alvo dos ataques de Donald Trump ao Brasil \u00e9 o BRICS. Esse bloco, hoje com 11 pa\u00edses e quase metade do PIB mundial, desafia a hegemonia americana, sustentada pelo d\u00f3lar, a moeda de refer\u00eancia do com\u00e9rcio mundial. No BRICS, os pa\u00edses est\u00e3o buscando negociar em suas pr\u00f3prias moedas, numa\u2026","rel":"","context":"Em &quot;Geral-MAT\u00c9RIA&quot;","block_context":{"text":"Geral-MAT\u00c9RIA","link":"https:\/\/www.jornalja.com.br\/geral\/category\/geral\/"},"img":{"alt_text":"","src":"https:\/\/i0.wp.com\/www.jornalja.com.br\/geral\/wp-content\/uploads\/sites\/4\/2025\/07\/trump-queima-da-bandeira.jpg?resize=350%2C200&ssl=1","width":350,"height":200,"srcset":"https:\/\/i0.wp.com\/www.jornalja.com.br\/geral\/wp-content\/uploads\/sites\/4\/2025\/07\/trump-queima-da-bandeira.jpg?resize=350%2C200&ssl=1 1x, https:\/\/i0.wp.com\/www.jornalja.com.br\/geral\/wp-content\/uploads\/sites\/4\/2025\/07\/trump-queima-da-bandeira.jpg?resize=525%2C300&ssl=1 1.5x, https:\/\/i0.wp.com\/www.jornalja.com.br\/geral\/wp-content\/uploads\/sites\/4\/2025\/07\/trump-queima-da-bandeira.jpg?resize=700%2C400&ssl=1 2x, https:\/\/i0.wp.com\/www.jornalja.com.br\/geral\/wp-content\/uploads\/sites\/4\/2025\/07\/trump-queima-da-bandeira.jpg?resize=1050%2C600&ssl=1 3x"},"classes":[]}],"jetpack_sharing_enabled":true,"_links":{"self":[{"href":"https:\/\/www.jornalja.com.br\/geral\/wp-json\/wp\/v2\/posts\/99138","targetHints":{"allow":["GET"]}}],"collection":[{"href":"https:\/\/www.jornalja.com.br\/geral\/wp-json\/wp\/v2\/posts"}],"about":[{"href":"https:\/\/www.jornalja.com.br\/geral\/wp-json\/wp\/v2\/types\/post"}],"author":[{"embeddable":true,"href":"https:\/\/www.jornalja.com.br\/geral\/wp-json\/wp\/v2\/users\/4"}],"replies":[{"embeddable":true,"href":"https:\/\/www.jornalja.com.br\/geral\/wp-json\/wp\/v2\/comments?post=99138"}],"version-history":[{"count":3,"href":"https:\/\/www.jornalja.com.br\/geral\/wp-json\/wp\/v2\/posts\/99138\/revisions"}],"predecessor-version":[{"id":99171,"href":"https:\/\/www.jornalja.com.br\/geral\/wp-json\/wp\/v2\/posts\/99138\/revisions\/99171"}],"wp:featuredmedia":[{"embeddable":true,"href":"https:\/\/www.jornalja.com.br\/geral\/wp-json\/wp\/v2\/media\/99169"}],"wp:attachment":[{"href":"https:\/\/www.jornalja.com.br\/geral\/wp-json\/wp\/v2\/media?parent=99138"}],"wp:term":[{"taxonomy":"category","embeddable":true,"href":"https:\/\/www.jornalja.com.br\/geral\/wp-json\/wp\/v2\/categories?post=99138"},{"taxonomy":"post_tag","embeddable":true,"href":"https:\/\/www.jornalja.com.br\/geral\/wp-json\/wp\/v2\/tags?post=99138"}],"curies":[{"name":"wp","href":"https:\/\/api.w.org\/{rel}","templated":true}]}}