{"id":99182,"date":"2025-06-10T11:26:38","date_gmt":"2025-06-10T14:26:38","guid":{"rendered":"https:\/\/www.jornalja.com.br\/geral\/?p=99182"},"modified":"2025-07-21T08:00:07","modified_gmt":"2025-07-21T11:00:07","slug":"compra-assistida-ja-entregou-3-mil-casas-no-rs-e-pode-ser-modelo-de-programa-nacional","status":"publish","type":"post","link":"https:\/\/www.jornalja.com.br\/geral\/compra-assistida-ja-entregou-3-mil-casas-no-rs-e-pode-ser-modelo-de-programa-nacional\/","title":{"rendered":"&#8220;Compra Assistida&#8221; j\u00e1 entregou 3 mil casas no RS e pode ser modelo de programa nacional"},"content":{"rendered":"<p>O ministro Rui Costa, chefe da Casa Civil, anunciou em Porto Alegre que o governo Lula estuda replicar no \u00e2mbito federal o\u00a0 Programa &#8220;Compra Assistida&#8221;.<\/p>\n<p>O programa financia moradia popular e foi criado emergencialmente para assistir \u00e0s familias ga\u00fachas que perderam suas casas na enchente de maio de 2024.<\/p>\n<p class=\"mb-5 font-plex text-[19px] leading-[25px] text-gzh-gray font-medium\">Permite aquisi\u00e7\u00e3o de im\u00f3veis de at\u00e9 R$ 200 mil.<\/p>\n<p class=\"mb-5 font-plex text-[19px] leading-[25px] text-gzh-gray font-medium\">O programa \u00e9 financiado pela Caixa Econ\u00f4mica mas o candidato \u00e0 casa pr\u00f3pria \u00e9 quem procura e escolhe o im\u00f3vel que quer adquirir. A Caixa d\u00e1 assist\u00eancia na avalia\u00e7\u00e3o e na tramita\u00e7\u00e3o financeira.<\/p>\n<p>Tr\u00eas mil familias atingidas pela enchente no Rio Grande do Sul j\u00e1 receberam suas novas moradias e outras 800 est\u00e3o em tramita\u00e7\u00e3o, segundo o ministro. &#8220;\u00c9 um programa in\u00e9dito, um sucesso, estamos avaliando para replicar em todo o pa\u00eds&#8221;.<\/p>\n<p>O presidente da C\u00e2mara Brasileira da Ind\u00fastria da Constru\u00e7\u00e3o, Renato de Souza Correia, ouvido pela r\u00e1dio Ga\u00facha, manifestou a desconfian\u00e7a das grandes construtoras com o novo programa de moradia popular. O &#8220;Compra assistida&#8221; vai usar recursos da poupan\u00e7a, de juros mais baixos, vai absorver um dinheiro que hoje financia grandes projetos. Al\u00e9m disso, a &#8220;compra assistida&#8221; n\u00e3o financia a constru\u00e7\u00e3o. O candidato escolhe um im\u00f3vel j\u00e1 constru\u00eddo.<\/p>\n<p>O presidente da CBIC, no entanto, reconheceu a import\u00e2ncia de programas que ataquem a quest\u00e3o da moradia. &#8220;A moradia \u00e9 um direito constitucional de todo o cidad\u00e3o brasileiro e temos no pa\u00eds um d\u00e9ficit habitacional de 6 a 7 milh\u00f5es, um d\u00e9ficit cr\u00f4nico, que n\u00e3o diminuiu nos \u00faltimos 50 anos&#8221; .\u00a0 Segundo ele,\u00a0 o pa\u00eds teria que investir Rs 100 bilh\u00f5es por ano, durante dez anos para zerar esse d\u00e9ficit.<\/p>\n<p>&nbsp;<\/p>\n<p>&nbsp;<\/p>\n<p>&nbsp;<\/p>\n","protected":false},"excerpt":{"rendered":"<p>O ministro Rui Costa, chefe da Casa Civil, anunciou em Porto Alegre que o governo Lula estuda replicar no \u00e2mbito federal o\u00a0 Programa &#8220;Compra Assistida&#8221;. O programa financia moradia popular e foi criado emergencialmente para assistir \u00e0s familias ga\u00fachas que perderam suas casas na enchente de maio de 2024. Permite aquisi\u00e7\u00e3o de im\u00f3veis de at\u00e9 [&hellip;]<\/p>\n","protected":false},"author":4,"featured_media":99184,"comment_status":"closed","ping_status":"open","sticky":false,"template":"","format":"standard","meta":{"jetpack_post_was_ever_published":false,"_jetpack_newsletter_access":"","_jetpack_dont_email_post_to_subs":false,"_jetpack_newsletter_tier_id":0,"_jetpack_memberships_contains_paywalled_content":false,"_jetpack_memberships_contains_paid_content":false,"footnotes":"","jetpack_publicize_message":"","jetpack_publicize_feature_enabled":true,"jetpack_social_post_already_shared":true,"jetpack_social_options":{"image_generator_settings":{"template":"highway","default_image_id":0,"font":"","enabled":false},"version":2}},"categories":[2],"tags":[],"class_list":["post-99182","post","type-post","status-publish","format-standard","has-post-thumbnail","hentry","category-geral"],"aioseo_notices":[],"jetpack_publicize_connections":[],"jetpack_featured_media_url":"https:\/\/www.jornalja.com.br\/geral\/wp-content\/uploads\/sites\/4\/2025\/06\/programa-compra-assistida.jpg","jetpack_shortlink":"https:\/\/wp.me\/pbKhrD-pNI","jetpack-related-posts":[{"id":86737,"url":"https:\/\/www.jornalja.com.br\/geral\/minha-casa-minha-vida-100-mil-moradias-inacabadas-500-mil-tomadas-pelo-trafico\/","url_meta":{"origin":99182,"position":0},"title":"Minha Casa Minha Vida: 100 mil moradias inacabadas, 500 mil tomadas pelo tr\u00e1fico","author":"da Reda\u00e7\u00e3o","date":"4 de dezembro de 2020","format":false,"excerpt":"A C\u00e2mara dos Deputados aprovou nesta quinta-feira (3) a Medida Provis\u00f3ria que institui o programa \"Casa Verde e Amarela\", para financiar moradias populares. A mat\u00e9ria segue para aprova\u00e7\u00e3o do Senado. A medida provis\u00f3ria foi editada em agosto e tem que ser aprovada at\u00e9 fevereiro, quando perder\u00e1 a validade.\u00a0O novo programa\u2026","rel":"","context":"Em &quot;Geral-MAT\u00c9RIA&quot;","block_context":{"text":"Geral-MAT\u00c9RIA","link":"https:\/\/www.jornalja.com.br\/geral\/category\/geral\/"},"img":{"alt_text":"","src":"https:\/\/i0.wp.com\/www.jornalja.com.br\/geral\/wp-content\/uploads\/sites\/4\/2020\/12\/minha-casa-minha-vida.jpg?resize=350%2C200&ssl=1","width":350,"height":200,"srcset":"https:\/\/i0.wp.com\/www.jornalja.com.br\/geral\/wp-content\/uploads\/sites\/4\/2020\/12\/minha-casa-minha-vida.jpg?resize=350%2C200&ssl=1 1x, https:\/\/i0.wp.com\/www.jornalja.com.br\/geral\/wp-content\/uploads\/sites\/4\/2020\/12\/minha-casa-minha-vida.jpg?resize=525%2C300&ssl=1 1.5x, https:\/\/i0.wp.com\/www.jornalja.com.br\/geral\/wp-content\/uploads\/sites\/4\/2020\/12\/minha-casa-minha-vida.jpg?resize=700%2C400&ssl=1 2x, https:\/\/i0.wp.com\/www.jornalja.com.br\/geral\/wp-content\/uploads\/sites\/4\/2020\/12\/minha-casa-minha-vida.jpg?resize=1050%2C600&ssl=1 3x"},"classes":[]},{"id":95093,"url":"https:\/\/www.jornalja.com.br\/geral\/lula-entrega-as-primeiras-moradias-na-retomada-do-minha-casa-minha-vida\/","url_meta":{"origin":99182,"position":1},"title":"Lula entrega as primeiras moradias na retomada do Minha Casa Minha Vida","author":"da Reda\u00e7\u00e3o","date":"14 de fevereiro de 2023","format":false,"excerpt":"O presidente Lula relan\u00e7ou nesta ter\u00e7a-feira (14) o programa de habita\u00e7\u00e3o popular\u00a0Minha Casa, Minha Vida. Criado em 2009, o programa deixou de existir em 2020, quando Jair Bolsonaro o substituiu pelo \"Casa Verde e Amarela\", com o mesmo prop\u00f3sito de financiar moradias populares, sofrendo altera\u00e7\u00f5es em diversos crit\u00e9rios. Para marcar\u2026","rel":"","context":"Em &quot;Geral-MAT\u00c9RIA&quot;","block_context":{"text":"Geral-MAT\u00c9RIA","link":"https:\/\/www.jornalja.com.br\/geral\/category\/geral\/"},"img":{"alt_text":"","src":"https:\/\/i0.wp.com\/www.jornalja.com.br\/geral\/wp-content\/uploads\/sites\/4\/2023\/02\/lula-enrega-primeiras-casas-do-minha-vida.jpg?resize=350%2C200&ssl=1","width":350,"height":200},"classes":[]},{"id":86125,"url":"https:\/\/www.jornalja.com.br\/geral\/entidades-gauchas-cobram-solucao-para-atrasos-da-cef-no-repasse-de-recursos-do-minha-casa-minha-vida\/","url_meta":{"origin":99182,"position":2},"title":"Entidades ga\u00fachas cobram solu\u00e7\u00e3o para atrasos da CEF no repasse de recursos do Minha Casa, Minha Vida \u00a0","author":"Higino Barros","date":"15 de outubro de 2020","format":false,"excerpt":"Representantes de 22 entidades que constroem habita\u00e7\u00f5es populares no Rio Grande do Sul, pelo extinto Programa Minha Casa, Minha Vida, cobram nessa quinta-feira, em reuni\u00e3o virtual \u00e0s 10hrs, de Alfredo Eduardo Santos, Secret\u00e1rio Nacional da Habita\u00e7\u00e3o, \u00f3rg\u00e3o vinculado ao Minist\u00e9rio de Desenvolvimento Regional, o fim dos atrasos nos repasses de\u2026","rel":"","context":"Em &quot;Geral-MAT\u00c9RIA&quot;","block_context":{"text":"Geral-MAT\u00c9RIA","link":"https:\/\/www.jornalja.com.br\/geral\/category\/geral\/"},"img":{"alt_text":"","src":"https:\/\/i0.wp.com\/www.jornalja.com.br\/geral\/wp-content\/uploads\/sites\/4\/2020\/10\/25-08-2020-lancamento-do-programa-casa-verde-e-amarelasantos-fc2508200910.jpg?resize=350%2C200&ssl=1","width":350,"height":200,"srcset":"https:\/\/i0.wp.com\/www.jornalja.com.br\/geral\/wp-content\/uploads\/sites\/4\/2020\/10\/25-08-2020-lancamento-do-programa-casa-verde-e-amarelasantos-fc2508200910.jpg?resize=350%2C200&ssl=1 1x, https:\/\/i0.wp.com\/www.jornalja.com.br\/geral\/wp-content\/uploads\/sites\/4\/2020\/10\/25-08-2020-lancamento-do-programa-casa-verde-e-amarelasantos-fc2508200910.jpg?resize=525%2C300&ssl=1 1.5x, https:\/\/i0.wp.com\/www.jornalja.com.br\/geral\/wp-content\/uploads\/sites\/4\/2020\/10\/25-08-2020-lancamento-do-programa-casa-verde-e-amarelasantos-fc2508200910.jpg?resize=700%2C400&ssl=1 2x, https:\/\/i0.wp.com\/www.jornalja.com.br\/geral\/wp-content\/uploads\/sites\/4\/2020\/10\/25-08-2020-lancamento-do-programa-casa-verde-e-amarelasantos-fc2508200910.jpg?resize=1050%2C600&ssl=1 3x"},"classes":[]},{"id":82581,"url":"https:\/\/www.jornalja.com.br\/geral\/caixa-vai-lancar-aplicativo-para-cadastrar-quem-vai-receber-abono\/","url_meta":{"origin":99182,"position":3},"title":"Caixa lan\u00e7a aplicativo para cadastrar quem vai receber abono de emerg\u00eancia","author":"da Reda\u00e7\u00e3o","date":"6 de abril de 2020","format":false,"excerpt":"A partir desta ter\u00e7a-feira (7), dezenas de milh\u00f5es de brasileiros poder\u00e3o baixar um aplicativo lan\u00e7ado pela Caixa Econ\u00f4mica Federal que permitir\u00e1 o cadastramento para receberem a renda b\u00e1sica emergencial, de R$ 600 ou de R$ 1,2 mil, no caso de m\u00e3es solteiras. O banco tamb\u00e9m lan\u00e7ar\u00e1 uma p\u00e1gina na internet\u2026","rel":"","context":"Em &quot;Geral-MAT\u00c9RIA&quot;","block_context":{"text":"Geral-MAT\u00c9RIA","link":"https:\/\/www.jornalja.com.br\/geral\/category\/geral\/"},"img":{"alt_text":"","src":"https:\/\/i0.wp.com\/www.jornalja.com.br\/geral\/wp-content\/uploads\/sites\/4\/2020\/04\/Aplicativo-Foto-Marcelo-Camargo-Ag%C3%AAncia-Brasil-scaled.jpg?resize=350%2C200&ssl=1","width":350,"height":200,"srcset":"https:\/\/i0.wp.com\/www.jornalja.com.br\/geral\/wp-content\/uploads\/sites\/4\/2020\/04\/Aplicativo-Foto-Marcelo-Camargo-Ag%C3%AAncia-Brasil-scaled.jpg?resize=350%2C200&ssl=1 1x, https:\/\/i0.wp.com\/www.jornalja.com.br\/geral\/wp-content\/uploads\/sites\/4\/2020\/04\/Aplicativo-Foto-Marcelo-Camargo-Ag%C3%AAncia-Brasil-scaled.jpg?resize=525%2C300&ssl=1 1.5x, https:\/\/i0.wp.com\/www.jornalja.com.br\/geral\/wp-content\/uploads\/sites\/4\/2020\/04\/Aplicativo-Foto-Marcelo-Camargo-Ag%C3%AAncia-Brasil-scaled.jpg?resize=700%2C400&ssl=1 2x"},"classes":[]},{"id":86035,"url":"https:\/\/www.jornalja.com.br\/geral\/eleicoes-2020-habitacao-popular-tem-pouco-espaco-no-programa-dos-candidatos\/","url_meta":{"origin":99182,"position":4},"title":"ELEI\u00c7\u00d5ES 2020: Habita\u00e7\u00e3o popular tem pouco espa\u00e7o no programa dos candidatos","author":"Tiago Baltz","date":"8 de outubro de 2020","format":false,"excerpt":"Um dos problemas mais vis\u00edveis de Porto Alegre, as moradias irregulares na periferia da cidade, pouco aparece nos programas dos candidatos que disputam a prefeitura municipal nesta elei\u00e7\u00e3o. Desde 1940, o munic\u00edpio tem \u00f3rg\u00e3o espec\u00edfico para tratar da habita\u00e7\u00e3o popular. Mas, como de todas as grandes cidades brasileiras, o problema\u2026","rel":"","context":"Em &quot;Geral-ELEI\u00c7\u00d5ES2020&quot;","block_context":{"text":"Geral-ELEI\u00c7\u00d5ES2020","link":"https:\/\/www.jornalja.com.br\/geral\/category\/eleicoes2020\/"},"img":{"alt_text":"","src":"https:\/\/i0.wp.com\/www.jornalja.com.br\/geral\/wp-content\/uploads\/sites\/4\/2020\/10\/imagem197729.jpg?resize=350%2C200&ssl=1","width":350,"height":200,"srcset":"https:\/\/i0.wp.com\/www.jornalja.com.br\/geral\/wp-content\/uploads\/sites\/4\/2020\/10\/imagem197729.jpg?resize=350%2C200&ssl=1 1x, https:\/\/i0.wp.com\/www.jornalja.com.br\/geral\/wp-content\/uploads\/sites\/4\/2020\/10\/imagem197729.jpg?resize=525%2C300&ssl=1 1.5x, https:\/\/i0.wp.com\/www.jornalja.com.br\/geral\/wp-content\/uploads\/sites\/4\/2020\/10\/imagem197729.jpg?resize=700%2C400&ssl=1 2x, https:\/\/i0.wp.com\/www.jornalja.com.br\/geral\/wp-content\/uploads\/sites\/4\/2020\/10\/imagem197729.jpg?resize=1050%2C600&ssl=1 3x, https:\/\/i0.wp.com\/www.jornalja.com.br\/geral\/wp-content\/uploads\/sites\/4\/2020\/10\/imagem197729.jpg?resize=1400%2C800&ssl=1 4x"},"classes":[]},{"id":99380,"url":"https:\/\/www.jornalja.com.br\/geral\/os-programas-que-tiraram-o-brasil-do-mapa-da-fome\/","url_meta":{"origin":99182,"position":5},"title":"Os programas que tiraram o Brasil do Mapa da Fome","author":"da Reda\u00e7\u00e3o","date":"29 de julho de 2025","format":false,"excerpt":"O Brasil saiu novamente do Mapa da Fome da ONU, segundo o Relat\u00f3rio sobre o Estado da Seguran\u00e7a Alimentar e Nutri\u00e7\u00e3o no Mundo, da ONU. Significa que, na m\u00e9dia dos \u00faltimos tr\u00eas anos (2022\/2023\/2024), o percentual de brasileiros em risco de subnutri\u00e7\u00e3o, sem acesso ou com alimenta\u00e7\u00e3o insuficiente n\u00e3o ultrapassou\u2026","rel":"","context":"Em &quot;Geral-MAT\u00c9RIA&quot;","block_context":{"text":"Geral-MAT\u00c9RIA","link":"https:\/\/www.jornalja.com.br\/geral\/category\/geral\/"},"img":{"alt_text":"","src":"https:\/\/i0.wp.com\/www.jornalja.com.br\/geral\/wp-content\/uploads\/sites\/4\/2025\/07\/brasil-sai-do-mapa-da-fome-scaled.jpg?resize=350%2C200&ssl=1","width":350,"height":200,"srcset":"https:\/\/i0.wp.com\/www.jornalja.com.br\/geral\/wp-content\/uploads\/sites\/4\/2025\/07\/brasil-sai-do-mapa-da-fome-scaled.jpg?resize=350%2C200&ssl=1 1x, https:\/\/i0.wp.com\/www.jornalja.com.br\/geral\/wp-content\/uploads\/sites\/4\/2025\/07\/brasil-sai-do-mapa-da-fome-scaled.jpg?resize=525%2C300&ssl=1 1.5x, https:\/\/i0.wp.com\/www.jornalja.com.br\/geral\/wp-content\/uploads\/sites\/4\/2025\/07\/brasil-sai-do-mapa-da-fome-scaled.jpg?resize=700%2C400&ssl=1 2x, https:\/\/i0.wp.com\/www.jornalja.com.br\/geral\/wp-content\/uploads\/sites\/4\/2025\/07\/brasil-sai-do-mapa-da-fome-scaled.jpg?resize=1050%2C600&ssl=1 3x, https:\/\/i0.wp.com\/www.jornalja.com.br\/geral\/wp-content\/uploads\/sites\/4\/2025\/07\/brasil-sai-do-mapa-da-fome-scaled.jpg?resize=1400%2C800&ssl=1 4x"},"classes":[]}],"jetpack_sharing_enabled":true,"_links":{"self":[{"href":"https:\/\/www.jornalja.com.br\/geral\/wp-json\/wp\/v2\/posts\/99182","targetHints":{"allow":["GET"]}}],"collection":[{"href":"https:\/\/www.jornalja.com.br\/geral\/wp-json\/wp\/v2\/posts"}],"about":[{"href":"https:\/\/www.jornalja.com.br\/geral\/wp-json\/wp\/v2\/types\/post"}],"author":[{"embeddable":true,"href":"https:\/\/www.jornalja.com.br\/geral\/wp-json\/wp\/v2\/users\/4"}],"replies":[{"embeddable":true,"href":"https:\/\/www.jornalja.com.br\/geral\/wp-json\/wp\/v2\/comments?post=99182"}],"version-history":[{"count":4,"href":"https:\/\/www.jornalja.com.br\/geral\/wp-json\/wp\/v2\/posts\/99182\/revisions"}],"predecessor-version":[{"id":99187,"href":"https:\/\/www.jornalja.com.br\/geral\/wp-json\/wp\/v2\/posts\/99182\/revisions\/99187"}],"wp:featuredmedia":[{"embeddable":true,"href":"https:\/\/www.jornalja.com.br\/geral\/wp-json\/wp\/v2\/media\/99184"}],"wp:attachment":[{"href":"https:\/\/www.jornalja.com.br\/geral\/wp-json\/wp\/v2\/media?parent=99182"}],"wp:term":[{"taxonomy":"category","embeddable":true,"href":"https:\/\/www.jornalja.com.br\/geral\/wp-json\/wp\/v2\/categories?post=99182"},{"taxonomy":"post_tag","embeddable":true,"href":"https:\/\/www.jornalja.com.br\/geral\/wp-json\/wp\/v2\/tags?post=99182"}],"curies":[{"name":"wp","href":"https:\/\/api.w.org\/{rel}","templated":true}]}}