{"id":99449,"date":"2025-08-09T01:28:46","date_gmt":"2025-08-09T04:28:46","guid":{"rendered":"https:\/\/www.jornalja.com.br\/geral\/?p=99449"},"modified":"2025-08-30T01:46:17","modified_gmt":"2025-08-30T04:46:17","slug":"audiencia-do-plano-diretor-tem-3-mil-inscritos-e-guerra-judicial-nos-bastidores","status":"publish","type":"post","link":"https:\/\/www.jornalja.com.br\/geral\/audiencia-do-plano-diretor-tem-3-mil-inscritos-e-guerra-judicial-nos-bastidores\/","title":{"rendered":"Porto Alegre: audi\u00eancia do Plano Diretor tem 3 mil inscritos e guerra judicial nos bastidores"},"content":{"rendered":"<p>As onze horas da manh\u00e3 de sexta-feira*, foram encerradas as inscri\u00e7\u00f5es para a \u00faltima audi\u00eancia p\u00fablica antes da vota\u00e7\u00e3o do novo Plano Diretor de Porto Alegre, marcada para este s\u00e1bado, 09\/08.<\/p>\n<p>Tr\u00eas mil moradores haviam confirmado presen\u00e7a, limite de lota\u00e7\u00e3o do Audit\u00f3rio Ara\u00fajo Viana, onde se realiza a audi\u00eancia.<\/p>\n<p>Pouco depois, correu a not\u00edcia. O Sul 21 registrou \u00e0s 17h50:<\/p>\n<p>&#8220;A <span style=\"font-size: 1.5rem\">\u00a0ju\u00edza Clarides Rahmeier , da 5\u00aa Vara Federal de Porto Alegre, suspendeu, na tarde desta sexta-feira (8), a audi\u00eancia p\u00fablica do novo Plano Diretor, que estava marcada para este s\u00e1bado (9)&#8221;.<\/span><\/p>\n<p><span style=\"font-size: 1.5rem\">&#8220;A decis\u00e3o acata pedido do Conselho de Arquitetura e Urbanismo do Rio Grande do Sul (CAU\/RS), que alega a ocorr\u00eancia de v\u00edcios estruturais no processo de revis\u00e3o do plano e viola\u00e7\u00e3o \u00e0 gest\u00e3o democr\u00e1tica prevista na Constitui\u00e7\u00e3o e no Estatuto da Cidade&#8221;.<\/span><\/p>\n<section class=\"\">\n<div class=\"text-block\">\n<p><span style=\"font-size: 1.5rem\">Tr\u00eas horas depois (\u00e0s 20h50) a assessoria de imprensa da prefeitura distribuiu uma nota:<\/span><span style=\"font-size: 1.5rem\">\u00a0 \u00a0<\/span><\/p>\n<\/div>\n<\/section>\n<p>&#8220;O presidente do Tribunal Regional Federal da 4a Regi\u00e3o decidiu, na noite desta sexta-feira, 8, manter a audi\u00eancia p\u00fablica do Plano Diretor, agendada para este s\u00e1bado, 9&#8221;.<\/p>\n<p>&#8220;Com isso, a audi\u00eancia ocorrer\u00e1 no Audit\u00f3rio Ara\u00fajo Vianna (avenida Osvaldo Aranha, 685 &#8211; Parque Farroupilha) e conta com tr\u00eas mil inscritos, capacidade total do espa\u00e7o&#8221;.<\/p>\n<p><strong>Programa\u00e7\u00e3o<\/strong>\u00a0&#8211; O evento come\u00e7a com o credenciamento dos inscritos, das 9h \u00e0s 11h. Para acessar o audit\u00f3rio, \u00e9 necess\u00e1rio apresentar documento oficial com foto.<\/p>\n<p>A abertura oficial ser\u00e1 \u00e0s 10h, seguida da apresenta\u00e7\u00e3o das regras de participa\u00e7\u00e3o e da proposta detalhada do Plano Diretor, \u00e0s 11h.<\/p>\n<p>O intervalo ocorre \u00e0s 13h e, a partir das 14h, o p\u00fablico ter\u00e1 espa\u00e7o para manifesta\u00e7\u00f5es orais. O encerramento est\u00e1 previsto para as 17h45, com as considera\u00e7\u00f5es finais.<\/p>\n<p>Todos os relat\u00f3rios, propostas e documentos relacionados ao novo Plano Diretor podem ser acessados no site oficial: prefeitura.poa.br\/planodiretor.<\/p>\n<section class=\"\">\n<div class=\"text-block\">*Na primeira vers\u00e3o deste texto, as inscri\u00e7\u00f5es teriam encerrado no meio da tarde. Informa\u00e7\u00e3o incorreta. Encerraram pontualmente \u00e0s 11 horas do dia 8\/82005.<\/div>\n<\/section>\n<section class=\"\">\n<div class=\"text-block\">\n<p>&nbsp;<\/p>\n<\/div>\n<\/section>\n","protected":false},"excerpt":{"rendered":"<p>As onze horas da manh\u00e3 de sexta-feira*, foram encerradas as inscri\u00e7\u00f5es para a \u00faltima audi\u00eancia p\u00fablica antes da vota\u00e7\u00e3o do novo Plano Diretor de Porto Alegre, marcada para este s\u00e1bado, 09\/08. Tr\u00eas mil moradores haviam confirmado presen\u00e7a, limite de lota\u00e7\u00e3o do Audit\u00f3rio Ara\u00fajo Viana, onde se realiza a audi\u00eancia. Pouco depois, correu a not\u00edcia. O [&hellip;]<\/p>\n","protected":false},"author":4,"featured_media":91070,"comment_status":"closed","ping_status":"open","sticky":false,"template":"","format":"standard","meta":{"jetpack_post_was_ever_published":false,"_jetpack_newsletter_access":"","_jetpack_dont_email_post_to_subs":false,"_jetpack_newsletter_tier_id":0,"_jetpack_memberships_contains_paywalled_content":false,"_jetpack_memberships_contains_paid_content":false,"footnotes":"","jetpack_publicize_message":"","jetpack_publicize_feature_enabled":true,"jetpack_social_post_already_shared":true,"jetpack_social_options":{"image_generator_settings":{"template":"highway","default_image_id":0,"font":"","enabled":false},"version":2}},"categories":[2],"tags":[],"class_list":["post-99449","post","type-post","status-publish","format-standard","has-post-thumbnail","hentry","category-geral"],"aioseo_notices":[],"jetpack_publicize_connections":[],"jetpack_featured_media_url":"https:\/\/www.jornalja.com.br\/geral\/wp-content\/uploads\/sites\/4\/2021\/11\/ede-7318.jpg","jetpack_shortlink":"https:\/\/wp.me\/pbKhrD-pS1","jetpack-related-posts":[{"id":101113,"url":"https:\/\/www.jornalja.com.br\/geral\/chefe-do-mp-rs-plano-diretor-de-porto-alegre-e-mais-voltado-para-construcao-que-para-prevenir-enchentes\/","url_meta":{"origin":99449,"position":0},"title":"Chefe do MP-RS: \u201cPlano Diretor de Porto Alegre \u00e9 mais voltado para constru\u00e7\u00e3o que para prevenir enchentes&#8221;","author":"da Reda\u00e7\u00e3o","date":"21 de abril de 2026","format":false,"excerpt":"O projeto do novo Plano Diretor de Porto Alegre, que tramita h\u00e1 mais de ano e est\u00e1 em fase final de vota\u00e7\u00e3o na C\u00e2mara Municipal, tem indicativos de aprova\u00e7\u00e3o, pela for\u00e7a da maioria que o prefeito Sebasti\u00e3o Melo tem no legislativo. J\u00e1, estudos do Minist\u00e9rio P\u00fablico apontam \"falhas jur\u00eddicas\" no\u2026","rel":"","context":"Em &quot;Geral-MAT\u00c9RIA&quot;","block_context":{"text":"Geral-MAT\u00c9RIA","link":"https:\/\/www.jornalja.com.br\/geral\/category\/geral\/"},"img":{"alt_text":"","src":"https:\/\/i0.wp.com\/www.jornalja.com.br\/geral\/wp-content\/uploads\/sites\/4\/2026\/04\/whatsapp-image-2026-04-01-at-164602-1536x1023-1.jpeg?resize=350%2C200&ssl=1","width":350,"height":200,"srcset":"https:\/\/i0.wp.com\/www.jornalja.com.br\/geral\/wp-content\/uploads\/sites\/4\/2026\/04\/whatsapp-image-2026-04-01-at-164602-1536x1023-1.jpeg?resize=350%2C200&ssl=1 1x, https:\/\/i0.wp.com\/www.jornalja.com.br\/geral\/wp-content\/uploads\/sites\/4\/2026\/04\/whatsapp-image-2026-04-01-at-164602-1536x1023-1.jpeg?resize=525%2C300&ssl=1 1.5x, https:\/\/i0.wp.com\/www.jornalja.com.br\/geral\/wp-content\/uploads\/sites\/4\/2026\/04\/whatsapp-image-2026-04-01-at-164602-1536x1023-1.jpeg?resize=700%2C400&ssl=1 2x, https:\/\/i0.wp.com\/www.jornalja.com.br\/geral\/wp-content\/uploads\/sites\/4\/2026\/04\/whatsapp-image-2026-04-01-at-164602-1536x1023-1.jpeg?resize=1050%2C600&ssl=1 3x, https:\/\/i0.wp.com\/www.jornalja.com.br\/geral\/wp-content\/uploads\/sites\/4\/2026\/04\/whatsapp-image-2026-04-01-at-164602-1536x1023-1.jpeg?resize=1400%2C800&ssl=1 4x"},"classes":[]},{"id":101083,"url":"https:\/\/www.jornalja.com.br\/geral\/porto-alegre-tem-85-mil-pessoas-em-204-areas-de-risco-aponta-levantamento\/","url_meta":{"origin":99449,"position":1},"title":"Porto Alegre tem 8,5 mil pessoas em 204 \u00e1reas de risco, aponta levantamento","author":"da Reda\u00e7\u00e3o","date":"10 de abril de 2026","format":false,"excerpt":"Cerca de 8,5 mil pessoas vivem em \u00e1reas de risco em Porto Alegre, distribu\u00eddas em 204 setores considerados priorit\u00e1rios, segundo dados do Plano Municipal de Redu\u00e7\u00e3o de Riscos (PMRR), apresentado nesta sexta-feira (10), em audi\u00eancia p\u00fablica na Cinemateca Capit\u00f3lio, no Centro Hist\u00f3rico da capital ga\u00facha. O estudo identifica 8.591 moradores\u2026","rel":"","context":"Em &quot;Geral-MAT\u00c9RIA&quot;","block_context":{"text":"Geral-MAT\u00c9RIA","link":"https:\/\/www.jornalja.com.br\/geral\/category\/geral\/"},"img":{"alt_text":"","src":"https:\/\/i0.wp.com\/www.jornalja.com.br\/geral\/wp-content\/uploads\/sites\/4\/2026\/04\/270223-vinny-vanoni-003-1.jpg?resize=350%2C200&ssl=1","width":350,"height":200,"srcset":"https:\/\/i0.wp.com\/www.jornalja.com.br\/geral\/wp-content\/uploads\/sites\/4\/2026\/04\/270223-vinny-vanoni-003-1.jpg?resize=350%2C200&ssl=1 1x, https:\/\/i0.wp.com\/www.jornalja.com.br\/geral\/wp-content\/uploads\/sites\/4\/2026\/04\/270223-vinny-vanoni-003-1.jpg?resize=525%2C300&ssl=1 1.5x, https:\/\/i0.wp.com\/www.jornalja.com.br\/geral\/wp-content\/uploads\/sites\/4\/2026\/04\/270223-vinny-vanoni-003-1.jpg?resize=700%2C400&ssl=1 2x"},"classes":[]},{"id":100366,"url":"https:\/\/www.jornalja.com.br\/geral\/camara-comeca-a-votar-o-novo-plano-diretor-de-porto-alegre-vai-destruir-os-nossos-bairros\/","url_meta":{"origin":99449,"position":2},"title":"C\u00e2mara come\u00e7a  a votar o novo Plano Diretor de Porto Alegre: &#8220;Vai destruir os nossos bairros&#8221;","author":"Elmar Bones","date":"9 de dezembro de 2025","format":false,"excerpt":"A C\u00e2mara de Vereadores vota nesta quarta-feira, 10\/12 o relat\u00f3rio da Comiss\u00e3o Especial que analisou o projeto de revis\u00e3o do Plano Diretor de Porto Alegre. \u00c9 o primeiro passo para a valida\u00e7\u00e3o do plano, que o prefeito Sebasti\u00e3o Melo quer ver aprovado\u00a0 ainda este ano. Na verdade, n\u00e3o \u00e9 uma\u2026","rel":"","context":"Em &quot;Geral-MAT\u00c9RIA&quot;","block_context":{"text":"Geral-MAT\u00c9RIA","link":"https:\/\/www.jornalja.com.br\/geral\/category\/geral\/"},"img":{"alt_text":"","src":"","width":0,"height":0},"classes":[]},{"id":100403,"url":"https:\/\/www.jornalja.com.br\/geral\/plano-diretor-de-porto-alegre-mpc-pede-suspensao-do-projeto-em-votacao-na-camara\/","url_meta":{"origin":99449,"position":3},"title":"Plano Diretor de Porto Alegre: MPC pede suspens\u00e3o da vota\u00e7\u00e3o do projeto","author":"da Reda\u00e7\u00e3o","date":"17 de dezembro de 2025","format":false,"excerpt":"O Minist\u00e9rio P\u00fablico de Contas (MPC) pediu a suspens\u00e3o do projeto de lei que revisa o Plano Diretor de Porto Alegre, em tramita\u00e7\u00e3o na C\u00e2mara de Vereadores.. Ind\u00edcios de irregularidades na elei\u00e7\u00e3o do Conselho Municipal de Desenvolvimento Urbano e Ambiental (CMDUA) justificam o pedido. Na representa\u00e7\u00e3o, protocolada na sexta, 12\/12,\u2026","rel":"","context":"Em &quot;Geral-MAT\u00c9RIA&quot;","block_context":{"text":"Geral-MAT\u00c9RIA","link":"https:\/\/www.jornalja.com.br\/geral\/category\/geral\/"},"img":{"alt_text":"","src":"https:\/\/i0.wp.com\/www.jornalja.com.br\/geral\/wp-content\/uploads\/sites\/4\/2025\/12\/plano-diretor-forum.jpg?resize=350%2C200&ssl=1","width":350,"height":200,"srcset":"https:\/\/i0.wp.com\/www.jornalja.com.br\/geral\/wp-content\/uploads\/sites\/4\/2025\/12\/plano-diretor-forum.jpg?resize=350%2C200&ssl=1 1x, https:\/\/i0.wp.com\/www.jornalja.com.br\/geral\/wp-content\/uploads\/sites\/4\/2025\/12\/plano-diretor-forum.jpg?resize=525%2C300&ssl=1 1.5x"},"classes":[]},{"id":100965,"url":"https:\/\/www.jornalja.com.br\/geral\/debate-o-novo-plano-diretor-respeita-o-direito-a-cidade\/","url_meta":{"origin":99449,"position":4},"title":"Debate: &#8220;O Novo Plano Diretor Respeita o Direito \u00e0 Cidade?&#8221;","author":"da Reda\u00e7\u00e3o","date":"30 de mar\u00e7o de 2026","format":false,"excerpt":"Sul21, Brasil de Fato e IAB-RS promovem um debate sobre o Plano Diretor de Porto Alegre, no dia 30 de mar\u00e7o. O evento \u201cO Novo Plano Diretor Respeita o Direito \u00e0 Cidade?\u201d ser\u00e1 realizado a partir das 19h30, no solar do IAB, que fica na Rua General Canabarro, n\u00ba 363,\u2026","rel":"","context":"Em &quot;Geral-MAT\u00c9RIA&quot;","block_context":{"text":"Geral-MAT\u00c9RIA","link":"https:\/\/www.jornalja.com.br\/geral\/category\/geral\/"},"img":{"alt_text":"","src":"https:\/\/i0.wp.com\/www.jornalja.com.br\/geral\/wp-content\/uploads\/sites\/4\/2026\/03\/ede-8942.jpg?resize=350%2C200&ssl=1","width":350,"height":200,"srcset":"https:\/\/i0.wp.com\/www.jornalja.com.br\/geral\/wp-content\/uploads\/sites\/4\/2026\/03\/ede-8942.jpg?resize=350%2C200&ssl=1 1x, https:\/\/i0.wp.com\/www.jornalja.com.br\/geral\/wp-content\/uploads\/sites\/4\/2026\/03\/ede-8942.jpg?resize=525%2C300&ssl=1 1.5x, https:\/\/i0.wp.com\/www.jornalja.com.br\/geral\/wp-content\/uploads\/sites\/4\/2026\/03\/ede-8942.jpg?resize=700%2C400&ssl=1 2x, https:\/\/i0.wp.com\/www.jornalja.com.br\/geral\/wp-content\/uploads\/sites\/4\/2026\/03\/ede-8942.jpg?resize=1050%2C600&ssl=1 3x, https:\/\/i0.wp.com\/www.jornalja.com.br\/geral\/wp-content\/uploads\/sites\/4\/2026\/03\/ede-8942.jpg?resize=1400%2C800&ssl=1 4x"},"classes":[]}],"jetpack_sharing_enabled":true,"_links":{"self":[{"href":"https:\/\/www.jornalja.com.br\/geral\/wp-json\/wp\/v2\/posts\/99449","targetHints":{"allow":["GET"]}}],"collection":[{"href":"https:\/\/www.jornalja.com.br\/geral\/wp-json\/wp\/v2\/posts"}],"about":[{"href":"https:\/\/www.jornalja.com.br\/geral\/wp-json\/wp\/v2\/types\/post"}],"author":[{"embeddable":true,"href":"https:\/\/www.jornalja.com.br\/geral\/wp-json\/wp\/v2\/users\/4"}],"replies":[{"embeddable":true,"href":"https:\/\/www.jornalja.com.br\/geral\/wp-json\/wp\/v2\/comments?post=99449"}],"version-history":[{"count":5,"href":"https:\/\/www.jornalja.com.br\/geral\/wp-json\/wp\/v2\/posts\/99449\/revisions"}],"predecessor-version":[{"id":99454,"href":"https:\/\/www.jornalja.com.br\/geral\/wp-json\/wp\/v2\/posts\/99449\/revisions\/99454"}],"wp:featuredmedia":[{"embeddable":true,"href":"https:\/\/www.jornalja.com.br\/geral\/wp-json\/wp\/v2\/media\/91070"}],"wp:attachment":[{"href":"https:\/\/www.jornalja.com.br\/geral\/wp-json\/wp\/v2\/media?parent=99449"}],"wp:term":[{"taxonomy":"category","embeddable":true,"href":"https:\/\/www.jornalja.com.br\/geral\/wp-json\/wp\/v2\/categories?post=99449"},{"taxonomy":"post_tag","embeddable":true,"href":"https:\/\/www.jornalja.com.br\/geral\/wp-json\/wp\/v2\/tags?post=99449"}],"curies":[{"name":"wp","href":"https:\/\/api.w.org\/{rel}","templated":true}]}}