{"id":99455,"date":"2025-08-11T01:33:21","date_gmt":"2025-08-11T04:33:21","guid":{"rendered":"https:\/\/www.jornalja.com.br\/geral\/?p=99455"},"modified":"2025-08-11T01:45:15","modified_gmt":"2025-08-11T04:45:15","slug":"audiencia-do-plano-diretor-me-lembrei-dos-cercadinhos-do-governo-medici","status":"publish","type":"post","link":"https:\/\/www.jornalja.com.br\/geral\/audiencia-do-plano-diretor-me-lembrei-dos-cercadinhos-do-governo-medici\/","title":{"rendered":"Audi\u00eancia do Plano Diretor: &#8220;Me lembrei dos cercadinhos do governo M\u00e9dici&#8221;"},"content":{"rendered":"<p><strong>Elmar Bones<\/strong><\/p>\n<p>Apresentei-me como rep\u00f3rter do J\u00c1 e fui barrado na audi\u00eancia p\u00fablica para discutir o Plano Diretor de Porto Alegre, s\u00e1bado 9\/8, no audit\u00f3rio Ara\u00fajo Viana.<\/p>\n<p>Pela manh\u00e3 foi apresentado o projeto da prefeitura, que est\u00e1 na internet.<\/p>\n<p>Fui \u00e0 tarde, ouvir o que iam dizer as entidades e as lideran\u00e7as representativas da comunidade portoalegrense. Havia mais de 50 inscritos para falar.<\/p>\n<p>Cometi o erro de achar que minha credencial de jornalista seria suficiente para ter acesso a uma &#8220;audi\u00eancia p\u00fablica&#8221; onde seria apresentado e debatido um assunto do mais alto interesse p\u00fablico,<\/p>\n<p>N\u00e3o. Teria que ter pedido antecipadamente uma credencial de imprensa, para receber uma pulseirinha, que me daria acesso ao audit\u00f3rio.<\/p>\n<p>Havia uma barreira de grades e uma\u00a0 funcion\u00e1ria uniformizada,\u00a0 com uma \u00fanica orienta\u00e7\u00e3o: &#8220;S\u00f3 entra quem tem a pulseirinha&#8221;.<\/p>\n<p>Me lembrei do tempo dos &#8220;cercadinhos&#8221; no governo Medici, onde os rep\u00f3rteres eram confinados nos eventos.<\/p>\n<p>Ningu\u00e9m da prefeitura que pudesse ser consultado, s\u00f3 os guardas de uma empresa terceirizada para fazer cumprir a determina\u00e7\u00e3o inflex\u00edvel.<\/p>\n<p>H\u00e1 mais de 30 anos, o jornal J\u00c1 acompanha a quest\u00e3o do Plano Diretor, em Porto Alegre. Fizemos edi\u00e7\u00f5es especiais, temos trabalhos premiados.<\/p>\n<p>N\u00e3o tive chance sequer de mostrar o crach\u00e1. &#8220;S\u00f3 com a pulseirinha&#8221;.<\/p>\n<p>O rigor era geral. Outras pessoas que tinham inscri\u00e7\u00e3o, obtida depois do prazo, se aglomeravam reclamando na entrada. Mas a funcion\u00e1ria simplesmente se retirou e s\u00f3 restaram as grades e os guardas para impedir a entrada.<\/p>\n<p>As inscri\u00e7\u00f5es para a audiencia foram encerradas, \u00e0s 11 horas de sexta-feira, porque teriam chegado ao limite da lota\u00e7\u00e3o do audit\u00f3rio, tr\u00eas mil lugares. Esperava-se que fosse \u00e0s 18h o encerramento.<\/p>\n<p>O audit\u00f3rio n\u00e3o esteve lotado em nenhum momento. Pela manh\u00e3 compareceram pouco mais de 1.500 pessoas.<\/p>\n<p>No in\u00edcio da tarde, segundo informavam na portaria, n\u00e3o havia mais do que 300 pessoas dentro do audit\u00f3rio.<\/p>\n<p>Como se explicam regras t\u00e3o restritivas de acesso a uma &#8220;audi\u00eancia p\u00fablica&#8221; que vai tratar de um assunto que interessa a toda a cidade?.<\/p>\n","protected":false},"excerpt":{"rendered":"<p>Elmar Bones Apresentei-me como rep\u00f3rter do J\u00c1 e fui barrado na audi\u00eancia p\u00fablica para discutir o Plano Diretor de Porto Alegre, s\u00e1bado 9\/8, no audit\u00f3rio Ara\u00fajo Viana. Pela manh\u00e3 foi apresentado o projeto da prefeitura, que est\u00e1 na internet. Fui \u00e0 tarde, ouvir o que iam dizer as entidades e as lideran\u00e7as representativas da comunidade [&hellip;]<\/p>\n","protected":false},"author":4,"featured_media":99465,"comment_status":"closed","ping_status":"open","sticky":false,"template":"","format":"standard","meta":{"jetpack_post_was_ever_published":false,"_jetpack_newsletter_access":"","_jetpack_dont_email_post_to_subs":false,"_jetpack_newsletter_tier_id":0,"_jetpack_memberships_contains_paywalled_content":false,"_jetpack_memberships_contains_paid_content":false,"footnotes":"","jetpack_publicize_message":"","jetpack_publicize_feature_enabled":true,"jetpack_social_post_already_shared":true,"jetpack_social_options":{"image_generator_settings":{"template":"highway","default_image_id":0,"font":"","enabled":false},"version":2}},"categories":[2],"tags":[],"class_list":["post-99455","post","type-post","status-publish","format-standard","has-post-thumbnail","hentry","category-geral"],"aioseo_notices":[],"jetpack_publicize_connections":[],"jetpack_featured_media_url":"https:\/\/www.jornalja.com.br\/geral\/wp-content\/uploads\/sites\/4\/2025\/08\/araujo-viana-audientia-plano-diretor.jpg","jetpack_shortlink":"https:\/\/wp.me\/pbKhrD-pS7","jetpack-related-posts":[{"id":99449,"url":"https:\/\/www.jornalja.com.br\/geral\/audiencia-do-plano-diretor-tem-3-mil-inscritos-e-guerra-judicial-nos-bastidores\/","url_meta":{"origin":99455,"position":0},"title":"Porto Alegre: audi\u00eancia do Plano Diretor tem 3 mil inscritos e guerra judicial nos bastidores","author":"da Reda\u00e7\u00e3o","date":"9 de agosto de 2025","format":false,"excerpt":"As onze horas da manh\u00e3 de sexta-feira*, foram encerradas as inscri\u00e7\u00f5es para a \u00faltima audi\u00eancia p\u00fablica antes da vota\u00e7\u00e3o do novo Plano Diretor de Porto Alegre, marcada para este s\u00e1bado, 09\/08. Tr\u00eas mil moradores haviam confirmado presen\u00e7a, limite de lota\u00e7\u00e3o do Audit\u00f3rio Ara\u00fajo Viana, onde se realiza a audi\u00eancia. Pouco\u2026","rel":"","context":"Em &quot;Geral-MAT\u00c9RIA&quot;","block_context":{"text":"Geral-MAT\u00c9RIA","link":"https:\/\/www.jornalja.com.br\/geral\/category\/geral\/"},"img":{"alt_text":"","src":"https:\/\/i0.wp.com\/www.jornalja.com.br\/geral\/wp-content\/uploads\/sites\/4\/2021\/11\/ede-7318.jpg?resize=350%2C200&ssl=1","width":350,"height":200,"srcset":"https:\/\/i0.wp.com\/www.jornalja.com.br\/geral\/wp-content\/uploads\/sites\/4\/2021\/11\/ede-7318.jpg?resize=350%2C200&ssl=1 1x, https:\/\/i0.wp.com\/www.jornalja.com.br\/geral\/wp-content\/uploads\/sites\/4\/2021\/11\/ede-7318.jpg?resize=525%2C300&ssl=1 1.5x"},"classes":[]},{"id":100366,"url":"https:\/\/www.jornalja.com.br\/geral\/camara-comeca-a-votar-o-novo-plano-diretor-de-porto-alegre-vai-destruir-os-nossos-bairros\/","url_meta":{"origin":99455,"position":1},"title":"C\u00e2mara come\u00e7a  a votar o novo Plano Diretor de Porto Alegre: &#8220;Vai destruir os nossos bairros&#8221;","author":"Elmar Bones","date":"9 de dezembro de 2025","format":false,"excerpt":"A C\u00e2mara de Vereadores vota nesta quarta-feira, 10\/12 o relat\u00f3rio da Comiss\u00e3o Especial que analisou o projeto de revis\u00e3o do Plano Diretor de Porto Alegre. \u00c9 o primeiro passo para a valida\u00e7\u00e3o do plano, que o prefeito Sebasti\u00e3o Melo quer ver aprovado\u00a0 ainda este ano. Na verdade, n\u00e3o \u00e9 uma\u2026","rel":"","context":"Em &quot;Geral-MAT\u00c9RIA&quot;","block_context":{"text":"Geral-MAT\u00c9RIA","link":"https:\/\/www.jornalja.com.br\/geral\/category\/geral\/"},"img":{"alt_text":"","src":"","width":0,"height":0},"classes":[]},{"id":100689,"url":"https:\/\/www.jornalja.com.br\/geral\/nova-ipiranga-megaprojeto-vai-impactar-186-mil-moradores-em-11-bairros\/","url_meta":{"origin":99455,"position":2},"title":"Nova Ipiranga: megaprojeto vai impactar 186 mil moradores em 11 bairros","author":"da Reda\u00e7\u00e3o","date":"3 de fevereiro de 2026","format":false,"excerpt":"Come\u00e7ou, com uma audi\u00eancia p\u00fablica na quarta-feira, 28\/01, a discuss\u00e3o do projeto de reurbaniza\u00e7\u00e3o do entorno da avenida Ipiranga,\u00a0 um dos eixos vi\u00e1rios de Porto Alegre. O projeto, no formato de uma Opera\u00e7\u00e3o Urbana Consorciada, \u00e9 presentado como \"um instrumento urban\u00edstico que busca despoluir o Arroio Dil\u00favio por meio de\u2026","rel":"","context":"Em &quot;Geral-MAT\u00c9RIA&quot;","block_context":{"text":"Geral-MAT\u00c9RIA","link":"https:\/\/www.jornalja.com.br\/geral\/category\/geral\/"},"img":{"alt_text":"","src":"https:\/\/i0.wp.com\/www.jornalja.com.br\/geral\/wp-content\/uploads\/sites\/4\/2026\/02\/ipiranga-espigoes.png?resize=350%2C200&ssl=1","width":350,"height":200,"srcset":"https:\/\/i0.wp.com\/www.jornalja.com.br\/geral\/wp-content\/uploads\/sites\/4\/2026\/02\/ipiranga-espigoes.png?resize=350%2C200&ssl=1 1x, https:\/\/i0.wp.com\/www.jornalja.com.br\/geral\/wp-content\/uploads\/sites\/4\/2026\/02\/ipiranga-espigoes.png?resize=525%2C300&ssl=1 1.5x, https:\/\/i0.wp.com\/www.jornalja.com.br\/geral\/wp-content\/uploads\/sites\/4\/2026\/02\/ipiranga-espigoes.png?resize=700%2C400&ssl=1 2x"},"classes":[]},{"id":99605,"url":"https:\/\/www.jornalja.com.br\/geral\/federacao-e-sindicato-dos-jornalistas-repudiam-cerceamento-ao-editor-do-jornal-ja\/","url_meta":{"origin":99455,"position":3},"title":"Federa\u00e7\u00e3o e Sindicato dos Jornalistas repudiam cerceamento ao jornal J\u00c1","author":"da Reda\u00e7\u00e3o","date":"28 de agosto de 2025","format":false,"excerpt":"O Sindicato de Jornalistas Profissionais do Rio Grande do Sul (SindJoRS) e a Federa\u00e7\u00e3o Nacional de Jornalistas (Fenaj) v\u00eam a p\u00fablico manifestar apoio ao jornalista Elmar Bones e ao Jornal J\u00c1, diante do impedimento sofrido pelo profissional durante a cobertura da audi\u00eancia p\u00fablica sobre o Plano Diretor de Porto Alegre,\u2026","rel":"","context":"Em &quot;Geral-MAT\u00c9RIA&quot;","block_context":{"text":"Geral-MAT\u00c9RIA","link":"https:\/\/www.jornalja.com.br\/geral\/category\/geral\/"},"img":{"alt_text":"","src":"https:\/\/i0.wp.com\/www.jornalja.com.br\/geral\/wp-content\/uploads\/sites\/4\/2025\/08\/araujo-viana-audientia-plano-diretor.jpg?resize=350%2C200&ssl=1","width":350,"height":200,"srcset":"https:\/\/i0.wp.com\/www.jornalja.com.br\/geral\/wp-content\/uploads\/sites\/4\/2025\/08\/araujo-viana-audientia-plano-diretor.jpg?resize=350%2C200&ssl=1 1x, https:\/\/i0.wp.com\/www.jornalja.com.br\/geral\/wp-content\/uploads\/sites\/4\/2025\/08\/araujo-viana-audientia-plano-diretor.jpg?resize=525%2C300&ssl=1 1.5x, https:\/\/i0.wp.com\/www.jornalja.com.br\/geral\/wp-content\/uploads\/sites\/4\/2025\/08\/araujo-viana-audientia-plano-diretor.jpg?resize=700%2C400&ssl=1 2x, https:\/\/i0.wp.com\/www.jornalja.com.br\/geral\/wp-content\/uploads\/sites\/4\/2025\/08\/araujo-viana-audientia-plano-diretor.jpg?resize=1050%2C600&ssl=1 3x, https:\/\/i0.wp.com\/www.jornalja.com.br\/geral\/wp-content\/uploads\/sites\/4\/2025\/08\/araujo-viana-audientia-plano-diretor.jpg?resize=1400%2C800&ssl=1 4x"},"classes":[]}],"jetpack_sharing_enabled":true,"_links":{"self":[{"href":"https:\/\/www.jornalja.com.br\/geral\/wp-json\/wp\/v2\/posts\/99455","targetHints":{"allow":["GET"]}}],"collection":[{"href":"https:\/\/www.jornalja.com.br\/geral\/wp-json\/wp\/v2\/posts"}],"about":[{"href":"https:\/\/www.jornalja.com.br\/geral\/wp-json\/wp\/v2\/types\/post"}],"author":[{"embeddable":true,"href":"https:\/\/www.jornalja.com.br\/geral\/wp-json\/wp\/v2\/users\/4"}],"replies":[{"embeddable":true,"href":"https:\/\/www.jornalja.com.br\/geral\/wp-json\/wp\/v2\/comments?post=99455"}],"version-history":[{"count":5,"href":"https:\/\/www.jornalja.com.br\/geral\/wp-json\/wp\/v2\/posts\/99455\/revisions"}],"predecessor-version":[{"id":99466,"href":"https:\/\/www.jornalja.com.br\/geral\/wp-json\/wp\/v2\/posts\/99455\/revisions\/99466"}],"wp:featuredmedia":[{"embeddable":true,"href":"https:\/\/www.jornalja.com.br\/geral\/wp-json\/wp\/v2\/media\/99465"}],"wp:attachment":[{"href":"https:\/\/www.jornalja.com.br\/geral\/wp-json\/wp\/v2\/media?parent=99455"}],"wp:term":[{"taxonomy":"category","embeddable":true,"href":"https:\/\/www.jornalja.com.br\/geral\/wp-json\/wp\/v2\/categories?post=99455"},{"taxonomy":"post_tag","embeddable":true,"href":"https:\/\/www.jornalja.com.br\/geral\/wp-json\/wp\/v2\/tags?post=99455"}],"curies":[{"name":"wp","href":"https:\/\/api.w.org\/{rel}","templated":true}]}}