{"id":99646,"date":"2025-09-03T04:12:05","date_gmt":"2025-09-03T07:12:05","guid":{"rendered":"https:\/\/www.jornalja.com.br\/colunas\/?p=84413"},"modified":"2025-10-03T19:32:38","modified_gmt":"2025-10-03T22:32:38","slug":"relator-da-cpi-quer-prisao-preventiva-de-21-investigados-por-fraude-no-inss","status":"publish","type":"post","link":"https:\/\/www.jornalja.com.br\/geral\/relator-da-cpi-quer-prisao-preventiva-de-21-investigados-por-fraude-no-inss\/","title":{"rendered":"CPI pede pris\u00e3o preventiva de 21 investigados por fraude no INSS"},"content":{"rendered":"<p>A Comiss\u00e3o Parlamentar Mista de Inqu\u00e9rito (CPMI) do Instituto Nacional do Seguro Social (INSS) encaminhou\u00a0 ao STF uma lista de 21 pessoas que devem ser presas preventivamente;<\/p>\n<p>O requerimento foi aprovado por 26 votos a favor e nenhum contr\u00e1rio, durante a quarta reuni\u00e3o da comiss\u00e3o que apura o esquema de descontos ilegais feitos diretamente na conta de aposentados e pensionistas, sem autoriza\u00e7\u00e3o.<\/p>\n<p>A decis\u00e3o est\u00e1 nas m\u00e3os do ministro do STF, Andr\u00e9 Mendon\u00e7a, relator do processo na corte suprema.<\/p>\n<p>Ao encaminhar o pedido, o relator da Comiss\u00e3o, deputado Alfredo Gaspar (Uni\u00e3o-AL), jdestacou que \u201cmesmo diante da presen\u00e7a de veementes ind\u00edcios de materialidade e de autoria de infra\u00e7\u00f5es penais que vitimaram aposentados e pensionistas, at\u00e9 o momento nenhum investigado se encontra submetido a pris\u00e3o cautelar\u201d.<\/p>\n<p>A medida preventiva, segundo o deputado,\u00a0 \u00e9 necess\u00e1ria para garantir a coleta de provas para instru\u00e7\u00e3o do processo e \u00e0 eventual aplica\u00e7\u00e3o da lei.<\/p>\n<p>Entre as pessoas inclu\u00eddas no requerimento est\u00e1 o lobista Ant\u00f4nio Carlos Camilo Antunes, o Careca do INSS, cuja convoca\u00e7\u00e3o para depor j\u00e1 foi aprovada.<\/p>\n<p>Tamb\u00e9m constam da lista o ex-presidente do INSS, Alessandro Stefanutto, que foi exonerado do cargo no mesmo dia que a PF e a CGU deflagraram as investiga\u00e7\u00f5es.<\/p>\n<p>A CPMI tamb\u00e9m pede a pris\u00e3o preventiva do ex-procurador-geral do INSS, Virg\u00edlio de Oliveira Filho, bem como dos ex-diretores, Andr\u00e9 Fidelis e Vanderlei Barbosa, al\u00e9m do advogado Eric Douglas Fidelis, filho de Andr\u00e9, suspeito de movimentar valores do suposto esquema em benef\u00edcio do pai.<\/p>\n<p>Os outros investigados s\u00e3o Cec\u00edlia Rodrigues Mota; Thaisa Hoffmann Jonasson; Maria Paula Xavier da Fonseca Oliveira; Alexandre Guimar\u00e3es; Rubens Oliveira Costa; Romeu Carvalho Antunes; Domingos Savio de Castro; Milton Salvador de Almeida J\u00fanior; Adelino Rodrigues J\u00fanior; Geovani Batista Spiecker; Reinaldo Carlos Barros de Almeida; Vanderlei Barbosa dos Santos; Jucimar Fonseca da Silva; Philipe Roters Coutinho e Maur\u00edcio Camisotti.<\/p>\n<p>Estima-se que tr\u00eas milh\u00f5es de benefici\u00e1rios do INSS foram lesados, num total que pode chegar a R$ 6 bilh\u00f5es. O governo j\u00e1 come\u00e7ou a ressarcir as v\u00edtimas dos descontos ilegais.<\/p>\n<p>&nbsp;<\/p>\n","protected":false},"excerpt":{"rendered":"<p>A Comiss\u00e3o Parlamentar Mista de Inqu\u00e9rito (CPMI) do Instituto Nacional do Seguro Social (INSS) encaminhou\u00a0 ao STF uma lista de 21 pessoas que devem ser presas preventivamente; O requerimento foi aprovado por 26 votos a favor e nenhum contr\u00e1rio, durante a quarta reuni\u00e3o da comiss\u00e3o que apura o esquema de descontos ilegais feitos diretamente na [&hellip;]<\/p>\n","protected":false},"author":4,"featured_media":99647,"comment_status":"closed","ping_status":"open","sticky":false,"template":"","format":"standard","meta":{"jetpack_post_was_ever_published":false,"_jetpack_newsletter_access":"","_jetpack_dont_email_post_to_subs":false,"_jetpack_newsletter_tier_id":0,"_jetpack_memberships_contains_paywalled_content":false,"_jetpack_memberships_contains_paid_content":false,"footnotes":"","jetpack_publicize_message":"","jetpack_publicize_feature_enabled":true,"jetpack_social_post_already_shared":true,"jetpack_social_options":{"image_generator_settings":{"template":"highway","default_image_id":0,"font":"","enabled":false},"version":2}},"categories":[2],"tags":[],"class_list":["post-99646","post","type-post","status-publish","format-standard","has-post-thumbnail","hentry","category-geral"],"aioseo_notices":[],"jetpack_publicize_connections":[],"jetpack_featured_media_url":"https:\/\/www.jornalja.com.br\/geral\/wp-content\/uploads\/sites\/4\/2025\/09\/inss-cpmi.png","jetpack_shortlink":"https:\/\/wp.me\/pbKhrD-pVc","jetpack-related-posts":[{"id":100434,"url":"https:\/\/www.jornalja.com.br\/geral\/fraudes-no-inss-uniao-pede-bloqueio-de-r-66-bilhoes-justica-encontrou-menos-de-10-ate-agora\/","url_meta":{"origin":99646,"position":0},"title":"Fraudes no INSS: Uni\u00e3o pede bloqueio de R$ 6,6 bilh\u00f5es, Justi\u00e7a encontrou menos de 10% at\u00e9 agora","author":"da Reda\u00e7\u00e3o","date":"22 de dezembro de 2025","format":false,"excerpt":"A Advocacia-Geral da Uni\u00e3o (AGU) ajuizou, antes do in\u00edcio do recesso, o \u00faltimo lote de a\u00e7\u00f5es regressivas para recuperar os valores descontados por meios fraudulentos de aposentados do Instituto Nacional do Seguro Social, o INSS.. Foram R$ 135 milh\u00f5es neste \u00faltimo lote de um total de 37 a\u00e7\u00f5es cautelares\u00a0 que\u2026","rel":"","context":"Em &quot;Geral-MAT\u00c9RIA&quot;","block_context":{"text":"Geral-MAT\u00c9RIA","link":"https:\/\/www.jornalja.com.br\/geral\/category\/geral\/"},"img":{"alt_text":"","src":"https:\/\/i0.wp.com\/www.jornalja.com.br\/geral\/wp-content\/uploads\/sites\/4\/2025\/12\/fraudes-no-inss-bens-apreendidos.png?resize=350%2C200&ssl=1","width":350,"height":200,"srcset":"https:\/\/i0.wp.com\/www.jornalja.com.br\/geral\/wp-content\/uploads\/sites\/4\/2025\/12\/fraudes-no-inss-bens-apreendidos.png?resize=350%2C200&ssl=1 1x, https:\/\/i0.wp.com\/www.jornalja.com.br\/geral\/wp-content\/uploads\/sites\/4\/2025\/12\/fraudes-no-inss-bens-apreendidos.png?resize=525%2C300&ssl=1 1.5x"},"classes":[]},{"id":99203,"url":"https:\/\/www.jornalja.com.br\/geral\/fraudes-no-inss-pf-faz-novas-prisoes-no-nordeste-congresso-cria-cpi-em-brasilia\/","url_meta":{"origin":99646,"position":1},"title":"Elei\u00e7\u00f5es 2026: CPMI do INSS ser\u00e1 primeiro grande embate da campanha","author":"da Reda\u00e7\u00e3o","date":"18 de junho de 2025","format":false,"excerpt":"A for\u00e7a-tarefa da Pol\u00edcia Federal que investiga as fraudes contra aposentados e pensionistas do INSS fez mais duas pris\u00f5es, nesta ter\u00e7a-feira (17), em Sergipe. Um dos investigados foi detido em Aracaju. O outro, em Umba\u00faba, a cerca de 100 quil\u00f4metros da capital sergipana. Como a investiga\u00e7\u00e3o est\u00e1 em segredo de\u2026","rel":"","context":"Em &quot;Geral-MAT\u00c9RIA&quot;","block_context":{"text":"Geral-MAT\u00c9RIA","link":"https:\/\/www.jornalja.com.br\/geral\/category\/geral\/"},"img":{"alt_text":"","src":"https:\/\/i0.wp.com\/www.jornalja.com.br\/geral\/wp-content\/uploads\/sites\/4\/2025\/06\/fraudes-no-inss-criada-cpi.jpeg?resize=350%2C200&ssl=1","width":350,"height":200,"srcset":"https:\/\/i0.wp.com\/www.jornalja.com.br\/geral\/wp-content\/uploads\/sites\/4\/2025\/06\/fraudes-no-inss-criada-cpi.jpeg?resize=350%2C200&ssl=1 1x, https:\/\/i0.wp.com\/www.jornalja.com.br\/geral\/wp-content\/uploads\/sites\/4\/2025\/06\/fraudes-no-inss-criada-cpi.jpeg?resize=525%2C300&ssl=1 1.5x, https:\/\/i0.wp.com\/www.jornalja.com.br\/geral\/wp-content\/uploads\/sites\/4\/2025\/06\/fraudes-no-inss-criada-cpi.jpeg?resize=700%2C400&ssl=1 2x"},"classes":[]},{"id":100277,"url":"https:\/\/www.jornalja.com.br\/geral\/unanimidade-stf-mantem-prisao-preventiva-do-ex-presidente-jair-bolsonaro\/","url_meta":{"origin":99646,"position":2},"title":"Unanimidade:  STF mant\u00e9m pris\u00e3o preventiva do ex-presidente Jair Bolsonaro","author":"da Reda\u00e7\u00e3o","date":"24 de novembro de 2025","format":false,"excerpt":"Por unanimidade, a Primeira Turma do Supremo Tribunal Federal (STF) manteve, nesta segunda-feira (24), a decis\u00e3o do ministro Alexandre de Moraes que decretou a pris\u00e3o preventiva do ex-presidente da Rep\u00fablica Jair Bolsonaro. A medida foi analisada em sess\u00e3o extraordin\u00e1ria virtual,\u00a0 com encerramento \u00e0s 20h, mas no fim da manh\u00e3 todos\u2026","rel":"","context":"Em &quot;Geral-MAT\u00c9RIA&quot;","block_context":{"text":"Geral-MAT\u00c9RIA","link":"https:\/\/www.jornalja.com.br\/geral\/category\/geral\/"},"img":{"alt_text":"","src":"https:\/\/i0.wp.com\/www.jornalja.com.br\/geral\/wp-content\/uploads\/sites\/4\/2025\/11\/bolsonaro-stf-mantem-prisao.jpg?resize=350%2C200&ssl=1","width":350,"height":200,"srcset":"https:\/\/i0.wp.com\/www.jornalja.com.br\/geral\/wp-content\/uploads\/sites\/4\/2025\/11\/bolsonaro-stf-mantem-prisao.jpg?resize=350%2C200&ssl=1 1x, https:\/\/i0.wp.com\/www.jornalja.com.br\/geral\/wp-content\/uploads\/sites\/4\/2025\/11\/bolsonaro-stf-mantem-prisao.jpg?resize=525%2C300&ssl=1 1.5x, https:\/\/i0.wp.com\/www.jornalja.com.br\/geral\/wp-content\/uploads\/sites\/4\/2025\/11\/bolsonaro-stf-mantem-prisao.jpg?resize=700%2C400&ssl=1 2x, https:\/\/i0.wp.com\/www.jornalja.com.br\/geral\/wp-content\/uploads\/sites\/4\/2025\/11\/bolsonaro-stf-mantem-prisao.jpg?resize=1050%2C600&ssl=1 3x, https:\/\/i0.wp.com\/www.jornalja.com.br\/geral\/wp-content\/uploads\/sites\/4\/2025\/11\/bolsonaro-stf-mantem-prisao.jpg?resize=1400%2C800&ssl=1 4x"},"classes":[]},{"id":98933,"url":"https:\/\/www.jornalja.com.br\/geral\/fraudes-no-inss-12-entidades-formam-o-nucleo-do-esquema-criminoso-veja-a-lista\/","url_meta":{"origin":99646,"position":3},"title":"Fraudes no INSS: 12 entidades formam o &#8220;n\u00facleo do esquema criminoso&#8221;; veja a lista","author":"Elmar Bones","date":"11 de maio de 2025","format":false,"excerpt":"A Advocacia-Geral da Uni\u00e3o (AGU) pediu o bloqueio de R$ 2,56 bilh\u00f5es em bens de 12 entidades sindicais e associativas acusadas de fraudes no Instituto Nacional de Seguro Social (INSS). A lista das entidades e os valores resultam de levantamento feito pelo pr\u00f3prio INSS, para apurar a extens\u00e3o dos preju\u00edzos\u2026","rel":"","context":"Em &quot;Geral-MAT\u00c9RIA&quot;","block_context":{"text":"Geral-MAT\u00c9RIA","link":"https:\/\/www.jornalja.com.br\/geral\/category\/geral\/"},"img":{"alt_text":"","src":"https:\/\/i0.wp.com\/www.jornalja.com.br\/geral\/wp-content\/uploads\/sites\/4\/2025\/05\/inss-entrevista-coletiva-sobre-reembolso.jpeg?resize=350%2C200&ssl=1","width":350,"height":200,"srcset":"https:\/\/i0.wp.com\/www.jornalja.com.br\/geral\/wp-content\/uploads\/sites\/4\/2025\/05\/inss-entrevista-coletiva-sobre-reembolso.jpeg?resize=350%2C200&ssl=1 1x, https:\/\/i0.wp.com\/www.jornalja.com.br\/geral\/wp-content\/uploads\/sites\/4\/2025\/05\/inss-entrevista-coletiva-sobre-reembolso.jpeg?resize=525%2C300&ssl=1 1.5x, https:\/\/i0.wp.com\/www.jornalja.com.br\/geral\/wp-content\/uploads\/sites\/4\/2025\/05\/inss-entrevista-coletiva-sobre-reembolso.jpeg?resize=700%2C400&ssl=1 2x"},"classes":[]},{"id":100289,"url":"https:\/\/www.jornalja.com.br\/geral\/stf-encerra-julgamento-de-bolsonaro-27-anos-e-seis-meses-de-prisao\/","url_meta":{"origin":99646,"position":4},"title":"STF encerra julgamento de Bolsonaro: 27 anos e tr\u00eas meses de pris\u00e3o","author":"da Reda\u00e7\u00e3o","date":"25 de novembro de 2025","format":false,"excerpt":"O Supremo Tribunal Federal (STF) considerou que o processo do ex-presidente Jair Bolsonaro por golpe de Estado transitou em julgado. Ou seja: n\u00e3o cabem mais recursos. A decis\u00e3o foi anunciada no in\u00edcio da tarde desta ter\u00e7a-feira, 25 de novembro Al\u00e9m de Bolsonaro,\u00a0 foi concluso tamb\u00e9m julgamento de Alexandre Ramagem (PL-RJ),\u2026","rel":"","context":"Em &quot;Geral-MAT\u00c9RIA&quot;","block_context":{"text":"Geral-MAT\u00c9RIA","link":"https:\/\/www.jornalja.com.br\/geral\/category\/geral\/"},"img":{"alt_text":"","src":"https:\/\/i0.wp.com\/www.jornalja.com.br\/geral\/wp-content\/uploads\/sites\/4\/2025\/11\/bolsonaro-preso-2.png?resize=350%2C200&ssl=1","width":350,"height":200,"srcset":"https:\/\/i0.wp.com\/www.jornalja.com.br\/geral\/wp-content\/uploads\/sites\/4\/2025\/11\/bolsonaro-preso-2.png?resize=350%2C200&ssl=1 1x, https:\/\/i0.wp.com\/www.jornalja.com.br\/geral\/wp-content\/uploads\/sites\/4\/2025\/11\/bolsonaro-preso-2.png?resize=525%2C300&ssl=1 1.5x"},"classes":[]},{"id":100744,"url":"https:\/\/www.jornalja.com.br\/geral\/afastamento-de-dias-toffoli-do-caso-master-sela-a-mais-grave-crise-do-judiciario-desde-o-imperio\/","url_meta":{"origin":99646,"position":5},"title":"Afastamento de Dias Toffoli do caso Master sela a mais grave crise do judici\u00e1rio desde o Imp\u00e9rio","author":"Elmar Bones","date":"16 de fevereiro de 2026","format":false,"excerpt":"A sa\u00edda do ministro Dias Toffoli da relatoria do caso Master, que se deu ap\u00f3s a Pol\u00edcia Federal encontrar no celular de Daniel Vorcaro, dono do Master, men\u00e7\u00f5es ao ministro da Suprema Corte, culmina em uma crise sem precedentes na hist\u00f3ria do judici\u00e1rio brasileiro. H\u00e1 juristas e historiadores que consideram\u2026","rel":"","context":"Em &quot;Geral-MAT\u00c9RIA&quot;","block_context":{"text":"Geral-MAT\u00c9RIA","link":"https:\/\/www.jornalja.com.br\/geral\/category\/geral\/"},"img":{"alt_text":"","src":"https:\/\/i0.wp.com\/www.jornalja.com.br\/geral\/wp-content\/uploads\/sites\/4\/2026\/02\/0d9a7589-1-4.jpg?resize=350%2C200&ssl=1","width":350,"height":200,"srcset":"https:\/\/i0.wp.com\/www.jornalja.com.br\/geral\/wp-content\/uploads\/sites\/4\/2026\/02\/0d9a7589-1-4.jpg?resize=350%2C200&ssl=1 1x, https:\/\/i0.wp.com\/www.jornalja.com.br\/geral\/wp-content\/uploads\/sites\/4\/2026\/02\/0d9a7589-1-4.jpg?resize=525%2C300&ssl=1 1.5x, https:\/\/i0.wp.com\/www.jornalja.com.br\/geral\/wp-content\/uploads\/sites\/4\/2026\/02\/0d9a7589-1-4.jpg?resize=700%2C400&ssl=1 2x"},"classes":[]}],"jetpack_sharing_enabled":true,"_links":{"self":[{"href":"https:\/\/www.jornalja.com.br\/geral\/wp-json\/wp\/v2\/posts\/99646","targetHints":{"allow":["GET"]}}],"collection":[{"href":"https:\/\/www.jornalja.com.br\/geral\/wp-json\/wp\/v2\/posts"}],"about":[{"href":"https:\/\/www.jornalja.com.br\/geral\/wp-json\/wp\/v2\/types\/post"}],"author":[{"embeddable":true,"href":"https:\/\/www.jornalja.com.br\/geral\/wp-json\/wp\/v2\/users\/4"}],"replies":[{"embeddable":true,"href":"https:\/\/www.jornalja.com.br\/geral\/wp-json\/wp\/v2\/comments?post=99646"}],"version-history":[{"count":4,"href":"https:\/\/www.jornalja.com.br\/geral\/wp-json\/wp\/v2\/posts\/99646\/revisions"}],"predecessor-version":[{"id":99651,"href":"https:\/\/www.jornalja.com.br\/geral\/wp-json\/wp\/v2\/posts\/99646\/revisions\/99651"}],"wp:featuredmedia":[{"embeddable":true,"href":"https:\/\/www.jornalja.com.br\/geral\/wp-json\/wp\/v2\/media\/99647"}],"wp:attachment":[{"href":"https:\/\/www.jornalja.com.br\/geral\/wp-json\/wp\/v2\/media?parent=99646"}],"wp:term":[{"taxonomy":"category","embeddable":true,"href":"https:\/\/www.jornalja.com.br\/geral\/wp-json\/wp\/v2\/categories?post=99646"},{"taxonomy":"post_tag","embeddable":true,"href":"https:\/\/www.jornalja.com.br\/geral\/wp-json\/wp\/v2\/tags?post=99646"}],"curies":[{"name":"wp","href":"https:\/\/api.w.org\/{rel}","templated":true}]}}