{"id":99772,"date":"2025-09-06T02:07:34","date_gmt":"2025-09-06T05:07:34","guid":{"rendered":"https:\/\/www.jornalja.com.br\/geral\/?p=99772"},"modified":"2025-09-07T01:22:06","modified_gmt":"2025-09-07T04:22:06","slug":"pesquisa-registra-queda-no-preco-da-cesta-basica-em-24-capitais-em-agosto","status":"publish","type":"post","link":"https:\/\/www.jornalja.com.br\/geral\/pesquisa-registra-queda-no-preco-da-cesta-basica-em-24-capitais-em-agosto\/","title":{"rendered":"Pesquisa registra queda no pre\u00e7o da cesta b\u00e1sica em 24 capitais em agosto"},"content":{"rendered":"<p>O pre\u00e7o da cesta de alimentos b\u00e1sicos caiu em 24 capitais no m\u00eas de agosto, na compara\u00e7\u00e3o com julho, de acordo com a Pesquisa Nacional, divulgada nesta sexta-feira (5), pelo Dieese.<\/p>\n<p>Em rela\u00e7\u00e3o a agosto de 2024, por\u00e9m, os pre\u00e7os ainda est\u00e3o acima em todas\u00a0 17 capitais onde a pesquisa era realizada, com varia\u00e7\u00f5es entre 3,3%, em Bel\u00e9m, e 18%, no Recife. (A pesquisa s\u00f3 passou a ser feita nas 27 capitais em julho de 2025)..<\/p>\n<p>Em rela\u00e7\u00e3o a julho, as maiores quedas no pre\u00e7o da cesta b\u00e1sica ocorreram em Macei\u00f3 (- 4,1%), Recife (- 4%), Jo\u00e3o Pessoa (- 4%), Natal (- 3,7%), Vit\u00f3ria (- 3,1%) e S\u00e3o Lu\u00eds (- 3,6%). J\u00e1\u00a0as altas ocorreram em Macap\u00e1 (0,9%), Palmas (0,6%)\u00a0e Rio Branco (0,02%).<\/p>\n<p>S\u00e3o Paulo foi a capital em que o conjunto dos alimentos b\u00e1sicos apresentou o maior pre\u00e7o (R$ 850,84), seguida por Florian\u00f3polis (R$ 823,11), Porto Alegre (R$ 811,14)\u00a0e Rio de Janeiro (R$ 801,34).<\/p>\n<p>Nas cidades do Norte e do Nordeste, onde a composi\u00e7\u00e3o da cesta \u00e9 diferente, foram registrados os menores valores dos\u00a0alimentos b\u00e1sicos: Aracaju (R$ 558,16), Macei\u00f3 (R$ 596,23), Salvador (R$ 616,23) e Natal (R$ 622).<\/p>\n<h2>Acumulado do ano<\/h2>\n<p>No acumulado do ano, ou seja, de janeiro a agosto de 2025, nas 17 capitais pesquisadas, 13 cidades tiveram alta e quatro apresentaram queda.<\/p>\n<p>As maiores eleva\u00e7\u00f5es ocorreram em Fortaleza (7,32%), Recife (6,93%) e Salvador (5,54%). As capitais com varia\u00e7\u00e3o negativa foram Goi\u00e2nia (-1,85%), Bras\u00edlia (-0,55%), Vit\u00f3ria (-0,53%) e Campo Grande (-0,20%).<\/p>\n<p>Com base na cesta mais cara, registrada em\u00a0S\u00e3o Paulo (agosto), e levando em considera\u00e7\u00e3o a determina\u00e7\u00e3o constitucional de que o sal\u00e1rio m\u00ednimo deveria ser suficiente para suprir as despesas de uma fam\u00edlia, de quatro pessoas, com alimenta\u00e7\u00e3o, moradia, sa\u00fade, educa\u00e7\u00e3o, vestu\u00e1rio, higiene, transporte, lazer e previd\u00eancia, o Dieese estimou que o valor do sal\u00e1rio m\u00ednimo necess\u00e1rio, no s\u00e9timo m\u00eas do ano, deveria ter sido de R$ 7.147,91 ou 4,71 vezes o m\u00ednimo atual de R$ 1.518.<\/p>\n<p>Em agosto de 2024, o sal\u00e1rio m\u00ednimo necess\u00e1rio deveria ter ficado em R$ 6.606,13 ou 4,68 vezes o valor vigente na \u00e9poca, que era de R$ 1.412.<\/p>\n<p><strong>(Com informa\u00e7\u00f5es da Ag\u00eancia Brasil)<\/strong><\/p>\n","protected":false},"excerpt":{"rendered":"<p>O pre\u00e7o da cesta de alimentos b\u00e1sicos caiu em 24 capitais no m\u00eas de agosto, na compara\u00e7\u00e3o com julho, de acordo com a Pesquisa Nacional, divulgada nesta sexta-feira (5), pelo Dieese. Em rela\u00e7\u00e3o a agosto de 2024, por\u00e9m, os pre\u00e7os ainda est\u00e3o acima em todas\u00a0 17 capitais onde a pesquisa era realizada, com varia\u00e7\u00f5es entre [&hellip;]<\/p>\n","protected":false},"author":4,"featured_media":99773,"comment_status":"closed","ping_status":"open","sticky":false,"template":"","format":"standard","meta":{"jetpack_post_was_ever_published":false,"_jetpack_newsletter_access":"","_jetpack_dont_email_post_to_subs":false,"_jetpack_newsletter_tier_id":0,"_jetpack_memberships_contains_paywalled_content":false,"_jetpack_memberships_contains_paid_content":false,"footnotes":"","jetpack_publicize_message":"","jetpack_publicize_feature_enabled":true,"jetpack_social_post_already_shared":true,"jetpack_social_options":{"image_generator_settings":{"template":"highway","default_image_id":0,"font":"","enabled":false},"version":2}},"categories":[2],"tags":[],"class_list":["post-99772","post","type-post","status-publish","format-standard","has-post-thumbnail","hentry","category-geral"],"aioseo_notices":[],"jetpack_publicize_connections":[],"jetpack_featured_media_url":"https:\/\/www.jornalja.com.br\/geral\/wp-content\/uploads\/sites\/4\/2025\/09\/cesta-basica.jpg","jetpack_shortlink":"https:\/\/wp.me\/pbKhrD-pXe","jetpack-related-posts":[{"id":100634,"url":"https:\/\/www.jornalja.com.br\/geral\/pesquisa-mostra-queda-no-preco-da-cesta-basica-em-todas-as-capitais-no-segundo-semestre\/","url_meta":{"origin":99772,"position":0},"title":"Pesquisa mostra queda no pre\u00e7o da cesta b\u00e1sica em todas as capitais no segundo semestre","author":"da Reda\u00e7\u00e3o","date":"20 de janeiro de 2026","format":false,"excerpt":"O pre\u00e7o da cesta b\u00e1sica de alimentos caiu em todas as 27 capitais brasileiras no acumulado do \u00faltimo semestre de 2025. As\u00a0 quedas oscilaram entre -9,08%, em Boa Vista (RR,) e -1,56%, em Belo Horizonte (MG). Os dados, divulgados nesta ter\u00e7a-feira (20), s\u00e3o do\u00a0 Departamento Intersindical de Estat\u00edstica e Estudos\u2026","rel":"","context":"Em &quot;MANCHETE do Site&quot;","block_context":{"text":"MANCHETE do Site","link":"https:\/\/www.jornalja.com.br\/geral\/category\/manchete-do-site\/"},"img":{"alt_text":"","src":"https:\/\/i0.wp.com\/www.jornalja.com.br\/geral\/wp-content\/uploads\/sites\/4\/2026\/01\/cesta-basica.jpg?resize=350%2C200&ssl=1","width":350,"height":200,"srcset":"https:\/\/i0.wp.com\/www.jornalja.com.br\/geral\/wp-content\/uploads\/sites\/4\/2026\/01\/cesta-basica.jpg?resize=350%2C200&ssl=1 1x, https:\/\/i0.wp.com\/www.jornalja.com.br\/geral\/wp-content\/uploads\/sites\/4\/2026\/01\/cesta-basica.jpg?resize=525%2C300&ssl=1 1.5x, https:\/\/i0.wp.com\/www.jornalja.com.br\/geral\/wp-content\/uploads\/sites\/4\/2026\/01\/cesta-basica.jpg?resize=700%2C400&ssl=1 2x"},"classes":[]},{"id":87149,"url":"https:\/\/www.jornalja.com.br\/geral\/cesta-basica-aumenta-em-13-capitais\/","url_meta":{"origin":99772,"position":1},"title":"Cesta b\u00e1sica aumenta em 13 capitais","author":"da Reda\u00e7\u00e3o","date":"9 de fevereiro de 2021","format":false,"excerpt":"O\u00a0pre\u00e7o da cesta b\u00e1sica aumentou em janeiro em 13 das 17 capitais brasileiras que s\u00e3o analisadas na Pesquisa Nacional da Cesta B\u00e1sica de Alimentos, realizada mensalmente pelo Departamento Intersindical de Estat\u00edstica e Estudos Socioecon\u00f4micos (Dieese). A maior alta foi registrada em Florian\u00f3polis (5,82%), seguida por Belo Horizonte (4,17%) e Vit\u00f3ria\u2026","rel":"","context":"Em &quot;Geral-NOTAS&quot;","block_context":{"text":"Geral-NOTAS","link":"https:\/\/www.jornalja.com.br\/geral\/category\/geral-notas\/"},"img":{"alt_text":"","src":"","width":0,"height":0},"classes":[]},{"id":86793,"url":"https:\/\/www.jornalja.com.br\/geral\/protesto-na-esplanada-contra-o-fim-do-auxilio-emergencial-a-fome-ronda-as-favelas\/","url_meta":{"origin":99772,"position":2},"title":"Protesto na Esplanada contra o fim do aux\u00edlio emergencial: &#8220;A fome ronda as favelas&#8221;","author":"da Reda\u00e7\u00e3o","date":"9 de dezembro de 2020","format":false,"excerpt":"Um protesto vai montar barracos e uma mesa de cinco metros cheia de pratos vazios na Esplanada dos Minist\u00e9rios, nesta quarta-feira. A iniciativa \u00e9 da ong \u201cRio de Paz\u201d e o objetivo \u00e9 chamar a aten\u00e7\u00e3o para a situa\u00e7\u00e3o em que v\u00e3o ficar as pessoas que deixam de receber o\u2026","rel":"","context":"Em &quot;Geral-MAT\u00c9RIA&quot;","block_context":{"text":"Geral-MAT\u00c9RIA","link":"https:\/\/www.jornalja.com.br\/geral\/category\/geral\/"},"img":{"alt_text":"","src":"https:\/\/i0.wp.com\/www.jornalja.com.br\/geral\/wp-content\/uploads\/sites\/4\/2020\/12\/fome-nas-favelas.jpg?resize=350%2C200&ssl=1","width":350,"height":200,"srcset":"https:\/\/i0.wp.com\/www.jornalja.com.br\/geral\/wp-content\/uploads\/sites\/4\/2020\/12\/fome-nas-favelas.jpg?resize=350%2C200&ssl=1 1x, https:\/\/i0.wp.com\/www.jornalja.com.br\/geral\/wp-content\/uploads\/sites\/4\/2020\/12\/fome-nas-favelas.jpg?resize=525%2C300&ssl=1 1.5x, https:\/\/i0.wp.com\/www.jornalja.com.br\/geral\/wp-content\/uploads\/sites\/4\/2020\/12\/fome-nas-favelas.jpg?resize=700%2C400&ssl=1 2x, https:\/\/i0.wp.com\/www.jornalja.com.br\/geral\/wp-content\/uploads\/sites\/4\/2020\/12\/fome-nas-favelas.jpg?resize=1050%2C600&ssl=1 3x"},"classes":[]},{"id":95774,"url":"https:\/\/www.jornalja.com.br\/geral\/inflacao-cai-pelo-4-mes-consecutivo-e-teve-taxa-negativa-em-junho\/","url_meta":{"origin":99772,"position":3},"title":"Em queda pelo 4\u00b0 m\u00eas consecutivo, infla\u00e7\u00e3o teve taxa negativa em junho","author":"da Reda\u00e7\u00e3o","date":"11 de julho de 2023","format":false,"excerpt":"A infla\u00e7\u00e3o oficial - calculada pelo IBGE (Instituto Brasileiro de Geografia e Estat\u00edstica) - ficou em -0,08%. \u00c9 a primeira vez no ano que a infla\u00e7\u00e3o fica abaixo de zero. Esse \u00e9 tamb\u00e9m o menor resultado do \u00cdndice Nacional de Pre\u00e7os ao Consumidor Amplo (IPCA \u2013 a infla\u00e7\u00e3o oficial do\u2026","rel":"","context":"Em &quot;Geral-MAT\u00c9RIA&quot;","block_context":{"text":"Geral-MAT\u00c9RIA","link":"https:\/\/www.jornalja.com.br\/geral\/category\/geral\/"},"img":{"alt_text":"","src":"https:\/\/i0.wp.com\/www.jornalja.com.br\/geral\/wp-content\/uploads\/sites\/4\/2023\/07\/governo-lula-inflacao.jpg?resize=350%2C200&ssl=1","width":350,"height":200,"srcset":"https:\/\/i0.wp.com\/www.jornalja.com.br\/geral\/wp-content\/uploads\/sites\/4\/2023\/07\/governo-lula-inflacao.jpg?resize=350%2C200&ssl=1 1x, https:\/\/i0.wp.com\/www.jornalja.com.br\/geral\/wp-content\/uploads\/sites\/4\/2023\/07\/governo-lula-inflacao.jpg?resize=525%2C300&ssl=1 1.5x, https:\/\/i0.wp.com\/www.jornalja.com.br\/geral\/wp-content\/uploads\/sites\/4\/2023\/07\/governo-lula-inflacao.jpg?resize=700%2C400&ssl=1 2x, https:\/\/i0.wp.com\/www.jornalja.com.br\/geral\/wp-content\/uploads\/sites\/4\/2023\/07\/governo-lula-inflacao.jpg?resize=1050%2C600&ssl=1 3x"},"classes":[]},{"id":85692,"url":"https:\/\/www.jornalja.com.br\/geral\/a-fome-nao-espera-campanha-arrecada-doacoes-para-distribuir-cestas-basicas\/","url_meta":{"origin":99772,"position":4},"title":"A fome n\u00e3o espera: campanha arrecada doa\u00e7\u00f5es para distribuir cestas b\u00e1sicas","author":"da Reda\u00e7\u00e3o","date":"16 de setembro de 2020","format":false,"excerpt":"O Comit\u00ea em Defesa da Democracia e do Estado Democr\u00e1tico de Direito\u00a0 est\u00e1 realizando a campanha A fome n\u00e3o espera, para adquirir cestas b\u00e1sicas a serem destinadas a comunidades em situa\u00e7\u00e3o social prec\u00e1ria durante a pandemia do coronav\u00edrus. Desde mar\u00e7o, cestas b\u00e1sicas v\u00eam sendo entregues mensalmente a diferentes comunidades. Foram\u2026","rel":"","context":"Em &quot;Geral-MAT\u00c9RIA&quot;","block_context":{"text":"Geral-MAT\u00c9RIA","link":"https:\/\/www.jornalja.com.br\/geral\/category\/geral\/"},"img":{"alt_text":"","src":"https:\/\/i0.wp.com\/www.jornalja.com.br\/geral\/wp-content\/uploads\/sites\/4\/2020\/09\/fome-comite.jpg?resize=350%2C200&ssl=1","width":350,"height":200,"srcset":"https:\/\/i0.wp.com\/www.jornalja.com.br\/geral\/wp-content\/uploads\/sites\/4\/2020\/09\/fome-comite.jpg?resize=350%2C200&ssl=1 1x, https:\/\/i0.wp.com\/www.jornalja.com.br\/geral\/wp-content\/uploads\/sites\/4\/2020\/09\/fome-comite.jpg?resize=525%2C300&ssl=1 1.5x"},"classes":[]},{"id":94624,"url":"https:\/\/www.jornalja.com.br\/geral\/efeito-guedes-em-tres-anos-salarios-tiveram-197-de-reajuste-os-alimentos-subiram-415\/","url_meta":{"origin":99772,"position":5},"title":"Efeito Guedes: em tr\u00eas anos sal\u00e1rios tiveram 19,7% de reajuste, os alimentos subiram 41,5%","author":"da Reda\u00e7\u00e3o","date":"23 de dezembro de 2022","format":false,"excerpt":"Nos \u00faltimos tr\u00eas anos a renda dos trabalhadores brasileiros vem sendo corro\u00edda pela escalada de pre\u00e7os. Mesmo quando os sal\u00e1rios s\u00e3o reajustados pela infla\u00e7\u00e3o, a defasagem continua, porque os alimentos t\u00eam subido acima dela desde a pandemia. \u00c9 o que constata uma longa e detalhada mat\u00e9ria do g1 publicada nesta\u2026","rel":"","context":"Em &quot;Geral-MAT\u00c9RIA&quot;","block_context":{"text":"Geral-MAT\u00c9RIA","link":"https:\/\/www.jornalja.com.br\/geral\/category\/geral\/"},"img":{"alt_text":"","src":"https:\/\/i0.wp.com\/www.jornalja.com.br\/geral\/wp-content\/uploads\/sites\/4\/2022\/12\/alimentos-subiram-o-dobro-da-inflacao.jpeg?resize=350%2C200&ssl=1","width":350,"height":200,"srcset":"https:\/\/i0.wp.com\/www.jornalja.com.br\/geral\/wp-content\/uploads\/sites\/4\/2022\/12\/alimentos-subiram-o-dobro-da-inflacao.jpeg?resize=350%2C200&ssl=1 1x, https:\/\/i0.wp.com\/www.jornalja.com.br\/geral\/wp-content\/uploads\/sites\/4\/2022\/12\/alimentos-subiram-o-dobro-da-inflacao.jpeg?resize=525%2C300&ssl=1 1.5x, https:\/\/i0.wp.com\/www.jornalja.com.br\/geral\/wp-content\/uploads\/sites\/4\/2022\/12\/alimentos-subiram-o-dobro-da-inflacao.jpeg?resize=700%2C400&ssl=1 2x"},"classes":[]}],"jetpack_sharing_enabled":true,"_links":{"self":[{"href":"https:\/\/www.jornalja.com.br\/geral\/wp-json\/wp\/v2\/posts\/99772","targetHints":{"allow":["GET"]}}],"collection":[{"href":"https:\/\/www.jornalja.com.br\/geral\/wp-json\/wp\/v2\/posts"}],"about":[{"href":"https:\/\/www.jornalja.com.br\/geral\/wp-json\/wp\/v2\/types\/post"}],"author":[{"embeddable":true,"href":"https:\/\/www.jornalja.com.br\/geral\/wp-json\/wp\/v2\/users\/4"}],"replies":[{"embeddable":true,"href":"https:\/\/www.jornalja.com.br\/geral\/wp-json\/wp\/v2\/comments?post=99772"}],"version-history":[{"count":3,"href":"https:\/\/www.jornalja.com.br\/geral\/wp-json\/wp\/v2\/posts\/99772\/revisions"}],"predecessor-version":[{"id":99776,"href":"https:\/\/www.jornalja.com.br\/geral\/wp-json\/wp\/v2\/posts\/99772\/revisions\/99776"}],"wp:featuredmedia":[{"embeddable":true,"href":"https:\/\/www.jornalja.com.br\/geral\/wp-json\/wp\/v2\/media\/99773"}],"wp:attachment":[{"href":"https:\/\/www.jornalja.com.br\/geral\/wp-json\/wp\/v2\/media?parent=99772"}],"wp:term":[{"taxonomy":"category","embeddable":true,"href":"https:\/\/www.jornalja.com.br\/geral\/wp-json\/wp\/v2\/categories?post=99772"},{"taxonomy":"post_tag","embeddable":true,"href":"https:\/\/www.jornalja.com.br\/geral\/wp-json\/wp\/v2\/tags?post=99772"}],"curies":[{"name":"wp","href":"https:\/\/api.w.org\/{rel}","templated":true}]}}