{"id":99890,"date":"2025-09-16T00:34:34","date_gmt":"2025-09-16T03:34:34","guid":{"rendered":"https:\/\/www.jornalja.com.br\/geral\/?p=99890"},"modified":"2025-10-03T19:34:15","modified_gmt":"2025-10-03T22:34:15","slug":"passo-fundo-onde-lula-foi-bloqueado-bate-recorde-vendendo-soja-para-a-china","status":"publish","type":"post","link":"https:\/\/www.jornalja.com.br\/geral\/passo-fundo-onde-lula-foi-bloqueado-bate-recorde-vendendo-soja-para-a-china\/","title":{"rendered":"Passo Fundo, onde Lula foi bloqueado, bate recorde em vendas de soja para a China"},"content":{"rendered":"<p>Em sua maioria identificados com Trump, os sojicultores ga\u00fachos n\u00e3o temem o tarifa\u00e7o. Forram o poncho exportando para\u00a0 a China\u00a0 comunista &#8211; o &#8220;C&#8221; do Brics.<\/p>\n<p>Em agosto de 2025, Passo Fundo foi o munic\u00edpio ga\u00facho que mais exportou. Com apenas uma commodity, soja, faturou 17% das vendas externas do Estado.<\/p>\n<p>Dos US$ 344,6 milh\u00f5es vendidos no m\u00eas, US$ 320,1 milh\u00f5es vieram da soja (92,9%). Derivados e res\u00edduos do \u00f3leo de soja renderam mais 2,3%. Arroz, 2,2%.<\/p>\n<p>Dos US$ 344,6 milh\u00f5es vendidos no m\u00eas pelo agro passo-fundense, 86,9 % foram compras da China, 6,3% da Espanha e 2,3% da Venezuela.<\/p>\n<p>\u201cO terceiro melhor agosto da hist\u00f3ria\u201d, depois de 2022 e 2023. A China comprou metade das exporta\u00e7\u00f5es do Estado em agosto.<\/p>\n<p>Em 2018, sojicultores de Passo Fundo foram not\u00edcia nacional por terem impedido Lula de entrar na cidade, bloqueando o acesso com seus tratores.<\/p>\n<p>L\u00e1 Bolsonaro recebeu 64,29% dos votos v\u00e1lidos, no pa\u00eds foi eleito com 55,13%.<\/p>\n<p>&nbsp;<\/p>\n<p>&nbsp;<\/p>\n<p>&nbsp;<\/p>\n<p>&nbsp;<\/p>\n","protected":false},"excerpt":{"rendered":"<p>Em sua maioria identificados com Trump, os sojicultores ga\u00fachos n\u00e3o temem o tarifa\u00e7o. Forram o poncho exportando para\u00a0 a China\u00a0 comunista &#8211; o &#8220;C&#8221; do Brics. Em agosto de 2025, Passo Fundo foi o munic\u00edpio ga\u00facho que mais exportou. Com apenas uma commodity, soja, faturou 17% das vendas externas do Estado. Dos US$ 344,6 milh\u00f5es [&hellip;]<\/p>\n","protected":false},"author":4,"featured_media":99894,"comment_status":"closed","ping_status":"open","sticky":false,"template":"","format":"standard","meta":{"jetpack_post_was_ever_published":false,"_jetpack_newsletter_access":"","_jetpack_dont_email_post_to_subs":false,"_jetpack_newsletter_tier_id":0,"_jetpack_memberships_contains_paywalled_content":false,"_jetpack_memberships_contains_paid_content":false,"footnotes":"","jetpack_publicize_message":"","jetpack_publicize_feature_enabled":true,"jetpack_social_post_already_shared":true,"jetpack_social_options":{"image_generator_settings":{"template":"highway","default_image_id":0,"font":"","enabled":false},"version":2}},"categories":[2],"tags":[],"class_list":["post-99890","post","type-post","status-publish","format-standard","has-post-thumbnail","hentry","category-geral"],"aioseo_notices":[],"jetpack_publicize_connections":[],"jetpack_featured_media_url":"https:\/\/www.jornalja.com.br\/geral\/wp-content\/uploads\/sites\/4\/2025\/09\/lula-bloqeio-em-passo-fundo-essa.jpg","jetpack_shortlink":"https:\/\/wp.me\/pbKhrD-pZ8","jetpack-related-posts":[{"id":92232,"url":"https:\/\/www.jornalja.com.br\/geral\/exportacoes-da-industria-crescem-43-em-marco-ja-sao-16-meses-consecutivos-de-alta\/","url_meta":{"origin":99890,"position":0},"title":"Industria ga\u00facha exportou U$ 1,4 bi em mar\u00e7o; j\u00e1 s\u00e3o 16 meses consecutivos de alta","author":"da Reda\u00e7\u00e3o","date":"14 de abril de 2022","format":false,"excerpt":"A ind\u00fastria do Rio Grande do Sul exportou US$ 1,4 bilh\u00e3o em mar\u00e7o, valor 43,8% maior do que o obtido no mesmo m\u00eas de 2021. J\u00e1 s\u00e3o 16 meses consecutivos de crescimento, desde desde dezembro de 2020. Considerando os tr\u00eas primeiros meses de 2022, as exporta\u00e7\u00f5es industriais somaram US$ 3,9\u2026","rel":"","context":"Em &quot;Geral-MAT\u00c9RIA&quot;","block_context":{"text":"Geral-MAT\u00c9RIA","link":"https:\/\/www.jornalja.com.br\/geral\/category\/geral\/"},"img":{"alt_text":"","src":"https:\/\/i0.wp.com\/www.jornalja.com.br\/geral\/wp-content\/uploads\/sites\/4\/2022\/04\/exportacoes-crescem.jpg?resize=350%2C200&ssl=1","width":350,"height":200},"classes":[]},{"id":99934,"url":"https:\/\/www.jornalja.com.br\/geral\/soja-do-brasil-vira-arma-na-guerra-comercial-entre-china-e-estados-unidos\/","url_meta":{"origin":99890,"position":1},"title":"Soja do Brasil vira arma na guerra comercial entre China e Estados Unidos","author":"da Reda\u00e7\u00e3o","date":"26 de setembro de 2025","format":false,"excerpt":"Os produtores de soja dos Estados Unidos exportaram\u00a0 12,6 bilh\u00f5es de d\u00f3lares para a China no ano passado. Este ano, a safra de outono em todo o pa\u00eds est\u00e1 em andamento, cerca de 10% j\u00e1 est\u00e3o colhidos e os compradores chineses n\u00e3o apareceram. \"O pa\u00eds que comprou 52% de todas\u2026","rel":"","context":"Em &quot;Geral-MAT\u00c9RIA&quot;","block_context":{"text":"Geral-MAT\u00c9RIA","link":"https:\/\/www.jornalja.com.br\/geral\/category\/geral\/"},"img":{"alt_text":"","src":"https:\/\/i0.wp.com\/www.jornalja.com.br\/geral\/wp-content\/uploads\/sites\/4\/2022\/06\/supersafra.jpg?resize=350%2C200&ssl=1","width":350,"height":200,"srcset":"https:\/\/i0.wp.com\/www.jornalja.com.br\/geral\/wp-content\/uploads\/sites\/4\/2022\/06\/supersafra.jpg?resize=350%2C200&ssl=1 1x, https:\/\/i0.wp.com\/www.jornalja.com.br\/geral\/wp-content\/uploads\/sites\/4\/2022\/06\/supersafra.jpg?resize=525%2C300&ssl=1 1.5x, https:\/\/i0.wp.com\/www.jornalja.com.br\/geral\/wp-content\/uploads\/sites\/4\/2022\/06\/supersafra.jpg?resize=700%2C400&ssl=1 2x, https:\/\/i0.wp.com\/www.jornalja.com.br\/geral\/wp-content\/uploads\/sites\/4\/2022\/06\/supersafra.jpg?resize=1050%2C600&ssl=1 3x"},"classes":[]},{"id":100627,"url":"https:\/\/www.jornalja.com.br\/geral\/fiergs-preve-expansao-do-pib-e-do-emprego-com-acordo-mercosul-uniao-europeia\/","url_meta":{"origin":99890,"position":2},"title":"Fiergs prev\u00ea expans\u00e3o do PIB e do emprego com acordo Mercosul-Uni\u00e3o Europeia","author":"da Reda\u00e7\u00e3o","date":"19 de janeiro de 2026","format":false,"excerpt":"Presidente Claudio Bier aposta no aumento no fluxo de com\u00e9rcio entre as duas regi\u00f5es; entidade estima alta de 4,6% do PIB ga\u00facho em 15 anos e gera\u00e7\u00e3o de 31 mil empregos. O acordo entre Mercosul e Uni\u00e3o Europeia, assinado neste s\u00e1bado (17), no Paraguai, \u00e9 \"um avan\u00e7o importante\", segundo a\u2026","rel":"","context":"Em &quot;Geral-MAT\u00c9RIA&quot;","block_context":{"text":"Geral-MAT\u00c9RIA","link":"https:\/\/www.jornalja.com.br\/geral\/category\/geral\/"},"img":{"alt_text":"","src":"https:\/\/i0.wp.com\/www.jornalja.com.br\/geral\/wp-content\/uploads\/sites\/4\/2026\/01\/fiergs.jpg?resize=350%2C200&ssl=1","width":350,"height":200,"srcset":"https:\/\/i0.wp.com\/www.jornalja.com.br\/geral\/wp-content\/uploads\/sites\/4\/2026\/01\/fiergs.jpg?resize=350%2C200&ssl=1 1x, https:\/\/i0.wp.com\/www.jornalja.com.br\/geral\/wp-content\/uploads\/sites\/4\/2026\/01\/fiergs.jpg?resize=525%2C300&ssl=1 1.5x, https:\/\/i0.wp.com\/www.jornalja.com.br\/geral\/wp-content\/uploads\/sites\/4\/2026\/01\/fiergs.jpg?resize=700%2C400&ssl=1 2x"},"classes":[]},{"id":99682,"url":"https:\/\/www.jornalja.com.br\/geral\/um-mes-do-tarifaco-brasil-tem-superavit-de-u-63-bilhoes-em-agosto\/","url_meta":{"origin":99890,"position":3},"title":"Um m\u00eas do tarifa\u00e7o: Brasil tem super\u00e1vit de U$ 6,3 bilh\u00f5es em agosto","author":"Elmar Bones","date":"5 de setembro de 2025","format":false,"excerpt":"Apesar do tarifa\u00e7o de Trump, que reduziu em 18,5% as vendas para os Estados Unidos, o Brasil teve um ganho de US$ 6,133 bilh\u00f5es no com\u00e9rcio com outros pa\u00edses neste agosto de 2025, segundo dados oficiais divulgados hoje (4\/9). Foram US$ 29,861 bilh\u00f5es exportados e US$ 23,728 bilh\u00f5es em importa\u00e7\u00f5es.\u2026","rel":"","context":"Em &quot;Geral-MAT\u00c9RIA&quot;","block_context":{"text":"Geral-MAT\u00c9RIA","link":"https:\/\/www.jornalja.com.br\/geral\/category\/geral\/"},"img":{"alt_text":"","src":"https:\/\/i0.wp.com\/www.jornalja.com.br\/geral\/wp-content\/uploads\/sites\/4\/2025\/09\/tarifaco-exportacoes-agosto.png?resize=350%2C200&ssl=1","width":350,"height":200,"srcset":"https:\/\/i0.wp.com\/www.jornalja.com.br\/geral\/wp-content\/uploads\/sites\/4\/2025\/09\/tarifaco-exportacoes-agosto.png?resize=350%2C200&ssl=1 1x, https:\/\/i0.wp.com\/www.jornalja.com.br\/geral\/wp-content\/uploads\/sites\/4\/2025\/09\/tarifaco-exportacoes-agosto.png?resize=525%2C300&ssl=1 1.5x"},"classes":[]},{"id":98956,"url":"https:\/\/www.jornalja.com.br\/geral\/china-investira-r-27-bilhoes-no-brasil\/","url_meta":{"origin":99890,"position":4},"title":"China investir\u00e1 R$ 27 bilh\u00f5es no Brasil","author":"S\u00e9rgio Lagranha","date":"13 de maio de 2025","format":false,"excerpt":"O presidente Luiz In\u00e1cio Lula da Silva anunciou que a China investir\u00e1\u00a0 R$ 27 bilh\u00f5es no Brasil. Com foco espec\u00edfico em infraestrutura,\u00a0 tecnologia e investimentos tamb\u00e9m no setor de educa\u00e7\u00e3o, pois ser\u00e1 necess\u00e1ria ampla capacita\u00e7\u00e3o de profissionais. Lula est\u00e1 em visita oficial a Pequim, onde participou do F\u00f3rum Empresarial Brasil-China,\u2026","rel":"","context":"Em &quot;Geral-MAT\u00c9RIA&quot;","block_context":{"text":"Geral-MAT\u00c9RIA","link":"https:\/\/www.jornalja.com.br\/geral\/category\/geral\/"},"img":{"alt_text":"","src":"","width":0,"height":0},"classes":[]},{"id":96005,"url":"https:\/\/www.jornalja.com.br\/geral\/safra-de-graos-no-brasil-feijao-cresce-26-arroz-cai-milho-e-soja-batem-recorde\/","url_meta":{"origin":99890,"position":5},"title":"Safra de gr\u00e3os no Brasil: feij\u00e3o cresce 2,6%, arroz cai, milho e soja batem recorde","author":"da Reda\u00e7\u00e3o","date":"10 de agosto de 2023","format":false,"excerpt":"O governo Lula divulgou nesta quinta-feira a estimativa para a produ\u00e7\u00e3o de gr\u00e3os - soja, milho, trigo, arroz, feij\u00e3o - na safra 2022\/23. O total chega a 320,1 milh\u00f5es de toneladas, crescimento\u00a0 de 17,4%, ou seja: 47,4 milh\u00f5es de toneladas a mais que o volume colhido no ciclo passado. Os\u2026","rel":"","context":"Em &quot;Geral-MAT\u00c9RIA&quot;","block_context":{"text":"Geral-MAT\u00c9RIA","link":"https:\/\/www.jornalja.com.br\/geral\/category\/geral\/"},"img":{"alt_text":"","src":"https:\/\/i0.wp.com\/www.jornalja.com.br\/geral\/wp-content\/uploads\/sites\/4\/2022\/06\/supersafra.jpg?resize=350%2C200&ssl=1","width":350,"height":200,"srcset":"https:\/\/i0.wp.com\/www.jornalja.com.br\/geral\/wp-content\/uploads\/sites\/4\/2022\/06\/supersafra.jpg?resize=350%2C200&ssl=1 1x, https:\/\/i0.wp.com\/www.jornalja.com.br\/geral\/wp-content\/uploads\/sites\/4\/2022\/06\/supersafra.jpg?resize=525%2C300&ssl=1 1.5x, https:\/\/i0.wp.com\/www.jornalja.com.br\/geral\/wp-content\/uploads\/sites\/4\/2022\/06\/supersafra.jpg?resize=700%2C400&ssl=1 2x, https:\/\/i0.wp.com\/www.jornalja.com.br\/geral\/wp-content\/uploads\/sites\/4\/2022\/06\/supersafra.jpg?resize=1050%2C600&ssl=1 3x"},"classes":[]}],"jetpack_sharing_enabled":true,"_links":{"self":[{"href":"https:\/\/www.jornalja.com.br\/geral\/wp-json\/wp\/v2\/posts\/99890","targetHints":{"allow":["GET"]}}],"collection":[{"href":"https:\/\/www.jornalja.com.br\/geral\/wp-json\/wp\/v2\/posts"}],"about":[{"href":"https:\/\/www.jornalja.com.br\/geral\/wp-json\/wp\/v2\/types\/post"}],"author":[{"embeddable":true,"href":"https:\/\/www.jornalja.com.br\/geral\/wp-json\/wp\/v2\/users\/4"}],"replies":[{"embeddable":true,"href":"https:\/\/www.jornalja.com.br\/geral\/wp-json\/wp\/v2\/comments?post=99890"}],"version-history":[{"count":4,"href":"https:\/\/www.jornalja.com.br\/geral\/wp-json\/wp\/v2\/posts\/99890\/revisions"}],"predecessor-version":[{"id":99896,"href":"https:\/\/www.jornalja.com.br\/geral\/wp-json\/wp\/v2\/posts\/99890\/revisions\/99896"}],"wp:featuredmedia":[{"embeddable":true,"href":"https:\/\/www.jornalja.com.br\/geral\/wp-json\/wp\/v2\/media\/99894"}],"wp:attachment":[{"href":"https:\/\/www.jornalja.com.br\/geral\/wp-json\/wp\/v2\/media?parent=99890"}],"wp:term":[{"taxonomy":"category","embeddable":true,"href":"https:\/\/www.jornalja.com.br\/geral\/wp-json\/wp\/v2\/categories?post=99890"},{"taxonomy":"post_tag","embeddable":true,"href":"https:\/\/www.jornalja.com.br\/geral\/wp-json\/wp\/v2\/tags?post=99890"}],"curies":[{"name":"wp","href":"https:\/\/api.w.org\/{rel}","templated":true}]}}