{"id":99964,"date":"2025-10-04T07:17:53","date_gmt":"2025-10-04T10:17:53","guid":{"rendered":"https:\/\/www.jornalja.com.br\/geral\/?p=99964"},"modified":"2025-10-04T07:18:38","modified_gmt":"2025-10-04T10:18:38","slug":"enem-2025-nova-edicao-da-cartilha-de-redacao-ja-esta-disponivel","status":"publish","type":"post","link":"https:\/\/www.jornalja.com.br\/geral\/enem-2025-nova-edicao-da-cartilha-de-redacao-ja-esta-disponivel\/","title":{"rendered":"ENEM 2025: nova edi\u00e7\u00e3o da Cartilha de Reda\u00e7\u00e3o j\u00e1 est\u00e1 dispon\u00edvel"},"content":{"rendered":"<p>O Instituto Nacional de Estudos e Pesquisas Educacionais An\u00edsio Teixeira (Inep) publicou a nova edi\u00e7\u00e3o da cartilha A Reda\u00e7\u00e3o do Enem 2025 \u2013 Cartilha do Participante.<\/p>\n<p>A publica\u00e7\u00e3o traz informa\u00e7\u00f5es importantes, como os crit\u00e9rios de avalia\u00e7\u00e3o da prova (matriz de refer\u00eancia) e amostras comentadas de reda\u00e7\u00f5es que tiraram notas altas no Enem 2024, e que podem servir de exemplo para os novos participantes.<\/p>\n<p>A reda\u00e7\u00e3o do Enem em l\u00edngua portuguesa ser\u00e1 aplicada no primeiro dia de provas, em 9 de novembro. A nota varia de 0 a 1 mil pontos e obedecer\u00e1 \u00e0 Matriz de Refer\u00eancia do Exame, apresentada na Cartilha do Participante.<\/p>\n<p><strong>Reda\u00e7\u00e3o<\/strong><br \/>\nNa reda\u00e7\u00e3o do Enem, os participantes precisar\u00e3o escrever um texto dissertativo-argumentativo, com at\u00e9 30 linhas, a partir da situa\u00e7\u00e3o-problema proposta, dos textos motivadores e dos conhecimentos constru\u00eddos ao longo da forma\u00e7\u00e3o.<\/p>\n<p>A cartilha explica que o tema da reda\u00e7\u00e3o ser\u00e1 de ordem social, cient\u00edfica, cultural ou pol\u00edtica.<\/p>\n<p>O projeto de texto, com informa\u00e7\u00f5es, fatos e opini\u00f5es relacionados ao tema proposto, dever\u00e1 defender um ponto de vista &#8211; uma opini\u00e3o a respeito do tema proposto -, apoiada em argumentos consistentes, estruturados com coer\u00eancia.<\/p>\n<p>Na pr\u00e1tica, a reda\u00e7\u00e3o do Enem \u00e9 mais do que uma simples exposi\u00e7\u00e3o de ideias. O candidato, claramente, assume um ponto de vista. Para tanto, o participante do Enem dever\u00e1 selecionar, organizar e relacionar, tamb\u00e9m de forma coesa, os argumentos e fatos para a defesa do seu ponto de vista.<\/p>\n<p>Adicionalmente, o candidato tamb\u00e9m dever\u00e1 elaborar uma proposta de interven\u00e7\u00e3o social (solu\u00e7\u00e3o) para o problema apresentado no desenvolvimento do texto. Essa proposta deve respeitar os direitos humanos. Propostas que desrespeitem os direitos humanos receber\u00e3o nota zero.\u00a0Constituem desrespeito aos direitos humanos propostas que, por exemplo, incitem as pessoas \u00e0 viol\u00eancia ou tenham refer\u00eancias racistas.<\/p>\n<p>Os participantes devem ficar atentos \u00e0s cinco compet\u00eancias que ser\u00e3o exigidas no texto:<\/p>\n<p>dom\u00ednio da modalidade escrita formal da l\u00edngua portuguesa;<br \/>\naplica\u00e7\u00e3o de conceitos das v\u00e1rias \u00e1reas de conhecimento, tamb\u00e9m chamado de repert\u00f3rio sociocultural, tenham rela\u00e7\u00e3o com o tema proposto para desenvolver o texto dissertativo-argumentativo em prosa.<br \/>\norganiza\u00e7\u00e3o das informa\u00e7\u00f5es, dos fatos e argumentos em defesa de um ponto de vista;<br \/>\nconhecimento dos mecanismos lingu\u00edsticos necess\u00e1rios para a constru\u00e7\u00e3o da argumenta\u00e7\u00e3o;<br \/>\nproposta de interven\u00e7\u00e3o (solu\u00e7\u00e3o) para o problema abordado.<br \/>\nSomente ser\u00e3o corrigidas as reda\u00e7\u00f5es transcritas para a folha de reda\u00e7\u00e3o oficial da prova do Enem.<\/p>\n<p>Cada reda\u00e7\u00e3o ser\u00e1 corrigida por dois corretores, com gradua\u00e7\u00e3o em letras ou lingu\u00edstica, de forma independente, sem que uma conhe\u00e7a a nota atribu\u00edda pela outra.<\/p>\n<p>Os corretores atribuir\u00e3o uma nota de 0 a 200 pontos em cada uma das cinco compet\u00eancias. A soma desses pontos comp\u00f5e a nota total atribu\u00edda por avaliador, que pode chegar a 1 mil pontos. A nota final do participante ser\u00e1 a m\u00e9dia aritm\u00e9tica entre as notas totais atribu\u00eddas pelos dois avaliadores.<\/p>\n<p>Em 2026, em data a ser divulgada posteriormente, o participante poder\u00e1 ter acesso \u00e0 vista de sua prova de reda\u00e7\u00e3o, exclusivamente, para fins pedag\u00f3gicos, ap\u00f3s a divulga\u00e7\u00e3o do resultado, previsto para janeiro do pr\u00f3ximo ano.<\/p>\n<p><strong>Nota zero<\/strong><br \/>\nEntre os crit\u00e9rios previstos no\u00a0edital\u00a0do Enem 2024 que resultam na nota zero na reda\u00e7\u00e3o, est\u00e3o:<\/p>\n<p>fuga ao tema proposto;<br \/>\naus\u00eancia de texto na folha de reda\u00e7\u00e3o;<br \/>\ntexto insuficiente, com at\u00e9 sete linhas manuscritas;<br \/>\ntexto escrito predominantemente ou integralmente em l\u00edngua estrangeira;<br \/>\nnome, assinatura, rubrica ou qualquer outra forma de identifica\u00e7\u00e3o, em qualquer parte da folha de reda\u00e7\u00e3o;<br \/>\ndesobedi\u00eancia \u00e0 estrutura dissertativo-argumentativa;<br \/>\ne desrespeito \u00e0 seriedade do exame, com palavr\u00f5es, desenhos e outras formas propositais de anula\u00e7\u00e3o.<br \/>\nReda\u00e7\u00f5es<br \/>\nPara a cartilha, Inep selecionou e comentou algumas reda\u00e7\u00f5es de estudantes das cinco regi\u00f5es do pa\u00eds que receberam boas notas na edi\u00e7\u00e3o de 2024 do Enem por terem cumprido as exig\u00eancias relativas \u00e0s cinco compet\u00eancias.<\/p>\n<p>Essas reda\u00e7\u00f5es cont\u00eam, em sua maioria, repert\u00f3rios socioculturais pertinentes \u00e0s discuss\u00f5es propostas, com destaque para a coer\u00eancia argumentativa, sobretudo no que se refere \u00e0 sele\u00e7\u00e3o do repert\u00f3rio sociocultural.<\/p>\n<p>Nesses textos, foram mencionados, por exemplo, pensadores(as), fatos hist\u00f3ricos, letras de can\u00e7\u00f5es, bandas musicais, todos articulados com a tem\u00e1tica.<\/p>\n<p>Por serem textos do tipo dissertativo-argumentativo, as reda\u00e7\u00f5es selecionadas t\u00eam organizada no texto a defesa de um ponto de vista e, ainda, se destacam pelas propostas de solu\u00e7\u00e3o do problema apresentada na proposta da reda\u00e7\u00e3o.<\/p>\n<p>Enem 2025<br \/>\nUm total de 4.811.338 candidatos confirmaram a inscri\u00e7\u00e3o para o Exame Nacional do Ensino M\u00e9dio neste ano. Segundo o Minist\u00e9rio da Educa\u00e7\u00e3o, o n\u00famero representa um aumento de 11,22% em rela\u00e7\u00e3o ao ano passado e de 38% em rela\u00e7\u00e3o a 2022. \u200b\u200b<\/p>\n<p>\u200bAs provas do Enem 2025 ser\u00e3o aplicadas nos dias 9 e 16 de novembro, em quase todo o pa\u00eds.\u00a0As exce\u00e7\u00f5es s\u00e3o os munic\u00edpios de Bel\u00e9m, Ananindeua e Marituba, no Par\u00e1, devido \u00e0 realiza\u00e7\u00e3o da 30\u00aa Confer\u00eancia das Partes da Conven\u00e7\u00e3o-Quadro das Na\u00e7\u00f5es Unidas sobre Mudan\u00e7a do Clima (COP30), em Bel\u00e9m, de 10 a 21 de novembro.<\/p>\n<p>Nas tr\u00eas cidades paraenses, os candidatos far\u00e3o as provas nos dias 30 de novembro e 7 de dezembro.<\/p>\n<p>(<strong>Com informa\u00e7\u00f5es da Ag\u00eancia Brasil)<\/strong><\/p>\n","protected":false},"excerpt":{"rendered":"<p>O Instituto Nacional de Estudos e Pesquisas Educacionais An\u00edsio Teixeira (Inep) publicou a nova edi\u00e7\u00e3o da cartilha A Reda\u00e7\u00e3o do Enem 2025 \u2013 Cartilha do Participante. A publica\u00e7\u00e3o traz informa\u00e7\u00f5es importantes, como os crit\u00e9rios de avalia\u00e7\u00e3o da prova (matriz de refer\u00eancia) e amostras comentadas de reda\u00e7\u00f5es que tiraram notas altas no Enem 2024, e que [&hellip;]<\/p>\n","protected":false},"author":4,"featured_media":99965,"comment_status":"closed","ping_status":"open","sticky":false,"template":"","format":"standard","meta":{"jetpack_post_was_ever_published":false,"_jetpack_newsletter_access":"","_jetpack_dont_email_post_to_subs":false,"_jetpack_newsletter_tier_id":0,"_jetpack_memberships_contains_paywalled_content":false,"_jetpack_memberships_contains_paid_content":false,"footnotes":"","jetpack_publicize_message":"","jetpack_publicize_feature_enabled":true,"jetpack_social_post_already_shared":true,"jetpack_social_options":{"image_generator_settings":{"template":"highway","default_image_id":0,"font":"","enabled":false},"version":2}},"categories":[2],"tags":[],"class_list":["post-99964","post","type-post","status-publish","format-standard","has-post-thumbnail","hentry","category-geral"],"aioseo_notices":[],"jetpack_publicize_connections":[],"jetpack_featured_media_url":"https:\/\/www.jornalja.com.br\/geral\/wp-content\/uploads\/sites\/4\/2025\/10\/enem.png","jetpack_shortlink":"https:\/\/wp.me\/pbKhrD-q0k","jetpack-related-posts":[{"id":98084,"url":"https:\/\/www.jornalja.com.br\/geral\/mais-de-quatro-milhoes-de-candidatos-enfrentam-a-prova-mais-dificil-do-enem\/","url_meta":{"origin":99964,"position":0},"title":"Mais de quatro milh\u00f5es de candidatos enfrentam a prova mais dificil do Enem","author":"da Reda\u00e7\u00e3o","date":"1 de novembro de 2024","format":false,"excerpt":"A prova de reda\u00e7\u00e3o do Exame Nacional do Ensino M\u00e9dio (Enem) \u00e9 uma das que mais preocupam os candidatos. O tema s\u00f3 \u00e9 revelado no momento de abertura do caderno de provas, na tarde do pr\u00f3ximo domingo (3). A reda\u00e7\u00e3o equivale a 20% da nota no Enem e \u00e9 a\u2026","rel":"","context":"Em &quot;Geral-MAT\u00c9RIA&quot;","block_context":{"text":"Geral-MAT\u00c9RIA","link":"https:\/\/www.jornalja.com.br\/geral\/category\/geral\/"},"img":{"alt_text":"","src":"https:\/\/i0.wp.com\/www.jornalja.com.br\/geral\/wp-content\/uploads\/sites\/4\/2024\/11\/enem-prova-de-redacao.png?resize=350%2C200&ssl=1","width":350,"height":200,"srcset":"https:\/\/i0.wp.com\/www.jornalja.com.br\/geral\/wp-content\/uploads\/sites\/4\/2024\/11\/enem-prova-de-redacao.png?resize=350%2C200&ssl=1 1x, https:\/\/i0.wp.com\/www.jornalja.com.br\/geral\/wp-content\/uploads\/sites\/4\/2024\/11\/enem-prova-de-redacao.png?resize=525%2C300&ssl=1 1.5x"},"classes":[]},{"id":88866,"url":"https:\/\/www.jornalja.com.br\/geral\/ultimo-dia-para-pagar-o-enem-que-ja-tem-mais-de-4-milhoes-de-inscritos\/","url_meta":{"origin":99964,"position":1},"title":"Ultimo dia para pagar o ENEM que j\u00e1 tem mais de 4 milh\u00f5es de inscritos","author":"da Reda\u00e7\u00e3o","date":"19 de julho de 2021","format":false,"excerpt":"Com Ag\u00eancia Brasil Encerra nesta segunda-feira (19) o prazo para pagamento, da taxa de inscri\u00e7\u00e3o no Exame Nacional do Ensino M\u00e9dio (Enem) edi\u00e7\u00e3o 2021. O valor da taxa \u00e9 de R$ 85 e deve ser paga at\u00e9 o fim do dia. \u201cO participante deve se atentar ao hor\u00e1rio estabelecido pela\u2026","rel":"","context":"Em &quot;Geral-NOTAS&quot;","block_context":{"text":"Geral-NOTAS","link":"https:\/\/www.jornalja.com.br\/geral\/category\/geral-notas\/"},"img":{"alt_text":"","src":"","width":0,"height":0},"classes":[]},{"id":83390,"url":"https:\/\/www.jornalja.com.br\/geral\/inscricoes-para-o-enem-2020-comecam-na-segunda-feira\/","url_meta":{"origin":99964,"position":2},"title":"Inscri\u00e7\u00f5es para o Enem 2020 come\u00e7am na segunda-feira","author":"da Reda\u00e7\u00e3o","date":"10 de maio de 2020","format":false,"excerpt":"As inscri\u00e7\u00f5es para o Exame Nacional do Ensino M\u00e9dio (Enem) 2020 come\u00e7am na pr\u00f3xima segunda-feira (11) e v\u00e3o at\u00e9 o dia 22 de maio. Elas poder\u00e3o ser feitas por meio da\u00a0p\u00e1gina do Enem\u00a0na internet. Enem digital A partir deste ano o Enem ter\u00e1 duas modalidades de provas, as impressas, com\u2026","rel":"","context":"Em &quot;Geral-NOTAS&quot;","block_context":{"text":"Geral-NOTAS","link":"https:\/\/www.jornalja.com.br\/geral\/category\/geral-notas\/"},"img":{"alt_text":"","src":"","width":0,"height":0},"classes":[]},{"id":97939,"url":"https:\/\/www.jornalja.com.br\/geral\/inscritos-no-enem-confira-as-datas-e-tire-suas-duvidas\/","url_meta":{"origin":99964,"position":3},"title":"Inscritos no Enem: confira as datas e tire suas d\u00favidas","author":"da Reda\u00e7\u00e3o","date":"29 de setembro de 2024","format":false,"excerpt":"Os estudantes inscritos no Exame Nacional do Ensino M\u00e9dio (Enem) 2024 v\u00e3o conhecer os seus respectivos locais de provas na P\u00e1gina do Participante (site oficial do Enem) somente depois do dia 14 de outubro. As provas ser\u00e3o realizadas nos dias 03 e 10 de novembro para mais de 5 milh\u00f5es\u2026","rel":"","context":"Em &quot;Geral-MAT\u00c9RIA&quot;","block_context":{"text":"Geral-MAT\u00c9RIA","link":"https:\/\/www.jornalja.com.br\/geral\/category\/geral\/"},"img":{"alt_text":"","src":"https:\/\/i0.wp.com\/www.jornalja.com.br\/geral\/wp-content\/uploads\/sites\/4\/2024\/09\/enem.jpg?resize=350%2C200&ssl=1","width":350,"height":200,"srcset":"https:\/\/i0.wp.com\/www.jornalja.com.br\/geral\/wp-content\/uploads\/sites\/4\/2024\/09\/enem.jpg?resize=350%2C200&ssl=1 1x, https:\/\/i0.wp.com\/www.jornalja.com.br\/geral\/wp-content\/uploads\/sites\/4\/2024\/09\/enem.jpg?resize=525%2C300&ssl=1 1.5x, https:\/\/i0.wp.com\/www.jornalja.com.br\/geral\/wp-content\/uploads\/sites\/4\/2024\/09\/enem.jpg?resize=700%2C400&ssl=1 2x"},"classes":[]},{"id":100205,"url":"https:\/\/www.jornalja.com.br\/geral\/enem-2025-primeira-prova-no-domingo-teve-27-de-abstencao\/","url_meta":{"origin":99964,"position":4},"title":"Enem 2025: Primeira prova no domingo teve 27% de absten\u00e7\u00e3o","author":"da Reda\u00e7\u00e3o","date":"10 de novembro de 2025","format":false,"excerpt":"O primeiro dia de prova do Exame Nacional do Ensino M\u00e9dio (Enem) 2025 registrou 27% de absten\u00e7\u00e3o, percentual semelhante \u00e0 do ano passado (26,6%). Mais de 4,8 milh\u00f5es de candidatos estavam habilitados a participar do Enem. Segundo o minist\u00e9rio, houve 3.240 participantes eliminados por diferentes irregularidades. Foram eliminados candidatos que\u2026","rel":"","context":"Em &quot;Geral-MAT\u00c9RIA&quot;","block_context":{"text":"Geral-MAT\u00c9RIA","link":"https:\/\/www.jornalja.com.br\/geral\/category\/geral\/"},"img":{"alt_text":"","src":"https:\/\/i0.wp.com\/www.jornalja.com.br\/geral\/wp-content\/uploads\/sites\/4\/2025\/06\/enem-dos-concursos.jpg?resize=350%2C200&ssl=1","width":350,"height":200,"srcset":"https:\/\/i0.wp.com\/www.jornalja.com.br\/geral\/wp-content\/uploads\/sites\/4\/2025\/06\/enem-dos-concursos.jpg?resize=350%2C200&ssl=1 1x, https:\/\/i0.wp.com\/www.jornalja.com.br\/geral\/wp-content\/uploads\/sites\/4\/2025\/06\/enem-dos-concursos.jpg?resize=525%2C300&ssl=1 1.5x, https:\/\/i0.wp.com\/www.jornalja.com.br\/geral\/wp-content\/uploads\/sites\/4\/2025\/06\/enem-dos-concursos.jpg?resize=700%2C400&ssl=1 2x, https:\/\/i0.wp.com\/www.jornalja.com.br\/geral\/wp-content\/uploads\/sites\/4\/2025\/06\/enem-dos-concursos.jpg?resize=1050%2C600&ssl=1 3x"},"classes":[]},{"id":99284,"url":"https:\/\/www.jornalja.com.br\/geral\/inscricoes-abertas-enem-dos-concursos-tem-3-642-vagas-em-36-orgaos-federais\/","url_meta":{"origin":99964,"position":5},"title":"Inscri\u00e7\u00f5es abertas: Enem dos concursos tem 3.642 vagas em 36 \u00f3rg\u00e3os federais","author":"da Reda\u00e7\u00e3o","date":"30 de junho de 2025","format":false,"excerpt":"Abrem na quarta-feira, 2 de julho, as inscri\u00e7\u00f5es para a segunda edi\u00e7\u00e3o do Concurso P\u00fablico Nacional Unificado (CNU). Encerram dia 20, segundo\u00a0 informou hoje o Minist\u00e9rio da Gest\u00e3o. A taxa de inscri\u00e7\u00e3o \u00fanica, de R$ 70, pode ser paga at\u00e9 21 de julho. O edital foi publicado hoje, 30\/06. S\u00e3o\u2026","rel":"","context":"Em &quot;Geral-MAT\u00c9RIA&quot;","block_context":{"text":"Geral-MAT\u00c9RIA","link":"https:\/\/www.jornalja.com.br\/geral\/category\/geral\/"},"img":{"alt_text":"","src":"https:\/\/i0.wp.com\/www.jornalja.com.br\/geral\/wp-content\/uploads\/sites\/4\/2025\/06\/enem-dos-concursos-1.jpg?resize=350%2C200&ssl=1","width":350,"height":200,"srcset":"https:\/\/i0.wp.com\/www.jornalja.com.br\/geral\/wp-content\/uploads\/sites\/4\/2025\/06\/enem-dos-concursos-1.jpg?resize=350%2C200&ssl=1 1x, https:\/\/i0.wp.com\/www.jornalja.com.br\/geral\/wp-content\/uploads\/sites\/4\/2025\/06\/enem-dos-concursos-1.jpg?resize=525%2C300&ssl=1 1.5x, https:\/\/i0.wp.com\/www.jornalja.com.br\/geral\/wp-content\/uploads\/sites\/4\/2025\/06\/enem-dos-concursos-1.jpg?resize=700%2C400&ssl=1 2x, https:\/\/i0.wp.com\/www.jornalja.com.br\/geral\/wp-content\/uploads\/sites\/4\/2025\/06\/enem-dos-concursos-1.jpg?resize=1050%2C600&ssl=1 3x"},"classes":[]}],"jetpack_sharing_enabled":true,"_links":{"self":[{"href":"https:\/\/www.jornalja.com.br\/geral\/wp-json\/wp\/v2\/posts\/99964","targetHints":{"allow":["GET"]}}],"collection":[{"href":"https:\/\/www.jornalja.com.br\/geral\/wp-json\/wp\/v2\/posts"}],"about":[{"href":"https:\/\/www.jornalja.com.br\/geral\/wp-json\/wp\/v2\/types\/post"}],"author":[{"embeddable":true,"href":"https:\/\/www.jornalja.com.br\/geral\/wp-json\/wp\/v2\/users\/4"}],"replies":[{"embeddable":true,"href":"https:\/\/www.jornalja.com.br\/geral\/wp-json\/wp\/v2\/comments?post=99964"}],"version-history":[{"count":2,"href":"https:\/\/www.jornalja.com.br\/geral\/wp-json\/wp\/v2\/posts\/99964\/revisions"}],"predecessor-version":[{"id":99967,"href":"https:\/\/www.jornalja.com.br\/geral\/wp-json\/wp\/v2\/posts\/99964\/revisions\/99967"}],"wp:featuredmedia":[{"embeddable":true,"href":"https:\/\/www.jornalja.com.br\/geral\/wp-json\/wp\/v2\/media\/99965"}],"wp:attachment":[{"href":"https:\/\/www.jornalja.com.br\/geral\/wp-json\/wp\/v2\/media?parent=99964"}],"wp:term":[{"taxonomy":"category","embeddable":true,"href":"https:\/\/www.jornalja.com.br\/geral\/wp-json\/wp\/v2\/categories?post=99964"},{"taxonomy":"post_tag","embeddable":true,"href":"https:\/\/www.jornalja.com.br\/geral\/wp-json\/wp\/v2\/tags?post=99964"}],"curies":[{"name":"wp","href":"https:\/\/api.w.org\/{rel}","templated":true}]}}